{"id":13306,"date":"2026-03-11T04:25:00","date_gmt":"2026-03-11T07:25:00","guid":{"rendered":"https:\/\/noticiasregionais.com.br\/?p=13306"},"modified":"2026-03-11T04:25:00","modified_gmt":"2026-03-11T07:25:00","slug":"projeto-com-regras-para-o-funcionamento-de-farmacias-em-supermercados-vai-a-sancao-presidencial","status":"publish","type":"post","link":"https:\/\/noticiasregionais.com.br\/?p=13306","title":{"rendered":"Projeto com regras para o funcionamento de farm\u00e1cias em supermercados vai \u00e0 san\u00e7\u00e3o presidencial"},"content":{"rendered":"<p>\t\t\t\t\t\t\t\t\t\t\t<audio controls class=\"b61_audio_player\" data-noticia=\"88251\" src=\"https:\/\/brasil61.com\/rails\/active_storage\/blobs\/eyJfcmFpbHMiOnsibWVzc2FnZSI6IkJBaHBBMHNEQkE9PSIsImV4cCI6bnVsbCwicHVyIjoiYmxvYl9pZCJ9fQ==--024e04053a42edf2400d449d0de58a939e46c665\/BRAS2616030A\"><\/audio><\/p>\n<p>Depois de aprovado pelo Congresso Nacional na \u00faltima semana, o <a href=\"https:\/\/www25.senado.leg.br\/web\/atividade\/materias\/-\/materia\/157114\" target=\"_blank\" rel=\"noopener\">Projeto de Lei 2.158\/2023<\/a>, que <strong>prev\u00ea regras para o funcionamento de farm\u00e1cias em supermercados<\/strong>, <strong>aguarda a san\u00e7\u00e3o do presidente<\/strong> Luiz In\u00e1cio Lula da Silva (PT).<\/p>\n<p>De autoria do senador Efraim Filho (Uni\u00e3o &#8211; PB), o texto <strong>permite que sejam instaladas farm\u00e1cias nas \u00e1reas de vendas de supermercados<\/strong>, desde que <strong>haja espa\u00e7o delimitado e exclusivo para a atividade, com presen\u00e7a obrigat\u00f3ria de profissional farmac\u00eautico e seguindo as exig\u00eancias legais e sanit\u00e1rias<\/strong>.<\/p>\n<p>O projeto <strong>pro\u00edbe a venda de medicamentos em bancadas ou g\u00f4ndolas fora do local destinado para a farm\u00e1cia<\/strong> no estabelecimento.<\/p>\n<p>Com informa\u00e7\u00f5es da Ag\u00eancia Senado.<\/p>\n<p>\t\t\t\t\t\t\t\t\t\t<img decoding=\"async\" src=\"https:\/\/brasil61.com\/api\/v1\/serve_pixel\/22254\/88251\" alt=\"Pixel Brasil 61\" class=\"b61_pixel\" width=\"0\" height=\"0\"><\/p>\n<div class=\"br61_backlink\">\n<p>\n\t\t\t\tFonte: <a href=\"https:\/\/brasil61.com\/projeto-com-regras-para-o-funcionamento-de-farmacias-em-supermercados-vai-a-sancao-presidencial-bras2616030\" title=\"Artigo Original: Projeto com regras para o funcionamento de farm\u00e1cias em supermercados vai \u00e0 san\u00e7\u00e3o presidencial\" target=\"_blank\" rel=\"noopener\">Brasil 61<\/a>\n\t\t\t<\/p>\n<\/p><\/div>\n<input type=\"hidden\" id=\"baseurl\" value=\"https:\/\/noticiasregionais.com.br\"><input type=\"hidden\" id=\"audio_nonce\" value=\"5c13e0637f\">","protected":false},"excerpt":{"rendered":"<p>Aprovada no Congresso, iniciativa prev\u00ea a necessidade da presen\u00e7a obrigat\u00f3ria de um farmac\u00eautico no espa\u00e7o e pro\u00edbe a venda de medicamentos fora da \u00e1rea da farm\u00e1cia<\/p>\n","protected":false},"author":1,"featured_media":13307,"comment_status":"","ping_status":"open","sticky":false,"template":"","format":"standard","meta":{"sfsi_plus_gutenberg_text_before_share":"","sfsi_plus_gutenberg_show_text_before_share":"","sfsi_plus_gutenberg_icon_type":"","sfsi_plus_gutenberg_icon_alignemt":"","sfsi_plus_gutenburg_max_per_row":"","footnotes":""},"categories":[8],"tags":[],"class_list":["post-13306","post","type-post","status-publish","format-standard","has-post-thumbnail","hentry","category-brasil"],"_links":{"self":[{"href":"https:\/\/noticiasregionais.com.br\/index.php?rest_route=\/wp\/v2\/posts\/13306","targetHints":{"allow":["GET"]}}],"collection":[{"href":"https:\/\/noticiasregionais.com.br\/index.php?rest_route=\/wp\/v2\/posts"}],"about":[{"href":"https:\/\/noticiasregionais.com.br\/index.php?rest_route=\/wp\/v2\/types\/post"}],"author":[{"embeddable":true,"href":"https:\/\/noticiasregionais.com.br\/index.php?rest_route=\/wp\/v2\/users\/1"}],"replies":[{"embeddable":true,"href":"https:\/\/noticiasregionais.com.br\/index.php?rest_route=%2Fwp%2Fv2%2Fcomments&post=13306"}],"version-history":[{"count":0,"href":"https:\/\/noticiasregionais.com.br\/index.php?rest_route=\/wp\/v2\/posts\/13306\/revisions"}],"wp:featuredmedia":[{"embeddable":true,"href":"https:\/\/noticiasregionais.com.br\/index.php?rest_route=\/wp\/v2\/media\/13307"}],"wp:attachment":[{"href":"https:\/\/noticiasregionais.com.br\/index.php?rest_route=%2Fwp%2Fv2%2Fmedia&parent=13306"}],"wp:term":[{"taxonomy":"category","embeddable":true,"href":"https:\/\/noticiasregionais.com.br\/index.php?rest_route=%2Fwp%2Fv2%2Fcategories&post=13306"},{"taxonomy":"post_tag","embeddable":true,"href":"https:\/\/noticiasregionais.com.br\/index.php?rest_route=%2Fwp%2Fv2%2Ftags&post=13306"}],"curies":[{"name":"wp","href":"https:\/\/api.w.org\/{rel}","templated":true}]}}