{"id":13308,"date":"2026-03-11T04:45:00","date_gmt":"2026-03-11T07:45:00","guid":{"rendered":"https:\/\/noticiasregionais.com.br\/?p=13308"},"modified":"2026-03-12T15:31:25","modified_gmt":"2026-03-12T18:31:25","slug":"carreta-digital-leva-formacao-tecnologica-gratuita-para-1-500-alunos-de-baixa-renda-de-rio-grande","status":"publish","type":"post","link":"https:\/\/noticiasregionais.com.br\/?p=13308","title":{"rendered":"Carreta Digital leva forma\u00e7\u00e3o tecnol\u00f3gica gratuita para 1.500 alunos de baixa renda de Rio Grande"},"content":{"rendered":"<p>\t\t\t\t\t\t\t\t\t\t<audio controls class=\"b61_audio_player\" data-noticia=\"88252\" src=\"https:\/\/brasil61.com\/rails\/active_storage\/blobs\/eyJfcmFpbHMiOnsibWVzc2FnZSI6IkJBaHBBMUVEQkE9PSIsImV4cCI6bnVsbCwicHVyIjoiYmxvYl9pZCJ9fQ==--6ff7c817c1fd96e8c5a3bb46ca3eb745e63418fb\/MCOM260331A\"><\/audio><\/p>\n<p>Estudantes de baixa renda do munic\u00edpio de Rio Grande (RS) j\u00e1 podem realizar cursos de capacita\u00e7\u00e3o tecnol\u00f3gica de forma gratuita pela Carreta Digital. A a\u00e7\u00e3o coordenada pelo <a href=\"https:\/\/www.gov.br\/mcom\/pt-br\" target=\"_blank\" rel=\"noopener\">Minist\u00e9rio das Comunica\u00e7\u00f5es<\/a> e executada pela <a href=\"https:\/\/www.rbcip.org\/\" target=\"_blank\" rel=\"noopener\">Rede Brasileira de Certifica\u00e7\u00e3o, Pesquisa e Inova\u00e7\u00e3o (RBCIP)<\/a>, em parceria com a prefeitura municipal, oferece forma\u00e7\u00e3o em tr\u00eas atividades:<\/p>\n<ul>\n<li>Rob\u00f3tica;<\/li>\n<li>Manuten\u00e7\u00e3o de Celulares; e<\/li>\n<li>Montagem e Configura\u00e7\u00e3o de Computadores de Alto Desempenho (PC Gamer).<\/li>\n<\/ul>\n<p>Estacionado na Pra\u00e7a Saraiva desde fevereiro, o ve\u00edculo j\u00e1 atendeu centenas de alunos do 7\u00ba ao 9\u00ba ano do ensino fundamental na fase experimental. Ap\u00f3s amplia\u00e7\u00e3o do servi\u00e7o para estudantes das demais s\u00e9ries da etapa, mais de 1.500 jovens de 32 escolas devem ser beneficiados pelo programa at\u00e9 julho deste ano.<\/p>\n<p>O ministro das Comunica\u00e7\u00f5es, Frederico de Siqueira Filho, afirma que o objetivo da Carreta Digital \u00e9 democratizar o acesso \u00e0 educa\u00e7\u00e3o tecnol\u00f3gica e facilitar o acesso desses jovens ao primeiro emprego. \u201cIsso \u00e9 uma oportunidade que o Governo Federal est\u00e1 dando para que essas crian\u00e7as possam se inserir nesse contexto de capacita\u00e7\u00e3o na \u00e1rea de tecnologia, rob\u00f3tica, desenvolvimento de jogos e, com isso, facilitar a entrada dessa crian\u00e7ada no mercado de trabalho\u201d, ressalta.<\/p>\n<p>\u201cO projeto contribui para a redu\u00e7\u00e3o de desigualdades educacionais, promove o acesso igualit\u00e1rio \u00e0 forma\u00e7\u00e3o de qualidade e o empoderamento econ\u00f4mico, j\u00e1 que os alunos s\u00e3o preparados para profiss\u00f5es com melhor remunera\u00e7\u00e3o. Al\u00e9m disso, o modelo itinerante alcan\u00e7a regi\u00f5es historicamente negligenciadas&#8221;, completa o ministro.<\/p>\n<p>Aline Marcon, coordenadora executiva do projeto, pontua a import\u00e2ncia do alcance da Carreta Digital, lan\u00e7ada em 2024, que j\u00e1 capacitou mais de 11 mil jovens em v\u00e1rios estados. \u201cO programa tem grande potencial de escalabilidade. A parceria entre Minist\u00e9rio das Comunica\u00e7\u00f5es, RBCIP e prefeituras locais, como a de Rio Grande, cria um modelo replic\u00e1vel que pode ser expandido para outras regi\u00f5es. A meta atual \u00e9 certificar mais de 20 mil alunos em todo o Brasil&#8221;, destaca.<\/p>\n<h2>Funcionamento<\/h2>\n<p>Cada curso tem dura\u00e7\u00e3o de uma semana e atende, em m\u00e9dia, entre 100 e 120 estudantes divididos em quatro turmas. A RBCIP aplica as aulas enquanto a Secretaria da Educa\u00e7\u00e3o (SMEd) local organiza os meios de deslocamento dos estudantes, com 4 hor\u00e1rios de atendimento:<\/p>\n<ul>\n<li>8h \u00e0s 10h;<\/li>\n<li>10h \u00e0s 12h;<\/li>\n<li>13h30\u00a0\u00e0s 15h30; e<\/li>\n<li>15h30\u00a0\u00e0s 17h30.<\/li>\n<\/ul>\n<p>Todos os estudantes que concluem os cursos recebem certificados.<\/p>\n<h2>Carteira Digital<\/h2>\n<p>A Carreta Digital do Minist\u00e9rio das Comunica\u00e7\u00f5es tem percorrido diversas regi\u00f5es do Brasil, possibilitando aulas presenciais em locais que frequentemente t\u00eam pouco ou nenhum acesso a recursos educacionais tecnol\u00f3gicos. Al\u00e9m dos cursos oferecidos para os alunos de Rio Grande, outras localidades tamb\u00e9m contam com programa\u00e7\u00e3o em Python e desenvolvimento de jogos, que integram a proposta mais ampla da Carreta Digital.<\/p>\n<p>Com o objetivo de certificar mais de 20 mil alunos, o projeto reafirma o compromisso da RBCIP e do Minist\u00e9rio das Comunica\u00e7\u00f5es com a inclus\u00e3o digital e a forma\u00e7\u00e3o profissional de jovens brasileiros.<br \/>\n\u00a0<\/p>\n<p>\t\t\t\t\t\t\t\t\t<img decoding=\"async\" src=\"https:\/\/brasil61.com\/api\/v1\/serve_pixel\/22254\/88252\" alt=\"Pixel Brasil 61\" class=\"b61_pixel\" width=\"0\" height=\"0\"><\/p>\n<div class=\"br61_backlink\">\n<p>\n\t\t\t\tFonte: <a href=\"https:\/\/brasil61.com\/carreta-digital-leva-formacao-tecnologica-gratuita-para-1-500-alunos-de-baixa-renda-de-rio-grande-mcom260331\" title=\"Artigo Original: Carreta Digital leva forma\u00e7\u00e3o tecnol\u00f3gica gratuita para 1.500 alunos de baixa renda de Rio Grande\" target=\"_blank\" rel=\"noopener\">Brasil 61<\/a>\n\t\t\t<\/p>\n<\/p><\/div>\n<input type=\"hidden\" id=\"baseurl\" value=\"https:\/\/noticiasregionais.com.br\"><input type=\"hidden\" id=\"audio_nonce\" value=\"5c13e0637f\">","protected":false},"excerpt":{"rendered":"<p>Projeto do MCom democratiza o acesso \u00e0 educa\u00e7\u00e3o tecnol\u00f3gica, prepara jovens para profiss\u00f5es com melhores remunera\u00e7\u00f5es e contribui para redu\u00e7\u00e3o de desigualdades socioeducacionais<\/p>\n","protected":false},"author":1,"featured_media":13323,"comment_status":"closed","ping_status":"open","sticky":false,"template":"","format":"standard","meta":{"sfsi_plus_gutenberg_text_before_share":"","sfsi_plus_gutenberg_show_text_before_share":"","sfsi_plus_gutenberg_icon_type":"","sfsi_plus_gutenberg_icon_alignemt":"","sfsi_plus_gutenburg_max_per_row":"","footnotes":""},"categories":[8],"tags":[],"class_list":["post-13308","post","type-post","status-publish","format-standard","has-post-thumbnail","hentry","category-brasil"],"_links":{"self":[{"href":"https:\/\/noticiasregionais.com.br\/index.php?rest_route=\/wp\/v2\/posts\/13308","targetHints":{"allow":["GET"]}}],"collection":[{"href":"https:\/\/noticiasregionais.com.br\/index.php?rest_route=\/wp\/v2\/posts"}],"about":[{"href":"https:\/\/noticiasregionais.com.br\/index.php?rest_route=\/wp\/v2\/types\/post"}],"author":[{"embeddable":true,"href":"https:\/\/noticiasregionais.com.br\/index.php?rest_route=\/wp\/v2\/users\/1"}],"replies":[{"embeddable":true,"href":"https:\/\/noticiasregionais.com.br\/index.php?rest_route=%2Fwp%2Fv2%2Fcomments&post=13308"}],"version-history":[{"count":1,"href":"https:\/\/noticiasregionais.com.br\/index.php?rest_route=\/wp\/v2\/posts\/13308\/revisions"}],"predecessor-version":[{"id":13322,"href":"https:\/\/noticiasregionais.com.br\/index.php?rest_route=\/wp\/v2\/posts\/13308\/revisions\/13322"}],"wp:featuredmedia":[{"embeddable":true,"href":"https:\/\/noticiasregionais.com.br\/index.php?rest_route=\/wp\/v2\/media\/13323"}],"wp:attachment":[{"href":"https:\/\/noticiasregionais.com.br\/index.php?rest_route=%2Fwp%2Fv2%2Fmedia&parent=13308"}],"wp:term":[{"taxonomy":"category","embeddable":true,"href":"https:\/\/noticiasregionais.com.br\/index.php?rest_route=%2Fwp%2Fv2%2Fcategories&post=13308"},{"taxonomy":"post_tag","embeddable":true,"href":"https:\/\/noticiasregionais.com.br\/index.php?rest_route=%2Fwp%2Fv2%2Ftags&post=13308"}],"curies":[{"name":"wp","href":"https:\/\/api.w.org\/{rel}","templated":true}]}}