{"id":13314,"date":"2026-03-12T04:00:00","date_gmt":"2026-03-12T07:00:00","guid":{"rendered":"https:\/\/noticiasregionais.com.br\/?p=13314"},"modified":"2026-03-12T04:00:00","modified_gmt":"2026-03-12T07:00:00","slug":"cafe-hoje-confira-as-cotacoes-para-esta-quinta-feira-12-2","status":"publish","type":"post","link":"https:\/\/noticiasregionais.com.br\/?p=13314","title":{"rendered":"Caf\u00e9 hoje: confira as cota\u00e7\u00f5es para esta quinta-feira (12)"},"content":{"rendered":"<p>\t\t\t\t\t\t\t\t\t\t\t<audio controls class=\"b61_audio_player\" data-noticia=\"88268\" src=\"https:\/\/brasil61.com\/rails\/active_storage\/blobs\/eyJfcmFpbHMiOnsibWVzc2FnZSI6IkJBaHBBNzREQkE9PSIsImV4cCI6bnVsbCwicHVyIjoiYmxvYl9pZCJ9fQ==--ff52b0ca1e935e3675185e6281cdc5a425ced398\/PAGR266159A\"><\/audio><\/p>\n<p>O pre\u00e7o do <b>caf\u00e9 ar\u00e1bica <\/b>nesta quinta-feira (12) registra <b>baixa<\/b> e a saca de 60 kg \u00e9 negociada por<b> R$ 1.872,75, na cidade de S\u00e3o Paulo.<\/b><\/p>\n<\/p>\n<p><b>INDICADOR DO CAF\u00c9 AR\u00c1BICA CEPEA\/ESALQ<\/b><\/p>\n<table>\n<thead>\n<tr>\n<th>Data<\/th>\n<th>Valor R$<\/th>\n<th>Var.\/Dia<\/th>\n<th>Var.\/M\u00eas<\/th>\n<th>Valor US$<\/th>\n<\/tr>\n<\/thead>\n<tbody>\n<tr>\n<td>11\/03\/2026<\/td>\n<td>1.872,75<\/td>\n<td>-2,39%<\/td>\n<td>4,18%<\/td>\n<td>362,66<\/td>\n<\/tr>\n<tr>\n<td>10\/03\/2026<\/td>\n<td>1.918,60<\/td>\n<td>-0,56%<\/td>\n<td>6,73%<\/td>\n<td>371,75<\/td>\n<\/tr>\n<tr>\n<td>09\/03\/2026<\/td>\n<td>1.929,37<\/td>\n<td>0,85%<\/td>\n<td>7,33%<\/td>\n<td>373,04<\/td>\n<\/tr>\n<tr>\n<td>06\/03\/2026<\/td>\n<td>1.913,12<\/td>\n<td>2,04%<\/td>\n<td>6,43%<\/td>\n<td>364,40<\/td>\n<\/tr>\n<tr>\n<td>05\/03\/2026<\/td>\n<td>1.874,79<\/td>\n<td>0,80%<\/td>\n<td>4,29%<\/td>\n<td>354,94<\/td>\n<\/tr>\n<\/tbody>\n<\/table>\n<p>O <strong>caf\u00e9 robusta <\/strong>apresentou <strong>desvaloriza\u00e7\u00e3o de 3,67%<\/strong> e est\u00e1 sendo negociado a <strong>R$ 998,97<\/strong>.<\/p>\n<p>\n<strong>INDICADOR DO CAF\u00c9 ROBUSTA CEPEA\/ESALQ<\/strong><\/p>\n<table>\n<thead>\n<tr>\n<th>Data<\/th>\n<th>Valor R$<\/th>\n<th>Var.\/Dia<\/th>\n<th>Var.\/M\u00eas<\/th>\n<th>Valor US$<\/th>\n<\/tr>\n<\/thead>\n<tbody>\n<tr>\n<td>11\/03\/2026<\/td>\n<td>998,97<\/td>\n<td>-3,67%<\/td>\n<td>-3,27%<\/td>\n<td>193,45<\/td>\n<\/tr>\n<tr>\n<td>10\/03\/2026<\/td>\n<td>1.037,08<\/td>\n<td>-2,81%<\/td>\n<td>0,42%<\/td>\n<td>200,95<\/td>\n<\/tr>\n<tr>\n<td>09\/03\/2026<\/td>\n<td>1.067,07<\/td>\n<td>-0,34%<\/td>\n<td>3,32%<\/td>\n<td>206,32<\/td>\n<\/tr>\n<tr>\n<td>06\/03\/2026<\/td>\n<td>1.070,68<\/td>\n<td>0,48%<\/td>\n<td>3,67%<\/td>\n<td>203,94<\/td>\n<\/tr>\n<tr>\n<td>05\/03\/2026<\/td>\n<td>1.065,57<\/td>\n<td>-0,22%<\/td>\n<td>3,18%<\/td>\n<td>201,74<\/td>\n<\/tr>\n<\/tbody>\n<\/table>\n<h2>A\u00e7\u00facar<\/h2>\n<p>O pre\u00e7o do<b> a\u00e7\u00facar cristal <\/b>apresenta<b> varia\u00e7\u00e3o <\/b>nas principais pra\u00e7as do estado de S\u00e3o Paulo. Na capital, a saca de 50 kg registra<b> baixa de 1,26%, cotada a R$ 97,28.<\/b><\/p>\n<p><b>INDICADOR DO A\u00c7\u00daCAR CRISTAL BRANCO CEPEA\/ESALQ &#8211; S\u00c3O PAULO<\/b><\/p>\n<table>\n<thead>\n<tr>\n<th>Data<\/th>\n<th>Valor R$*<\/th>\n<th>Var.\/Dia<\/th>\n<th>Var.\/M\u00eas<\/th>\n<th>Valor US$*<\/th>\n<\/tr>\n<\/thead>\n<tbody>\n<tr>\n<td>11\/03\/2026<\/td>\n<td>97,28<\/td>\n<td>-1,26%<\/td>\n<td>-1,33%<\/td>\n<td>18,84<\/td>\n<\/tr>\n<tr>\n<td>10\/03\/2026<\/td>\n<td>98,52<\/td>\n<td>0,21%<\/td>\n<td>-0,07%<\/td>\n<td>19,09<\/td>\n<\/tr>\n<tr>\n<td>09\/03\/2026<\/td>\n<td>98,31<\/td>\n<td>0,96%<\/td>\n<td>-0,28%<\/td>\n<td>19,01<\/td>\n<\/tr>\n<tr>\n<td>06\/03\/2026<\/td>\n<td>97,38<\/td>\n<td>-0,25%<\/td>\n<td>-1,23%<\/td>\n<td>18,55<\/td>\n<\/tr>\n<tr>\n<td>05\/03\/2026<\/td>\n<td>97,62<\/td>\n<td>-0,62%<\/td>\n<td>-0,98%<\/td>\n<td>18,48<\/td>\n<\/tr>\n<\/tbody>\n<\/table>\n<p>Em Santos (SP), a mercadoria \u00e9 negociada a<strong> R$ 107,62<\/strong>; a cota\u00e7\u00e3o m\u00e9dia apresenta <strong>eleva\u00e7\u00e3o de 0,71%<\/strong>.<\/p>\n<p><strong>INDICADOR A\u00c7\u00daCAR CRISTAL &#8211; SANTOS\u00a0<\/strong><\/p>\n<table>\n<thead>\n<tr>\n<th>Data<\/th>\n<th>Valor R$*<\/th>\n<th>Var.\/Dia<\/th>\n<th>Var.\/M\u00eas<\/th>\n<th>Valor US$*<\/th>\n<\/tr>\n<\/thead>\n<tbody>\n<tr>\n<td>11\/03\/2026<\/td>\n<td>107,62<\/td>\n<td>0,71%<\/td>\n<td>0,48%<\/td>\n<td>20,86<\/td>\n<\/tr>\n<tr>\n<td>10\/03\/2026<\/td>\n<td>106,86<\/td>\n<td>-4,08%<\/td>\n<td>-0,23%<\/td>\n<td>20,70<\/td>\n<\/tr>\n<tr>\n<td>09\/03\/2026<\/td>\n<td>111,40<\/td>\n<td>2,82%<\/td>\n<td>4,01%<\/td>\n<td>21,37<\/td>\n<\/tr>\n<tr>\n<td>06\/03\/2026<\/td>\n<td>108,34<\/td>\n<td>2,23%<\/td>\n<td>1,15%<\/td>\n<td>20,49<\/td>\n<\/tr>\n<tr>\n<td>05\/03\/2026<\/td>\n<td>105,98<\/td>\n<td>3,59%<\/td>\n<td>-1,05%<\/td>\n<td>20,21<\/td>\n<\/tr>\n<\/tbody>\n<\/table>\n<h2>Milho<\/h2>\n<p>A saca de 60 kg do<b> milho <\/b>\u00e9 negociada a<b> R$ 71,32<\/b>, com<b> alta de 0,32%.<\/b><\/p>\n<p><b>INDICADOR DO MILHO ESALQ\/BM&amp;FBOVESPA<\/b><\/p>\n<table>\n<thead>\n<tr>\n<th>Data<\/th>\n<th>Valor R$*<\/th>\n<th>Var.\/Dia<\/th>\n<th>Var.\/M\u00eas<\/th>\n<th>Valor US$*<\/th>\n<\/tr>\n<\/thead>\n<tbody>\n<tr>\n<td>11\/03\/2026<\/td>\n<td>71,32<\/td>\n<td>0,32%<\/td>\n<td>2,57%<\/td>\n<td>13,81<\/td>\n<\/tr>\n<tr>\n<td>10\/03\/2026<\/td>\n<td>71,09<\/td>\n<td>0,65%<\/td>\n<td>2,24%<\/td>\n<td>13,77<\/td>\n<\/tr>\n<tr>\n<td>09\/03\/2026<\/td>\n<td>70,63<\/td>\n<td>0,10%<\/td>\n<td>1,58%<\/td>\n<td>13,66<\/td>\n<\/tr>\n<tr>\n<td>06\/03\/2026<\/td>\n<td>70,56<\/td>\n<td>0,46%<\/td>\n<td>1,48%<\/td>\n<td>13,44<\/td>\n<\/tr>\n<tr>\n<td>05\/03\/2026<\/td>\n<td>70,24<\/td>\n<td>0,01%<\/td>\n<td>1,02%<\/td>\n<td>13,30<\/td>\n<\/tr>\n<\/tbody>\n<\/table>\n<p>Os dados s\u00e3o do <a href=\"https:\/\/www.cepea.org.br\/br\/indicador\/milho.aspx\" target=\"_blank\" rel=\"noopener\">Cepea<\/a>.<\/p>\n<h2>Diferen\u00e7a entre caf\u00e9 ar\u00e1bica e caf\u00e9 robusta: caracter\u00edsticas, uso e regi\u00f5es produtoras<\/h2>\n<p>Caf\u00e9 ar\u00e1bica e caf\u00e9 robusta s\u00e3o as duas principais variedades cultivadas e comercializadas no Brasil, ambas medidas em sacas de 60 kg.<\/p>\n<ul>\n<li>O caf\u00e9 ar\u00e1bica (conhecido tamb\u00e9m como caf\u00e9 Conilon, em algumas regi\u00f5es) tem sabor mais suave, menor teor de cafe\u00edna e alta qualidade sensorial, sendo preferido em cafeterias especializadas e nas exporta\u00e7\u00f5es de caf\u00e9s premium. Representa cerca de 70% da produ\u00e7\u00e3o brasileira, com destaque para estados como Minas Gerais e S\u00e3o Paulo.<\/li>\n<li>O caf\u00e9 robusta, por sua vez, possui sabor mais amargo, maior concentra\u00e7\u00e3o de cafe\u00edna e corpo mais intenso. \u00c9 amplamente utilizado na produ\u00e7\u00e3o de caf\u00e9 sol\u00favel e blends comerciais. Seus principais polos produtores s\u00e3o o Esp\u00edrito Santo e Rond\u00f4nia, e seu pre\u00e7o costuma ser mais baixo em compara\u00e7\u00e3o ao ar\u00e1bica, por conta do perfil mais industrial.<\/li>\n<\/ul>\n<h2>Como \u00e9 calculada a saca de a\u00e7\u00facar cristal?<\/h2>\n<p>A saca de a\u00e7\u00facar cristal no Brasil \u00e9 padronizada em 50 quilos, especialmente para comercializa\u00e7\u00e3o no mercado atacadista e para uso na ind\u00fastria aliment\u00edcia. Essa unidade de medida \u00e9 adotada pelo <a href=\"https:\/\/www.cepea.org.br\/br\/indicador\/milho.aspx\" target=\"_blank\" rel=\"noopener\">Cepea\/Esalq-USP<\/a>, principal fonte de cota\u00e7\u00f5es di\u00e1rias do a\u00e7\u00facar cristal no pa\u00eds.<\/p>\n<h2>Qual o peso da saca de milho no Brasil?<\/h2>\n<p>A saca de milho equivale a 60 kg de gr\u00e3os, mesmo padr\u00e3o utilizado para soja e trigo. Essa medida \u00e9 oficializada por institui\u00e7\u00f5es como a <strong>Companhia Nacional de Abastecimento<\/strong> (<a href=\"https:\/\/www.gov.br\/conab\/pt-br\" target=\"_blank\" rel=\"noopener\">Conab<\/a>), o <strong>Minist\u00e9rio da Agricultura <\/strong>(<a href=\"https:\/\/www.gov.br\/agricultura\/pt-br\" target=\"_blank\" rel=\"noopener\">MAPA<\/a>) e o <a href=\"https:\/\/www.cepea.org.br\/br\/indicador\/milho.aspx\" target=\"_blank\" rel=\"noopener\">Cepea<\/a>, sendo amplamente usada em negocia\u00e7\u00f5es e relat\u00f3rios de pre\u00e7o do milho.<\/p>\n<p>\u00a0<\/p>\n<p>\t\t\t\t\t\t\t\t\t\t<img decoding=\"async\" src=\"https:\/\/brasil61.com\/api\/v1\/serve_pixel\/22254\/88268\" alt=\"Pixel Brasil 61\" class=\"b61_pixel\" width=\"0\" height=\"0\"><\/p>\n<div class=\"br61_backlink\">\n<p>\n\t\t\t\tFonte: <a href=\"https:\/\/brasil61.com\/cafe-hoje-confira-as-cotacoes-para-esta-quinta-feira-12-pagr266159\" title=\"Artigo Original: Caf\u00e9 hoje: confira as cota\u00e7\u00f5es para esta quinta-feira (12) \" target=\"_blank\" rel=\"noopener\">Brasil 61<\/a>\n\t\t\t<\/p>\n<\/p><\/div>\n<input type=\"hidden\" id=\"baseurl\" value=\"https:\/\/noticiasregionais.com.br\"><input type=\"hidden\" id=\"audio_nonce\" value=\"533fbb67b1\">","protected":false},"excerpt":{"rendered":"<p>Veja os valores do caf\u00e9 ar\u00e1bica, caf\u00e9 robusta, a\u00e7\u00facar cristal e do milho no mercado<\/p>\n","protected":false},"author":1,"featured_media":13315,"comment_status":"","ping_status":"open","sticky":false,"template":"","format":"standard","meta":{"sfsi_plus_gutenberg_text_before_share":"","sfsi_plus_gutenberg_show_text_before_share":"","sfsi_plus_gutenberg_icon_type":"","sfsi_plus_gutenberg_icon_alignemt":"","sfsi_plus_gutenburg_max_per_row":"","footnotes":""},"categories":[8],"tags":[],"class_list":["post-13314","post","type-post","status-publish","format-standard","has-post-thumbnail","hentry","category-brasil"],"_links":{"self":[{"href":"https:\/\/noticiasregionais.com.br\/index.php?rest_route=\/wp\/v2\/posts\/13314","targetHints":{"allow":["GET"]}}],"collection":[{"href":"https:\/\/noticiasregionais.com.br\/index.php?rest_route=\/wp\/v2\/posts"}],"about":[{"href":"https:\/\/noticiasregionais.com.br\/index.php?rest_route=\/wp\/v2\/types\/post"}],"author":[{"embeddable":true,"href":"https:\/\/noticiasregionais.com.br\/index.php?rest_route=\/wp\/v2\/users\/1"}],"replies":[{"embeddable":true,"href":"https:\/\/noticiasregionais.com.br\/index.php?rest_route=%2Fwp%2Fv2%2Fcomments&post=13314"}],"version-history":[{"count":0,"href":"https:\/\/noticiasregionais.com.br\/index.php?rest_route=\/wp\/v2\/posts\/13314\/revisions"}],"wp:featuredmedia":[{"embeddable":true,"href":"https:\/\/noticiasregionais.com.br\/index.php?rest_route=\/wp\/v2\/media\/13315"}],"wp:attachment":[{"href":"https:\/\/noticiasregionais.com.br\/index.php?rest_route=%2Fwp%2Fv2%2Fmedia&parent=13314"}],"wp:term":[{"taxonomy":"category","embeddable":true,"href":"https:\/\/noticiasregionais.com.br\/index.php?rest_route=%2Fwp%2Fv2%2Fcategories&post=13314"},{"taxonomy":"post_tag","embeddable":true,"href":"https:\/\/noticiasregionais.com.br\/index.php?rest_route=%2Fwp%2Fv2%2Ftags&post=13314"}],"curies":[{"name":"wp","href":"https:\/\/api.w.org\/{rel}","templated":true}]}}