{"id":13316,"date":"2026-03-12T04:05:00","date_gmt":"2026-03-12T07:05:00","guid":{"rendered":"https:\/\/noticiasregionais.com.br\/?p=13316"},"modified":"2026-03-12T04:05:00","modified_gmt":"2026-03-12T07:05:00","slug":"boi-gordo-hoje-confira-as-cotacoes-para-esta-quinta-feira-12-3","status":"publish","type":"post","link":"https:\/\/noticiasregionais.com.br\/?p=13316","title":{"rendered":"Boi gordo hoje: confira as cota\u00e7\u00f5es para esta\u00a0quinta-feira (12)"},"content":{"rendered":"<p>\t\t\t\t\t\t\t\t\t\t\t<audio controls class=\"b61_audio_player\" data-noticia=\"88269\" src=\"https:\/\/brasil61.com\/rails\/active_storage\/blobs\/eyJfcmFpbHMiOnsibWVzc2FnZSI6IkJBaHBBNzhEQkE9PSIsImV4cCI6bnVsbCwicHVyIjoiYmxvYl9pZCJ9fQ==--fd805cfbbd821a6f4da8b49018510d8441c4bdb1\/PAGR266160A\"><\/audio><\/p>\n<p>O pre\u00e7o do<b> boi gordo <\/b>nesta quinta-feira (12) apresenta<b> alta<\/b>; a arroba est\u00e1 sendo negociada a<b> R$ 347,25, no estado de S\u00e3o Paulo.\u00a0<\/b><\/p>\n<\/p>\n<p>\n<b>INDICADOR DO BOI GORDO CEPEA\/ESALQ<\/b><\/p>\n<table>\n<thead>\n<tr>\n<th>Data<\/th>\n<th>Valor R$*<\/th>\n<th>Var.\/Dia<\/th>\n<th>Var.\/M\u00eas<\/th>\n<th>Valor US$*<\/th>\n<\/tr>\n<\/thead>\n<tbody>\n<tr>\n<td>11\/03\/2026<\/td>\n<td>347,25<\/td>\n<td>0,13%<\/td>\n<td>-1,67%<\/td>\n<td>67,24<\/td>\n<\/tr>\n<tr>\n<td>10\/03\/2026<\/td>\n<td>346,80<\/td>\n<td>-0,17%<\/td>\n<td>-1,80%<\/td>\n<td>67,20<\/td>\n<\/tr>\n<tr>\n<td>09\/03\/2026<\/td>\n<td>347,40<\/td>\n<td>0,39%<\/td>\n<td>-1,63%<\/td>\n<td>67,17<\/td>\n<\/tr>\n<tr>\n<td>06\/03\/2026<\/td>\n<td>346,05<\/td>\n<td>-0,36%<\/td>\n<td>-2,01%<\/td>\n<td>65,91<\/td>\n<\/tr>\n<tr>\n<td>05\/03\/2026<\/td>\n<td>347,30<\/td>\n<td>-0,39%<\/td>\n<td>-1,66%<\/td>\n<td>65,75<\/td>\n<\/tr>\n<\/tbody>\n<\/table>\n<p>Na Grande S\u00e3o Paulo, em S\u00e3o Jos\u00e9 do Rio Preto e em Descalvado, os pre\u00e7os do <strong>frango <\/strong>apresentam <strong>estabilidade <\/strong>pelo segundo dia consecutivo. O <strong>frango congelado<\/strong> passou a ser negociado a <strong>R$ 7,05<\/strong>, enquanto o<strong> frango resfriado<\/strong> fechou a <strong>R$ 7,09<\/strong>.<\/p>\n<p>\n<strong>PRE\u00c7OS DO FRANGO CONGELADO CEPEA\/ESALQ &#8211; ESTADO SP<\/strong><\/p>\n<table>\n<thead>\n<tr>\n<th>Data<\/th>\n<th>Valor R$<\/th>\n<th>Var.\/Dia<\/th>\n<th>Var.\/M\u00eas<\/th>\n<\/tr>\n<\/thead>\n<tbody>\n<tr>\n<td>11\/03\/2026<\/td>\n<td>7,05<\/td>\n<td>0,00%<\/td>\n<td>-2,89%<\/td>\n<\/tr>\n<tr>\n<td>10\/03\/2026<\/td>\n<td>7,05<\/td>\n<td>0,00%<\/td>\n<td>-2,89%<\/td>\n<\/tr>\n<tr>\n<td>09\/03\/2026<\/td>\n<td>7,05<\/td>\n<td>-0,14%<\/td>\n<td>-2,89%<\/td>\n<\/tr>\n<tr>\n<td>06\/03\/2026<\/td>\n<td>7,06<\/td>\n<td>0,00%<\/td>\n<td>-2,75%<\/td>\n<\/tr>\n<tr>\n<td>05\/03\/2026<\/td>\n<td>7,06<\/td>\n<td>0,00%<\/td>\n<td>-2,75%<\/td>\n<\/tr>\n<\/tbody>\n<\/table>\n<p><strong>PRE\u00c7OS DO FRANGO RESFRIADO CEPEA\/ESALQ &#8211; ESTADO SP<\/strong><\/p>\n<p>\u00a0<\/p>\n<table>\n<thead>\n<tr>\n<th>Data<\/th>\n<th>Valor R$<\/th>\n<th>Var.\/Dia<\/th>\n<th>Var.\/M\u00eas<\/th>\n<\/tr>\n<\/thead>\n<tbody>\n<tr>\n<td>11\/03\/2026<\/td>\n<td>7,09<\/td>\n<td>0,00%<\/td>\n<td>-3,01%<\/td>\n<\/tr>\n<tr>\n<td>10\/03\/2026<\/td>\n<td>7,09<\/td>\n<td>0,00%<\/td>\n<td>-3,01%<\/td>\n<\/tr>\n<tr>\n<td>09\/03\/2026<\/td>\n<td>7,09<\/td>\n<td>-0,14%<\/td>\n<td>-3,01%<\/td>\n<\/tr>\n<tr>\n<td>06\/03\/2026<\/td>\n<td>7,10<\/td>\n<td>0,00%<\/td>\n<td>-2,87%<\/td>\n<\/tr>\n<tr>\n<td>05\/03\/2026<\/td>\n<td>7,10<\/td>\n<td>0,00%<\/td>\n<td>-2,87%<\/td>\n<\/tr>\n<\/tbody>\n<\/table>\n<h2>Pre\u00e7o da carca\u00e7a su\u00edna especial e su\u00edno vivo<\/h2>\n<p>A<b> carca\u00e7a su\u00edna especial<\/b> tamb\u00e9m apresenta <b>estabilidade<\/b>, sendo negociada a<b> R$ 10,12<\/b>, por quilo,\u00a0nos atacados da Grande S\u00e3o Paulo.<\/p>\n<p>O <b>su\u00edno vivo <\/b>registra <b>alta <\/b>na maior parte dos estados, com destaque para<b> S\u00e3o Paulo<\/b> onde o animal \u00e9 comercializado a <b>R$ 6,96.<\/b><\/p>\n<p>\n<b>PRE\u00c7OS DA CARCA\u00c7A SU\u00cdNA ESPECIAL (R$\/kg)<\/b><\/p>\n<p>\u00a0<\/p>\n<table>\n<thead>\n<tr>\n<th>Data<\/th>\n<th>M\u00e9dia<\/th>\n<th>Var.\/Dia<\/th>\n<th>Var.\/M\u00eas<\/th>\n<\/tr>\n<\/thead>\n<tbody>\n<tr>\n<td>11\/03\/2026<\/td>\n<td>10,12<\/td>\n<td>0,00%<\/td>\n<td>0,20%<\/td>\n<\/tr>\n<tr>\n<td>10\/03\/2026<\/td>\n<td>10,12<\/td>\n<td>0,40%<\/td>\n<td>0,20%<\/td>\n<\/tr>\n<tr>\n<td>09\/03\/2026<\/td>\n<td>10,08<\/td>\n<td>0,80%<\/td>\n<td>-0,20%<\/td>\n<\/tr>\n<tr>\n<td>06\/03\/2026<\/td>\n<td>10,00<\/td>\n<td>0,40%<\/td>\n<td>-0,99%<\/td>\n<\/tr>\n<tr>\n<td>05\/03\/2026<\/td>\n<td>9,96<\/td>\n<td>-2,45%<\/td>\n<td>-1,39%<\/td>\n<\/tr>\n<\/tbody>\n<\/table>\n<p>\u00a0<\/p>\n<p>\u00a0<\/p>\n<\/p>\n<p dir=\"ltr\"><b>INDICADOR DO SU\u00cdNO VIVO CEPEA\/ESALQ (R$\/kg)<\/b><\/p>\n<table>\n<thead>\n<tr>\n<th>Data<\/th>\n<th>Estado<\/th>\n<th>Valor R$*<\/th>\n<th>Var.\/Dia<\/th>\n<th>Var.\/M\u00eas<\/th>\n<\/tr>\n<\/thead>\n<tbody>\n<tr>\n<td>11\/03\/2026<\/td>\n<td>MG &#8211; posto<\/td>\n<td>6,76<\/td>\n<td>0,00%<\/td>\n<td>0,00%<\/td>\n<\/tr>\n<tr>\n<td>11\/03\/2026<\/td>\n<td>PR &#8211; a retirar<\/td>\n<td>6,69<\/td>\n<td>0,30%<\/td>\n<td>1,52%<\/td>\n<\/tr>\n<tr>\n<td>11\/03\/2026<\/td>\n<td>RS &#8211; a retirar<\/td>\n<td>6,80<\/td>\n<td>0,29%<\/td>\n<td>1,04%<\/td>\n<\/tr>\n<tr>\n<td>11\/03\/2026<\/td>\n<td>SC &#8211; a retirar<\/td>\n<td>6,64<\/td>\n<td>0,00%<\/td>\n<td>2,00%<\/td>\n<\/tr>\n<tr>\n<td>11\/03\/2026<\/td>\n<td>SP &#8211; posto<\/td>\n<td>6,96<\/td>\n<td>0,29%<\/td>\n<td>0,87%<\/td>\n<\/tr>\n<\/tbody>\n<\/table>\n<p>Os valores s\u00e3o do <a href=\"https:\/\/www.cepea.org.br\/br\/indicador\/suino.aspx\" target=\"_blank\" rel=\"noopener\">Cepea<\/a>.<\/p>\n<h2>O que \u00e9 o boi gordo? Entenda o termo do mercado bovino<\/h2>\n<p>O boi gordo \u00e9 o bovino macho pronto para o abate, com peso m\u00ednimo de 16 arrobas l\u00edquidas de carca\u00e7a (aproximadamente 240 kg) e at\u00e9 42 meses de idade. Atende aos padr\u00f5es do mercado nacional e internacional, incluindo exporta\u00e7\u00f5es para Europa, China e cota Hilton.<\/p>\n<h2>Diferen\u00e7as entre frango congelado e frango resfriado<\/h2>\n<p>O frango congelado passa por congelamento r\u00e1pido, com temperaturas abaixo de -12\u00b0C, garantindo maior vida \u00fatil para armazenamento e transporte a longas dist\u00e2ncias. J\u00e1 o frango resfriado \u00e9 mantido entre 0\u00b0C e 4\u00b0C, com validade de 5 a 7 dias, oferecendo textura e sabor mais pr\u00f3ximos do fresco, ideal para consumidores exigentes e restaurantes.<\/p>\n<p>\u00a0<\/p>\n<\/p>\n<p>\u00a0<\/p>\n<p>\t\t\t\t\t\t\t\t\t\t<img decoding=\"async\" src=\"https:\/\/brasil61.com\/api\/v1\/serve_pixel\/22254\/88269\" alt=\"Pixel Brasil 61\" class=\"b61_pixel\" width=\"0\" height=\"0\"><\/p>\n<div class=\"br61_backlink\">\n<p>\n\t\t\t\tFonte: <a href=\"https:\/\/brasil61.com\/boi-gordo-hoje-confira-as-cotacoes-para-esta-quinta-feira-12-pagr266160\" title=\"Artigo Original: Boi gordo hoje: confira as cota\u00e7\u00f5es para esta\u00a0quinta-feira (12) \" target=\"_blank\" rel=\"noopener\">Brasil 61<\/a>\n\t\t\t<\/p>\n<\/p><\/div>\n<input type=\"hidden\" id=\"baseurl\" value=\"https:\/\/noticiasregionais.com.br\"><input type=\"hidden\" id=\"audio_nonce\" value=\"533fbb67b1\">","protected":false},"excerpt":{"rendered":"<p> As cota\u00e7\u00f5es do frango congelado apresentam estabilidade, carca\u00e7a su\u00edna segue a mesma tend\u00eancia<\/p>\n","protected":false},"author":1,"featured_media":13317,"comment_status":"","ping_status":"open","sticky":false,"template":"","format":"standard","meta":{"sfsi_plus_gutenberg_text_before_share":"","sfsi_plus_gutenberg_show_text_before_share":"","sfsi_plus_gutenberg_icon_type":"","sfsi_plus_gutenberg_icon_alignemt":"","sfsi_plus_gutenburg_max_per_row":"","footnotes":""},"categories":[8],"tags":[],"class_list":["post-13316","post","type-post","status-publish","format-standard","has-post-thumbnail","hentry","category-brasil"],"_links":{"self":[{"href":"https:\/\/noticiasregionais.com.br\/index.php?rest_route=\/wp\/v2\/posts\/13316","targetHints":{"allow":["GET"]}}],"collection":[{"href":"https:\/\/noticiasregionais.com.br\/index.php?rest_route=\/wp\/v2\/posts"}],"about":[{"href":"https:\/\/noticiasregionais.com.br\/index.php?rest_route=\/wp\/v2\/types\/post"}],"author":[{"embeddable":true,"href":"https:\/\/noticiasregionais.com.br\/index.php?rest_route=\/wp\/v2\/users\/1"}],"replies":[{"embeddable":true,"href":"https:\/\/noticiasregionais.com.br\/index.php?rest_route=%2Fwp%2Fv2%2Fcomments&post=13316"}],"version-history":[{"count":0,"href":"https:\/\/noticiasregionais.com.br\/index.php?rest_route=\/wp\/v2\/posts\/13316\/revisions"}],"wp:featuredmedia":[{"embeddable":true,"href":"https:\/\/noticiasregionais.com.br\/index.php?rest_route=\/wp\/v2\/media\/13317"}],"wp:attachment":[{"href":"https:\/\/noticiasregionais.com.br\/index.php?rest_route=%2Fwp%2Fv2%2Fmedia&parent=13316"}],"wp:term":[{"taxonomy":"category","embeddable":true,"href":"https:\/\/noticiasregionais.com.br\/index.php?rest_route=%2Fwp%2Fv2%2Fcategories&post=13316"},{"taxonomy":"post_tag","embeddable":true,"href":"https:\/\/noticiasregionais.com.br\/index.php?rest_route=%2Fwp%2Fv2%2Ftags&post=13316"}],"curies":[{"name":"wp","href":"https:\/\/api.w.org\/{rel}","templated":true}]}}