{"id":13318,"date":"2026-03-12T04:10:00","date_gmt":"2026-03-12T07:10:00","guid":{"rendered":"https:\/\/noticiasregionais.com.br\/?p=13318"},"modified":"2026-03-12T04:10:00","modified_gmt":"2026-03-12T07:10:00","slug":"soja-e-trigo-hoje-confira-as-cotacoes-para-esta-quinta-feira-12-2","status":"publish","type":"post","link":"https:\/\/noticiasregionais.com.br\/?p=13318","title":{"rendered":"Soja e trigo hoje: confira as cota\u00e7\u00f5es para esta quinta-feira (12)"},"content":{"rendered":"<p>\t\t\t\t\t\t\t\t\t\t\t<audio controls class=\"b61_audio_player\" data-noticia=\"88267\" src=\"https:\/\/brasil61.com\/rails\/active_storage\/blobs\/eyJfcmFpbHMiOnsibWVzc2FnZSI6IkJBaHBBOEFEQkE9PSIsImV4cCI6bnVsbCwicHVyIjoiYmxvYl9pZCJ9fQ==--c5daecfb84de1f252826122034566a223d72dad1\/PAGR266158A\"><\/audio><\/p>\n<p>A saca de 60 quilos da<b> soja <\/b>inicia esta quinta-feira (12) com<b> valoriza\u00e7\u00e3o no Paran\u00e1<\/b>. No interior do estado, o gr\u00e3o \u00e9 negociado a<b> R$ 122,31, com alta de 0,25%<\/b>. J\u00e1 no porto de Paranagu\u00e1, principal refer\u00eancia no litoral paranaense, a cota\u00e7\u00e3o apresent<b>a eleva\u00e7\u00e3o de 0,38%, sendo negociada a R$ 129,29.<\/b><\/p>\n<\/p>\n<p><b>INDICADOR DA SOJA CEPEA\/ESALQ &#8211; PARAN\u00c1<\/b><\/p>\n<table>\n<thead>\n<tr>\n<th>Data<\/th>\n<th>Valor R$*<\/th>\n<th>Var.\/Dia<\/th>\n<th>Var.\/M\u00eas<\/th>\n<th>Valor US$*<\/th>\n<\/tr>\n<\/thead>\n<tbody>\n<tr>\n<td>11\/03\/2026<\/td>\n<td>122,31<\/td>\n<td>0,25%<\/td>\n<td>1,33%<\/td>\n<td>23,69<\/td>\n<\/tr>\n<tr>\n<td>10\/03\/2026<\/td>\n<td>122,00<\/td>\n<td>-0,47%<\/td>\n<td>1,08%<\/td>\n<td>23,64<\/td>\n<\/tr>\n<tr>\n<td>09\/03\/2026<\/td>\n<td>122,57<\/td>\n<td>-0,61%<\/td>\n<td>1,55%<\/td>\n<td>23,70<\/td>\n<\/tr>\n<tr>\n<td>06\/03\/2026<\/td>\n<td>123,32<\/td>\n<td>1,25%<\/td>\n<td>2,17%<\/td>\n<td>23,49<\/td>\n<\/tr>\n<tr>\n<td>05\/03\/2026<\/td>\n<td>121,80<\/td>\n<td>0,48%<\/td>\n<td>0,91%<\/td>\n<td>23,06<\/td>\n<\/tr>\n<\/tbody>\n<\/table>\n<p><strong>INDICADOR DA SOJA CEPEA\/ESALQ &#8211; PARANAGU\u00c1<\/strong><\/p>\n<table>\n<thead>\n<tr>\n<th>Data<\/th>\n<th>Valor R$*<\/th>\n<th>Var.\/Dia<\/th>\n<th>Var.\/M\u00eas<\/th>\n<th>Valor US$*<\/th>\n<\/tr>\n<\/thead>\n<tbody>\n<tr>\n<td>11\/03\/2026<\/td>\n<td>129,29<\/td>\n<td>0,38%<\/td>\n<td>1,94%<\/td>\n<td>25,04<\/td>\n<\/tr>\n<tr>\n<td>10\/03\/2026<\/td>\n<td>128,80<\/td>\n<td>-0,94%<\/td>\n<td>1,55%<\/td>\n<td>24,96<\/td>\n<\/tr>\n<tr>\n<td>09\/03\/2026<\/td>\n<td>130,02<\/td>\n<td>-0,88%<\/td>\n<td>2,52%<\/td>\n<td>25,14<\/td>\n<\/tr>\n<tr>\n<td>06\/03\/2026<\/td>\n<td>131,18<\/td>\n<td>1,27%<\/td>\n<td>3,43%<\/td>\n<td>24,99<\/td>\n<\/tr>\n<tr>\n<td>05\/03\/2026<\/td>\n<td>129,54<\/td>\n<td>1,04%<\/td>\n<td>2,14%<\/td>\n<td>24,53<\/td>\n<\/tr>\n<\/tbody>\n<\/table>\n<h2>Trigo<\/h2>\n<p>O pre\u00e7o do<b> trigo <\/b>apresenta <b>desvaloriza\u00e7\u00e3o <\/b>no <strong>Paran\u00e1 <\/strong>e a tonelada \u00e9 negociada a <b>R$ 1.210,08<\/b>. E no<b> Rio Grande do Sul<\/b>, a tonelada do gr\u00e3o registra<b> eleva\u00e7\u00e3o de 0,13%<\/b>, sendo cotada a <b>R$ 1.093,06.<\/b><\/p>\n<p>\n<b>PRE\u00c7O M\u00c9DIO DO TRIGO CEPEA\/ESALQ &#8211; PARAN\u00c1<\/b><\/p>\n<table>\n<thead>\n<tr>\n<th>Data<\/th>\n<th>Valor R$\/t*<\/th>\n<th>Var.\/Dia<\/th>\n<th>Var.\/M\u00eas<\/th>\n<th>Valor US$\/t*<\/th>\n<\/tr>\n<\/thead>\n<tbody>\n<tr>\n<td>11\/03\/2026<\/td>\n<td>1.210,08<\/td>\n<td>-0,10%<\/td>\n<td>2,72%<\/td>\n<td>234,33<\/td>\n<\/tr>\n<tr>\n<td>10\/03\/2026<\/td>\n<td>1.211,34<\/td>\n<td>0,19%<\/td>\n<td>2,82%<\/td>\n<td>234,71<\/td>\n<\/tr>\n<tr>\n<td>09\/03\/2026<\/td>\n<td>1.209,02<\/td>\n<td>0,10%<\/td>\n<td>2,63%<\/td>\n<td>233,76<\/td>\n<\/tr>\n<tr>\n<td>06\/03\/2026<\/td>\n<td>1.207,77<\/td>\n<td>1,49%<\/td>\n<td>2,52%<\/td>\n<td>230,05<\/td>\n<\/tr>\n<tr>\n<td>05\/03\/2026<\/td>\n<td>1.190,04<\/td>\n<td>-1,08%<\/td>\n<td>1,02%<\/td>\n<td>225,30<\/td>\n<\/tr>\n<\/tbody>\n<\/table>\n<p><strong>PRE\u00c7O M\u00c9DIO DO TRIGO CEPEA\/ESALQ &#8211; RIO GRANDE DO SUL<\/strong><\/p>\n<table>\n<thead>\n<tr>\n<th>Data<\/th>\n<th>Valor R$\/t*<\/th>\n<th>Var.\/Dia<\/th>\n<th>Var.\/M\u00eas<\/th>\n<th>Valor US$\/t*<\/th>\n<\/tr>\n<\/thead>\n<tbody>\n<tr>\n<td>11\/03\/2026<\/td>\n<td>1.093,06<\/td>\n<td>0,13%<\/td>\n<td>-0,52%<\/td>\n<td>211,67<\/td>\n<\/tr>\n<tr>\n<td>10\/03\/2026<\/td>\n<td>1.091,60<\/td>\n<td>0,00%<\/td>\n<td>-0,65%<\/td>\n<td>211,51<\/td>\n<\/tr>\n<tr>\n<td>09\/03\/2026<\/td>\n<td>1.091,60<\/td>\n<td>0,60%<\/td>\n<td>-0,65%<\/td>\n<td>211,06<\/td>\n<\/tr>\n<tr>\n<td>06\/03\/2026<\/td>\n<td>1.085,06<\/td>\n<td>0,05%<\/td>\n<td>-1,24%<\/td>\n<td>206,68<\/td>\n<\/tr>\n<tr>\n<td>05\/03\/2026<\/td>\n<td>1.084,48<\/td>\n<td>-0,10%<\/td>\n<td>-1,30%<\/td>\n<td>205,32<\/td>\n<\/tr>\n<\/tbody>\n<\/table>\n<p>Os dados s\u00e3o do <a href=\"https:\/\/www.cepea.org.br\/br\/indicador\/trigo.aspx\" target=\"_blank\" rel=\"noopener\">Cepea<\/a>.<\/p>\n<h2>O que \u00e9 uma saca de soja ou de trigo? Entenda a unidade de medida no mercado de gr\u00e3os<\/h2>\n<p>A saca de soja e a saca de trigo s\u00e3o as principais unidades de comercializa\u00e7\u00e3o de gr\u00e3os no Brasil. Cada saca equivale a 60 quilos, padr\u00e3o adotado por \u00f3rg\u00e3os oficiais como a <strong>Companhia Nacional de Abastecimento <\/strong>(<a href=\"https:\/\/www.gov.br\/conab\/pt-br\" target=\"_blank\" rel=\"noopener\">Conab<\/a>), o <strong>Minist\u00e9rio da Agricultura<\/strong> (<a href=\"https:\/\/www.gov.br\/agricultura\/pt-br\" target=\"_blank\" rel=\"noopener\">MAPA<\/a>) e o<strong> Centro de Estudos Avan\u00e7ados em Economia Aplicada<\/strong> (<a href=\"https:\/\/www.cepea.org.br\/br\/indicador\/trigo.aspx\" target=\"_blank\" rel=\"noopener\">Cepea<\/a>).<\/p>\n<p>Esse formato padronizado facilita o com\u00e9rcio da soja e do trigo, al\u00e9m de permitir um acompanhamento mais preciso das cota\u00e7\u00f5es e varia\u00e7\u00f5es de pre\u00e7os no mercado nacional.<br \/>\n\u00a0<\/p>\n<p>\u00a0<\/p>\n<p>\t\t\t\t\t\t\t\t\t\t<img decoding=\"async\" src=\"https:\/\/brasil61.com\/api\/v1\/serve_pixel\/22254\/88267\" alt=\"Pixel Brasil 61\" class=\"b61_pixel\" width=\"0\" height=\"0\"><\/p>\n<div class=\"br61_backlink\">\n<p>\n\t\t\t\tFonte: <a href=\"https:\/\/brasil61.com\/soja-e-trigo-hoje-confira-as-cotacoes-para-esta-quinta-feira-12-pagr266158\" title=\"Artigo Original: Soja e trigo hoje: confira as cota\u00e7\u00f5es para esta quinta-feira (12) \" target=\"_blank\" rel=\"noopener\">Brasil 61<\/a>\n\t\t\t<\/p>\n<\/p><\/div>\n<input type=\"hidden\" id=\"baseurl\" value=\"https:\/\/noticiasregionais.com.br\"><input type=\"hidden\" id=\"audio_nonce\" value=\"5c13e0637f\">","protected":false},"excerpt":{"rendered":"<p>Em Paranagu\u00e1, a soja marca o per\u00edodo em alta; no Paran\u00e1, o trigo apresenta queda<\/p>\n","protected":false},"author":1,"featured_media":13319,"comment_status":"","ping_status":"open","sticky":false,"template":"","format":"standard","meta":{"sfsi_plus_gutenberg_text_before_share":"","sfsi_plus_gutenberg_show_text_before_share":"","sfsi_plus_gutenberg_icon_type":"","sfsi_plus_gutenberg_icon_alignemt":"","sfsi_plus_gutenburg_max_per_row":"","footnotes":""},"categories":[8],"tags":[],"class_list":["post-13318","post","type-post","status-publish","format-standard","has-post-thumbnail","hentry","category-brasil"],"_links":{"self":[{"href":"https:\/\/noticiasregionais.com.br\/index.php?rest_route=\/wp\/v2\/posts\/13318","targetHints":{"allow":["GET"]}}],"collection":[{"href":"https:\/\/noticiasregionais.com.br\/index.php?rest_route=\/wp\/v2\/posts"}],"about":[{"href":"https:\/\/noticiasregionais.com.br\/index.php?rest_route=\/wp\/v2\/types\/post"}],"author":[{"embeddable":true,"href":"https:\/\/noticiasregionais.com.br\/index.php?rest_route=\/wp\/v2\/users\/1"}],"replies":[{"embeddable":true,"href":"https:\/\/noticiasregionais.com.br\/index.php?rest_route=%2Fwp%2Fv2%2Fcomments&post=13318"}],"version-history":[{"count":0,"href":"https:\/\/noticiasregionais.com.br\/index.php?rest_route=\/wp\/v2\/posts\/13318\/revisions"}],"wp:featuredmedia":[{"embeddable":true,"href":"https:\/\/noticiasregionais.com.br\/index.php?rest_route=\/wp\/v2\/media\/13319"}],"wp:attachment":[{"href":"https:\/\/noticiasregionais.com.br\/index.php?rest_route=%2Fwp%2Fv2%2Fmedia&parent=13318"}],"wp:term":[{"taxonomy":"category","embeddable":true,"href":"https:\/\/noticiasregionais.com.br\/index.php?rest_route=%2Fwp%2Fv2%2Fcategories&post=13318"},{"taxonomy":"post_tag","embeddable":true,"href":"https:\/\/noticiasregionais.com.br\/index.php?rest_route=%2Fwp%2Fv2%2Ftags&post=13318"}],"curies":[{"name":"wp","href":"https:\/\/api.w.org\/{rel}","templated":true}]}}