{"id":1332,"date":"2023-11-28T14:04:16","date_gmt":"2023-11-28T17:04:16","guid":{"rendered":"https:\/\/noticiasregionais.com.br\/?p=1332"},"modified":"2023-11-28T14:04:28","modified_gmt":"2023-11-28T17:04:28","slug":"mp-de-pirajui-denuncia-homem-por-morte-de-cadela-a-facadas","status":"publish","type":"post","link":"https:\/\/noticiasregionais.com.br\/?p=1332","title":{"rendered":"MP de Piraju\u00ed denuncia homem por morte de cadela a facadas"},"content":{"rendered":"\n<p class=\"has-text-align-center\"><strong>Animal foi ferido em outubro deste ano; caso repercutiu no munic\u00edpio e na regi\u00e3o<\/strong><\/p>\n\n\n\n<p>Minist\u00e9rio P\u00fablico (MP), por meio do promotor Nelson Aparecido Febraio Junior, denunciou um homem de 46 anos, morador de Piraju\u00ed (163 quil\u00f4metros de Ourinhos), pela morte da cadela \u201cMel\u201d, que foi ferida a facadas, no dia 21 de outubro deste ano. O caso aconteceu no bairro Jardim dos Servidores e repercutiu na cidade e regi\u00e3o.<\/p>\n\n\n\n<p>O MP denunciou a pessoa em quest\u00e3o por ato de abuso e maus-tratos a animais, mesma natureza do boletim de ocorr\u00eancia registrado na \u00e9poca. No documento assinado pelo promotor, o homem confessou ter praticado os fatos, relatando que a cachorra de sua cunhada entrou na sua resid\u00eancia e matou tr\u00eas de seus periquitos.<\/p>\n\n\n\n<p>Ele, ent\u00e3o, pegou uma faca de cozinha e golpeou \u201cMel\u201d, na barriga. A cadela de cor caramelo era de porte pequeno. Na \u00e9poca, sua tutora contou \u00e0 pol\u00edcia que estava na sua resid\u00eancia quando, por volta das 21h15, seu cunhado, que mora no mesmo terreno, aparentando estar sob efeito de bebida alco\u00f3lica, reclamou que ela teria comido seus p\u00e1ssaros.<\/p>\n\n\n\n<p>Momentos depois, ela relatou estar na frente do im\u00f3vel quando ouviu seus filhos gritando. Na sequ\u00eancia, Mel saiu no quintal sangrando bastante, com ferimentos causados por faca e uivando de dor.<\/p>\n\n\n\n<p>Ela foi socorrida por populares e levada at\u00e9 uma cl\u00ednica veterin\u00e1ria, mas n\u00e3o resistiu. A PM foi acionada e, na ocasi\u00e3o, a pessoa agora denunciada negou a autoria do crime, mas chegou a ser detida.<\/p>\n\n\n\n<p><strong><sub>fonte: Sampi \/ Folhapress<\/sub><\/strong><\/p>\n<input type=\"hidden\" id=\"baseurl\" value=\"https:\/\/noticiasregionais.com.br\"><input type=\"hidden\" id=\"audio_nonce\" value=\"533fbb67b1\">","protected":false},"excerpt":{"rendered":"<p>Animal foi ferido em outubro deste ano; caso repercutiu no munic\u00edpio e na regi\u00e3o Minist\u00e9rio P\u00fablico (MP), por meio do&hellip;<\/p>\n","protected":false},"author":1,"featured_media":1333,"comment_status":"closed","ping_status":"open","sticky":false,"template":"","format":"standard","meta":{"sfsi_plus_gutenberg_text_before_share":"","sfsi_plus_gutenberg_show_text_before_share":"","sfsi_plus_gutenberg_icon_type":"","sfsi_plus_gutenberg_icon_alignemt":"","sfsi_plus_gutenburg_max_per_row":"","footnotes":""},"categories":[6,10,1],"tags":[],"class_list":["post-1332","post","type-post","status-publish","format-standard","has-post-thumbnail","hentry","category-sao_paulo","category-destaques","category-noticias"],"_links":{"self":[{"href":"https:\/\/noticiasregionais.com.br\/index.php?rest_route=\/wp\/v2\/posts\/1332","targetHints":{"allow":["GET"]}}],"collection":[{"href":"https:\/\/noticiasregionais.com.br\/index.php?rest_route=\/wp\/v2\/posts"}],"about":[{"href":"https:\/\/noticiasregionais.com.br\/index.php?rest_route=\/wp\/v2\/types\/post"}],"author":[{"embeddable":true,"href":"https:\/\/noticiasregionais.com.br\/index.php?rest_route=\/wp\/v2\/users\/1"}],"replies":[{"embeddable":true,"href":"https:\/\/noticiasregionais.com.br\/index.php?rest_route=%2Fwp%2Fv2%2Fcomments&post=1332"}],"version-history":[{"count":1,"href":"https:\/\/noticiasregionais.com.br\/index.php?rest_route=\/wp\/v2\/posts\/1332\/revisions"}],"predecessor-version":[{"id":1334,"href":"https:\/\/noticiasregionais.com.br\/index.php?rest_route=\/wp\/v2\/posts\/1332\/revisions\/1334"}],"wp:featuredmedia":[{"embeddable":true,"href":"https:\/\/noticiasregionais.com.br\/index.php?rest_route=\/wp\/v2\/media\/1333"}],"wp:attachment":[{"href":"https:\/\/noticiasregionais.com.br\/index.php?rest_route=%2Fwp%2Fv2%2Fmedia&parent=1332"}],"wp:term":[{"taxonomy":"category","embeddable":true,"href":"https:\/\/noticiasregionais.com.br\/index.php?rest_route=%2Fwp%2Fv2%2Fcategories&post=1332"},{"taxonomy":"post_tag","embeddable":true,"href":"https:\/\/noticiasregionais.com.br\/index.php?rest_route=%2Fwp%2Fv2%2Ftags&post=1332"}],"curies":[{"name":"wp","href":"https:\/\/api.w.org\/{rel}","templated":true}]}}