{"id":13320,"date":"2026-03-12T04:35:00","date_gmt":"2026-03-12T07:35:00","guid":{"rendered":"https:\/\/noticiasregionais.com.br\/?p=13320"},"modified":"2026-03-12T04:35:00","modified_gmt":"2026-03-12T07:35:00","slug":"senado-aprova-reestruturacao-de-carreiras-federais-com-mais-de-24-mil-novos-cargos","status":"publish","type":"post","link":"https:\/\/noticiasregionais.com.br\/?p=13320","title":{"rendered":"Senado aprova reestrutura\u00e7\u00e3o de carreiras federais com mais de 24 mil novos cargos"},"content":{"rendered":"<p>\t\t\t\t\t\t\t\t\t\t\t<audio controls class=\"b61_audio_player\" data-noticia=\"88260\" src=\"https:\/\/brasil61.com\/rails\/active_storage\/blobs\/eyJfcmFpbHMiOnsibWVzc2FnZSI6IkJBaHBBNmNEQkE9PSIsImV4cCI6bnVsbCwicHVyIjoiYmxvYl9pZCJ9fQ==--93db31a8ead51dc3c2ba6ec4ba15244dc09a1668\/BRAS2616032A\"><\/audio><\/p>\n<p>O S<a href=\"https:\/\/www12.senado.leg.br\/hpsenado\" target=\"_blank\" rel=\"noopener\">enado<\/a> aprovou nesta ter\u00e7a-feira (10) o Projeto de <strong>Lei 5.874\/2025<\/strong>, que promove uma ampla reestrutura\u00e7\u00e3o das carreiras do servi\u00e7o p\u00fablico federal. O texto prev\u00ea a <strong>cria\u00e7\u00e3o de mais de 24 mil novos cargos efetivos<\/strong>, com foco na expans\u00e3o da educa\u00e7\u00e3o superior e da rede federal de ensino t\u00e9cnico. A proposta segue agora para <strong>san\u00e7\u00e3o presidencial<\/strong>.<\/p>\n<\/p>\n<p>De acordo com o relator da mat\u00e9ria, senador<strong> Randolfe Rodrigues (PT-AP)<\/strong>, cerca de <strong>270 mil servidores p\u00fablicos<\/strong> podem ser beneficiados pelas mudan\u00e7as previstas no projeto.<\/p>\n<p>Segundo o parlamentar, a iniciativa representa um avan\u00e7o na valoriza\u00e7\u00e3o do servi\u00e7o p\u00fablico.<\/p>\n<p>\u201cValoriza\u00e7\u00e3o do servi\u00e7o p\u00fablico e valoriza\u00e7\u00e3o dos servidores \u00e9 um compromisso a ser cumprido por um governo que compreende a necessidade de fortalecimento do Estado brasileiro\u201d, afirmou.<\/p>\n<p>A vota\u00e7\u00e3o foi acompanhada pelo presidente da <a href=\"https:\/\/www.camara.leg.br\/\" target=\"_blank\" rel=\"noopener\">C\u00e2mara dos Deputados<\/a>, Hugo Motta, e pela ministra da Gest\u00e3o e da Inova\u00e7\u00e3o em Servi\u00e7os P\u00fablicos, Esther Dweck.<\/p>\n<h2>Novos cargos<\/h2>\n<p>O texto aprovado prev\u00ea a cria\u00e7\u00e3o de mais de<strong> 24 mil novos cargos no servi\u00e7o p\u00fablico federal<\/strong>, distribu\u00eddos entre diferentes \u00e1reas e \u00f3rg\u00e3os da administra\u00e7\u00e3o.<\/p>\n<p><strong>Veja como ser\u00e3o distribu\u00eddas as vagas:<\/strong><\/p>\n<ul>\n<li>225 cargos para a Anvisa<\/li>\n<li>200 especialistas em regula\u00e7\u00e3o e vigil\u00e2ncia sanit\u00e1ria<\/li>\n<li>25 t\u00e9cnicos em regula\u00e7\u00e3o e vigil\u00e2ncia sanit\u00e1ria<\/li>\n<\/ul>\n<p><strong>Universidades federais<\/strong><\/p>\n<ul>\n<li>3.800 professores do magist\u00e9rio superior<\/li>\n<li>2.200 analistas em educa\u00e7\u00e3o<\/li>\n<\/ul>\n<p><strong>Institutos federais de educa\u00e7\u00e3o<\/strong><\/p>\n<ul>\n<li>9.587 professores do ensino b\u00e1sico, t\u00e9cnico e tecnol\u00f3gico<\/li>\n<li>4.286 t\u00e9cnicos em educa\u00e7\u00e3o<\/li>\n<li>2.490 analistas em educa\u00e7\u00e3o<\/li>\n<\/ul>\n<p><strong>Minist\u00e9rio da Gest\u00e3o e da Inova\u00e7\u00e3o<\/strong><\/p>\n<ul>\n<li>750 analistas t\u00e9cnicos de desenvolvimento socioecon\u00f4mico<\/li>\n<li>750 analistas t\u00e9cnicos de Justi\u00e7a e Defesa<\/li>\n<\/ul>\n<p>O projeto tamb\u00e9m prev\u00ea a cria\u00e7\u00e3o do<strong> Instituto Federal do Sert\u00e3o Paraibano (IFSert\u00e3oPB)<\/strong>.<\/p>\n<h2>Nova carreira federal<\/h2>\n<p>Entre as mudan\u00e7as previstas est\u00e1 a cria\u00e7\u00e3o da carreira de <strong>Analista T\u00e9cnico do Poder Executivo Federal (ATE)<\/strong>.<\/p>\n<p>A nova carreira ser\u00e1 formada a partir da transforma\u00e7\u00e3o de 6,9 mil cargos administrativos atualmente vagos, que hoje est\u00e3o distribu\u00eddos por diferentes \u00f3rg\u00e3os da administra\u00e7\u00e3o p\u00fablica.<\/p>\n<p><strong>Os profissionais ter\u00e3o forma\u00e7\u00e3o em \u00e1reas como:<\/strong><\/p>\n<ul>\n<li>administra\u00e7\u00e3o<\/li>\n<li>contabilidade<\/li>\n<li>biblioteconomia<\/li>\n<li>arquivologia<\/li>\n<\/ul>\n<p>A remunera\u00e7\u00e3o ser\u00e1 composta por vencimento b\u00e1sico <strong>e Gratifica\u00e7\u00e3o de Desempenho de Atividades Executivas (GDATE)<\/strong>.<\/p>\n<p>Segundo o texto, o topo da carreira poder\u00e1 chegar a cerca de R$ 15,8 mil, ap\u00f3s o reenquadramento previsto para abril de 2026.<\/p>\n<h2>Outras mudan\u00e7as<\/h2>\n<p>O projeto tamb\u00e9m estabelece outras medidas administrativas e de valoriza\u00e7\u00e3o de servidores, entre elas:<\/p>\n<ul>\n<li>mudan\u00e7a na escolha de reitores de universidades federais, que passar\u00e1 a refletir diretamente o resultado da consulta \u00e0 comunidade acad\u00eamica<\/li>\n<li>cria\u00e7\u00e3o de gratifica\u00e7\u00f5es para servidores administrativos que atuam em \u00f3rg\u00e3os do Executivo<\/li>\n<li>possibilidade de regimes de plant\u00e3o e turnos alternados para atividades que exigem funcionamento cont\u00ednuo<\/li>\n<li>autoriza\u00e7\u00e3o para per\u00edcias m\u00e9dicas por telemedicina ou an\u00e1lise documental<\/li>\n<\/ul>\n<p>De acordo com estimativas do governo, o impacto or\u00e7ament\u00e1rio das medidas pode chegar a<strong> R$ 4,16 bilh\u00f5es em 2026<\/strong>.<br \/>\n\u00a0<\/p>\n<p>\t\t\t\t\t\t\t\t\t\t<img decoding=\"async\" src=\"https:\/\/brasil61.com\/api\/v1\/serve_pixel\/22254\/88260\" alt=\"Pixel Brasil 61\" class=\"b61_pixel\" width=\"0\" height=\"0\"><\/p>\n<div class=\"br61_backlink\">\n<p>\n\t\t\t\tFonte: <a href=\"https:\/\/brasil61.com\/senado-aprova-reestruturacao-de-carreiras-federais-com-mais-de-24-mil-novos-cargos-bras2616032\" title=\"Artigo Original: Senado aprova reestrutura\u00e7\u00e3o de carreiras federais com mais de 24 mil novos cargos\" target=\"_blank\" rel=\"noopener\">Brasil 61<\/a>\n\t\t\t<\/p>\n<\/p><\/div>\n<input type=\"hidden\" id=\"baseurl\" value=\"https:\/\/noticiasregionais.com.br\"><input type=\"hidden\" id=\"audio_nonce\" value=\"5c13e0637f\">","protected":false},"excerpt":{"rendered":"<p> Projeto prev\u00ea novas vagas com foco na educa\u00e7\u00e3o superior e t\u00e9cnica no interior do pa\u00eds, cria\u00e7\u00e3o de carreira no Executivo e mudan\u00e7as na escolha de reitores<\/p>\n","protected":false},"author":1,"featured_media":13321,"comment_status":"","ping_status":"open","sticky":false,"template":"","format":"standard","meta":{"sfsi_plus_gutenberg_text_before_share":"","sfsi_plus_gutenberg_show_text_before_share":"","sfsi_plus_gutenberg_icon_type":"","sfsi_plus_gutenberg_icon_alignemt":"","sfsi_plus_gutenburg_max_per_row":"","footnotes":""},"categories":[8],"tags":[],"class_list":["post-13320","post","type-post","status-publish","format-standard","has-post-thumbnail","hentry","category-brasil"],"_links":{"self":[{"href":"https:\/\/noticiasregionais.com.br\/index.php?rest_route=\/wp\/v2\/posts\/13320","targetHints":{"allow":["GET"]}}],"collection":[{"href":"https:\/\/noticiasregionais.com.br\/index.php?rest_route=\/wp\/v2\/posts"}],"about":[{"href":"https:\/\/noticiasregionais.com.br\/index.php?rest_route=\/wp\/v2\/types\/post"}],"author":[{"embeddable":true,"href":"https:\/\/noticiasregionais.com.br\/index.php?rest_route=\/wp\/v2\/users\/1"}],"replies":[{"embeddable":true,"href":"https:\/\/noticiasregionais.com.br\/index.php?rest_route=%2Fwp%2Fv2%2Fcomments&post=13320"}],"version-history":[{"count":0,"href":"https:\/\/noticiasregionais.com.br\/index.php?rest_route=\/wp\/v2\/posts\/13320\/revisions"}],"wp:featuredmedia":[{"embeddable":true,"href":"https:\/\/noticiasregionais.com.br\/index.php?rest_route=\/wp\/v2\/media\/13321"}],"wp:attachment":[{"href":"https:\/\/noticiasregionais.com.br\/index.php?rest_route=%2Fwp%2Fv2%2Fmedia&parent=13320"}],"wp:term":[{"taxonomy":"category","embeddable":true,"href":"https:\/\/noticiasregionais.com.br\/index.php?rest_route=%2Fwp%2Fv2%2Fcategories&post=13320"},{"taxonomy":"post_tag","embeddable":true,"href":"https:\/\/noticiasregionais.com.br\/index.php?rest_route=%2Fwp%2Fv2%2Ftags&post=13320"}],"curies":[{"name":"wp","href":"https:\/\/api.w.org\/{rel}","templated":true}]}}