{"id":13328,"date":"2026-03-13T04:00:00","date_gmt":"2026-03-13T07:00:00","guid":{"rendered":"https:\/\/noticiasregionais.com.br\/?p=13328"},"modified":"2026-03-13T04:00:00","modified_gmt":"2026-03-13T07:00:00","slug":"soja-e-trigo-hoje-confira-as-cotacoes-para-esta-sexta-feira-13","status":"publish","type":"post","link":"https:\/\/noticiasregionais.com.br\/?p=13328","title":{"rendered":"Soja e trigo hoje: confira as cota\u00e7\u00f5es para esta sexta-feira (13)"},"content":{"rendered":"<p>\t\t\t\t\t\t\t\t\t\t\t<audio controls class=\"b61_audio_player\" data-noticia=\"88286\" src=\"https:\/\/brasil61.com\/rails\/active_storage\/blobs\/eyJfcmFpbHMiOnsibWVzc2FnZSI6IkJBaHBBNXNFQkE9PSIsImV4cCI6bnVsbCwicHVyIjoiYmxvYl9pZCJ9fQ==--08d6985f9d2744bca7d98d2e906284d24d8fad45\/PAGR266163A\"><\/audio><\/p>\n<p>O valor da saca de 60 kg da <strong>soja <\/strong>abre esta\u00a0<strong>sexta-feira (13)\u00a0<\/strong>em <b>alta<\/b>, tanto<b>\u00a0<\/b>no interior do Paran\u00e1 quanto\u00a0no litoral do estado, em Paranagu\u00e1.\u00a0<\/p>\n<p>Na primeira regi\u00e3o, o gr\u00e3o teve <strong>valoriza\u00e7\u00e3o de 0,50%<\/strong> e \u00e9 negociado a <strong>R$ 122,92<\/strong>; na segunda, a mercadoria teve <strong>valoriza\u00e7\u00e3o<\/strong> <strong>de 1,20%<\/strong> e \u00e9 cotada a <strong>R$ 130,87<\/strong>.<\/p>\n<p><strong>INDICADOR DA SOJA CEPEA\/ESALQ &#8211; PARAN\u00c1<\/strong><\/p>\n<\/p>\n<\/p>\n<\/p>\n<\/p>\n<\/p>\n<\/p>\n<\/p>\n<\/p>\n<\/p>\n<\/p>\n<\/p>\n<\/p>\n<\/p>\n<\/p>\n<\/p>\n<\/p>\n<\/p>\n<\/p>\n<\/p>\n<\/p>\n<\/p>\n<table id=\"imagenet-indicador2\">\n<thead>\n<tr>\n<th>DATA<\/th>\n<th>VALOR R$*<\/th>\n<th>VAR.\/DIA<\/th>\n<th>VAR.\/M\u00caS<\/th>\n<th>VALOR US$*<\/th>\n<\/tr>\n<\/thead>\n<tbody>\n<tr>\n<td>12\/03\/2026<\/td>\n<td>122,92<\/td>\n<td>0,50%<\/td>\n<td>1,84%<\/td>\n<td>23,47<\/td>\n<\/tr>\n<tr>\n<td>11\/03\/2026<\/td>\n<td>122,31<\/td>\n<td>0,25%<\/td>\n<td>1,33%<\/td>\n<td>23,69<\/td>\n<\/tr>\n<tr>\n<td>10\/03\/2026<\/td>\n<td>122,00<\/td>\n<td>-0,47%<\/td>\n<td>1,08%<\/td>\n<td>23,64<\/td>\n<\/tr>\n<tr>\n<td>09\/03\/2026<\/td>\n<td>122,57<\/td>\n<td>-0,61%<\/td>\n<td>1,55%<\/td>\n<td>23,70<\/td>\n<\/tr>\n<tr>\n<td>06\/03\/2026<\/td>\n<td>123,32<\/td>\n<td>1,25%<\/td>\n<td>2,17%<\/td>\n<td>23,49<\/td>\n<\/tr>\n<\/tbody>\n<\/table>\n<p>\u00a0<\/p>\n<p><strong>INDICADOR DA SOJA CEPEA\/ESALQ &#8211; PARANAGU\u00c1<\/strong><\/p>\n<\/p>\n<\/p>\n<\/p>\n<\/p>\n<\/p>\n<\/p>\n<\/p>\n<\/p>\n<\/p>\n<\/p>\n<\/p>\n<\/p>\n<\/p>\n<\/p>\n<\/p>\n<\/p>\n<\/p>\n<\/p>\n<\/p>\n<\/p>\n<\/p>\n<table id=\"imagenet-indicador1\">\n<thead>\n<tr>\n<th>DATA<\/th>\n<th>VALOR R$*<\/th>\n<th>VAR.\/DIA<\/th>\n<th>VAR.\/M\u00caS<\/th>\n<th>VALOR US$*<\/th>\n<\/tr>\n<\/thead>\n<tbody>\n<tr>\n<td>12\/03\/2026<\/td>\n<td>130,87<\/td>\n<td>1,22%<\/td>\n<td>3,19%<\/td>\n<td>24,99<\/td>\n<\/tr>\n<tr>\n<td>11\/03\/2026<\/td>\n<td>129,29<\/td>\n<td>0,38%<\/td>\n<td>1,94%<\/td>\n<td>25,04<\/td>\n<\/tr>\n<tr>\n<td>10\/03\/2026<\/td>\n<td>128,80<\/td>\n<td>-0,94%<\/td>\n<td>1,55%<\/td>\n<td>24,96<\/td>\n<\/tr>\n<tr>\n<td>09\/03\/2026<\/td>\n<td>130,02<\/td>\n<td>-0,88%<\/td>\n<td>2,52%<\/td>\n<td>25,14<\/td>\n<\/tr>\n<tr>\n<td>06\/03\/2026<\/td>\n<td>131,18<\/td>\n<td>1,27%<\/td>\n<td>3,43%<\/td>\n<td>24,99<\/td>\n<\/tr>\n<\/tbody>\n<\/table>\n<p>\u00a0<\/p>\n<h2>Trigo<\/h2>\n<p>O pre\u00e7o do <strong>trigo<\/strong>, por sua vez, registra <strong>valoriza\u00e7\u00e3o de 0,59% no Paran\u00e1 <\/strong>e <strong>estabilidade no Rio Grande do Sul<\/strong>.<strong>\u00a0<\/strong>No primeiro estado, a tonelada\u00a0\u00e9 vendida a<strong> R$ 1.217,19<\/strong>, enquanto no segundo\u00a0\u00e9 comercializada a<strong> R$ 1.093,06<\/strong>.<\/p>\n<p><strong>PRE\u00c7O M\u00c9DIO DO TRIGO CEPEA\/ESALQ &#8211; PARAN\u00c1<\/strong><\/p>\n<\/p>\n<\/p>\n<\/p>\n<\/p>\n<\/p>\n<\/p>\n<\/p>\n<\/p>\n<\/p>\n<\/p>\n<\/p>\n<\/p>\n<\/p>\n<\/p>\n<\/p>\n<\/p>\n<\/p>\n<\/p>\n<\/p>\n<\/p>\n<\/p>\n<table id=\"imagenet-indicador1\">\n<thead>\n<tr>\n<th>DATA<\/th>\n<th>VALOR R$\/T*<\/th>\n<th>VAR.\/DIA<\/th>\n<th>VAR.\/M\u00caS<\/th>\n<th>VALOR US$\/T*<\/th>\n<\/tr>\n<\/thead>\n<tbody>\n<tr>\n<td>12\/03\/2026<\/td>\n<td>1.217,19<\/td>\n<td>0,59%<\/td>\n<td>3,32%<\/td>\n<td>232,42<\/td>\n<\/tr>\n<tr>\n<td>11\/03\/2026<\/td>\n<td>1.210,08<\/td>\n<td>-0,10%<\/td>\n<td>2,72%<\/td>\n<td>234,33<\/td>\n<\/tr>\n<tr>\n<td>10\/03\/2026<\/td>\n<td>1.211,34<\/td>\n<td>0,19%<\/td>\n<td>2,82%<\/td>\n<td>234,71<\/td>\n<\/tr>\n<tr>\n<td>09\/03\/2026<\/td>\n<td>1.209,02<\/td>\n<td>0,10%<\/td>\n<td>2,63%<\/td>\n<td>233,76<\/td>\n<\/tr>\n<tr>\n<td>06\/03\/2026<\/td>\n<td>1.207,77<\/td>\n<td>1,49%<\/td>\n<td>2,52%<\/td>\n<td>230,05<\/td>\n<\/tr>\n<\/tbody>\n<\/table>\n<p><strong>PRE\u00c7O M\u00c9DIO DO TRIGO CEPEA\/ESALQ &#8211; RIO GRANDE DO SUL<\/strong><\/p>\n<\/p>\n<\/p>\n<\/p>\n<\/p>\n<\/p>\n<\/p>\n<\/p>\n<\/p>\n<\/p>\n<\/p>\n<\/p>\n<\/p>\n<\/p>\n<\/p>\n<\/p>\n<\/p>\n<\/p>\n<\/p>\n<\/p>\n<\/p>\n<\/p>\n<table id=\"imagenet-indicador2\">\n<thead>\n<tr>\n<th>DATA<\/th>\n<th>VALOR R$\/T*<\/th>\n<th>VAR.\/DIA<\/th>\n<th>VAR.\/M\u00caS<\/th>\n<th>VALOR US$\/T*<\/th>\n<\/tr>\n<\/thead>\n<tbody>\n<tr>\n<td>12\/03\/2026<\/td>\n<td>1.093,06<\/td>\n<td>0,00%<\/td>\n<td>-0,52%<\/td>\n<td>208,72<\/td>\n<\/tr>\n<tr>\n<td>11\/03\/2026<\/td>\n<td>1.093,06<\/td>\n<td>0,13%<\/td>\n<td>-0,52%<\/td>\n<td>211,67<\/td>\n<\/tr>\n<tr>\n<td>10\/03\/2026<\/td>\n<td>1.091,60<\/td>\n<td>0,00%<\/td>\n<td>-0,65%<\/td>\n<td>211,51<\/td>\n<\/tr>\n<tr>\n<td>09\/03\/2026<\/td>\n<td>1.091,60<\/td>\n<td>0,60%<\/td>\n<td>-0,65%<\/td>\n<td>211,06<\/td>\n<\/tr>\n<tr>\n<td>06\/03\/2026<\/td>\n<td>1.085,06<\/td>\n<td>0,05%<\/td>\n<td>-1,24%<\/td>\n<td>206,68<\/td>\n<\/tr>\n<\/tbody>\n<\/table>\n<p>Os valores s\u00e3o do <a href=\"http:\/\/www.cepea.org.br\" target=\"_blank\" rel=\"noopener\">Cepea<\/a>.<\/p>\n<p>\u00a0<\/p>\n<h2>O que \u00e9 uma saca de soja ou de trigo? Entenda a unidade de medida no mercado de gr\u00e3os<\/h2>\n<p>A saca de soja e a saca de trigo s\u00e3o as principais unidades de comercializa\u00e7\u00e3o de gr\u00e3os no Brasil. Cada saca equivale a 60 quilos, padr\u00e3o adotado por \u00f3rg\u00e3os oficiais como a <strong>Companhia Nacional de Abastecimento (<a href=\"https:\/\/www.gov.br\/conab\/pt-br\" target=\"_blank\" rel=\"noopener\">Conab<\/a>)<\/strong>, o<strong> Minist\u00e9rio da Agricultura (<a href=\"http:\/\/www.gov.br\/agricultura\/pt-br\" target=\"_blank\" rel=\"noopener\">MAPA<\/a>)<\/strong> e o<strong> Centro de Estudos Avan\u00e7ados em Economia Aplicada (<a href=\"http:\/\/www.cepea.org.br\" target=\"_blank\" rel=\"noopener\">Cepea<\/a>)<\/strong>.<\/p>\n<p>Esse formato padronizado facilita o com\u00e9rcio da soja e do trigo, al\u00e9m de permitir um acompanhamento mais preciso das cota\u00e7\u00f5es e varia\u00e7\u00f5es de pre\u00e7os no mercado nacional.<\/p>\n<p>\t\t\t\t\t\t\t\t\t\t<img decoding=\"async\" src=\"https:\/\/brasil61.com\/api\/v1\/serve_pixel\/22254\/88286\" alt=\"Pixel Brasil 61\" class=\"b61_pixel\" width=\"0\" height=\"0\"><\/p>\n<div class=\"br61_backlink\">\n<p>\n\t\t\t\tFonte: <a href=\"https:\/\/brasil61.com\/soja-e-trigo-hoje-confira-as-cotacoes-para-esta-sexta-feira-13-pagr266163\" title=\"Artigo Original: Soja e trigo hoje: confira as cota\u00e7\u00f5es para esta sexta-feira (13)\" target=\"_blank\" rel=\"noopener\">Brasil 61<\/a>\n\t\t\t<\/p>\n<\/p><\/div>\n<input type=\"hidden\" id=\"baseurl\" value=\"https:\/\/noticiasregionais.com.br\"><input type=\"hidden\" id=\"audio_nonce\" value=\"296231ceac\">","protected":false},"excerpt":{"rendered":"<p>A soja apresenta alta no Paran\u00e1 e em Paranagu\u00e1; o trigo sofre reajustes<\/p>\n","protected":false},"author":1,"featured_media":13329,"comment_status":"","ping_status":"open","sticky":false,"template":"","format":"standard","meta":{"sfsi_plus_gutenberg_text_before_share":"","sfsi_plus_gutenberg_show_text_before_share":"","sfsi_plus_gutenberg_icon_type":"","sfsi_plus_gutenberg_icon_alignemt":"","sfsi_plus_gutenburg_max_per_row":"","footnotes":""},"categories":[8],"tags":[],"class_list":["post-13328","post","type-post","status-publish","format-standard","has-post-thumbnail","hentry","category-brasil"],"_links":{"self":[{"href":"https:\/\/noticiasregionais.com.br\/index.php?rest_route=\/wp\/v2\/posts\/13328","targetHints":{"allow":["GET"]}}],"collection":[{"href":"https:\/\/noticiasregionais.com.br\/index.php?rest_route=\/wp\/v2\/posts"}],"about":[{"href":"https:\/\/noticiasregionais.com.br\/index.php?rest_route=\/wp\/v2\/types\/post"}],"author":[{"embeddable":true,"href":"https:\/\/noticiasregionais.com.br\/index.php?rest_route=\/wp\/v2\/users\/1"}],"replies":[{"embeddable":true,"href":"https:\/\/noticiasregionais.com.br\/index.php?rest_route=%2Fwp%2Fv2%2Fcomments&post=13328"}],"version-history":[{"count":0,"href":"https:\/\/noticiasregionais.com.br\/index.php?rest_route=\/wp\/v2\/posts\/13328\/revisions"}],"wp:featuredmedia":[{"embeddable":true,"href":"https:\/\/noticiasregionais.com.br\/index.php?rest_route=\/wp\/v2\/media\/13329"}],"wp:attachment":[{"href":"https:\/\/noticiasregionais.com.br\/index.php?rest_route=%2Fwp%2Fv2%2Fmedia&parent=13328"}],"wp:term":[{"taxonomy":"category","embeddable":true,"href":"https:\/\/noticiasregionais.com.br\/index.php?rest_route=%2Fwp%2Fv2%2Fcategories&post=13328"},{"taxonomy":"post_tag","embeddable":true,"href":"https:\/\/noticiasregionais.com.br\/index.php?rest_route=%2Fwp%2Fv2%2Ftags&post=13328"}],"curies":[{"name":"wp","href":"https:\/\/api.w.org\/{rel}","templated":true}]}}