{"id":13334,"date":"2026-03-13T04:20:00","date_gmt":"2026-03-13T07:20:00","guid":{"rendered":"https:\/\/noticiasregionais.com.br\/?p=13334"},"modified":"2026-03-13T04:20:00","modified_gmt":"2026-03-13T07:20:00","slug":"agro-entrega-agenda-no-congresso-focada-em-seguranca-juridica-e-no-mercado-internacional","status":"publish","type":"post","link":"https:\/\/noticiasregionais.com.br\/?p=13334","title":{"rendered":"Agro entrega agenda no Congresso focada em seguran\u00e7a jur\u00eddica e no mercado internacional"},"content":{"rendered":"<p>\t\t\t\t\t\t\t\t\t\t\t<audio controls class=\"b61_audio_player\" data-noticia=\"88289\" src=\"https:\/\/brasil61.com\/rails\/active_storage\/blobs\/eyJfcmFpbHMiOnsibWVzc2FnZSI6IkJBaHBBNGtFQkE9PSIsImV4cCI6bnVsbCwicHVyIjoiYmxvYl9pZCJ9fQ==--73ab57712de024096f83c9f127af4367c0ecc0f6\/BRAS2616046A\"><\/audio><\/p>\n<p>A <a href=\"https:\/\/www.cnabrasil.org.br\/cna\" target=\"_blank\" rel=\"noopener\">Confedera\u00e7\u00e3o da Agricultura e Pecu\u00e1ria do Brasil (CNA)<\/a> entregou \u00e0 <a href=\"http:\/\/fpagropecuaria.org.br\/\" target=\"_blank\" rel=\"noopener\">Frente Parlamentar da Agropecu\u00e1ria (FPA)<\/a>, na quarta-feira (11), a <a href=\"https:\/\/www.cnabrasil.org.br\/noticias\/cna-lanca-agenda-legislativa-com-100-proposicoes-que-impactam-o-agro\" target=\"_blank\" rel=\"noopener\">Agenda Legislativa 2026<\/a>. O documento re\u00fane 100 projetos que a entidade entende como priorit\u00e1rios para o setor.<\/p>\n<h2>Eixos<\/h2>\n<p>As propostas est\u00e3o estruturadas em dois eixos centrais:<\/p>\n<ul>\n<li>Seguran\u00e7a jur\u00eddica nacional; e\u00a0<\/li>\n<li>Mercados globais.<\/li>\n<\/ul>\n<p>No primeiro, o foco \u00e9 em formas de tornar o ambiente de neg\u00f3cios das cadeias relacionadas aos agroneg\u00f3cios mais competitivas e produtivas. Pautas legislativas relacionadas a direito de propriedade, rela\u00e7\u00f5es trabalhistas, tributa\u00e7\u00e3o, pol\u00edtica agr\u00edcola, meio ambiente e recursos h\u00eddricos est\u00e3o dentro desse n\u00facleo. Uma mat\u00e9ria de destaque \u00e9 o <a href=\"https:\/\/www25.senado.leg.br\/web\/atividade\/materias\/-\/materia\/164777\" target=\"_blank\" rel=\"noopener\">Projeto de Lei 2.951 de 2024<\/a>, que moderniza o <a href=\"https:\/\/www.gov.br\/agricultura\/pt-br\/assuntos\/riscos-seguro\/seguro-rural\" target=\"_blank\" rel=\"noopener\">Seguro Rural<\/a> no Brasil, que aguarda aval do presidente da C\u00e2mara dos Deputados, <a href=\"https:\/\/brasil61.com\/parlamentares\/hugo-motta-wanderley-da-nobrega\" target=\"_blank\" rel=\"noopener\">Hugo Motta (Republicanos-PB)<\/a>, para ser votado em plen\u00e1rio.<\/p>\n<p>J\u00e1 o segundo eixo cont\u00e9m projetos legislativos que tratam de competitividade e participa\u00e7\u00e3o no mercado internacional. Ele abrange infraestrutura, log\u00edsticas, rela\u00e7\u00f5es internacionais, produ\u00e7\u00e3o agropecu\u00e1ria, ci\u00eancia e tecnologia. Um dos exemplos \u00e9 o <a href=\"https:\/\/brasil61.com\/n\/conselho-da-uniao-europeia-aprova-o-acordo-de-livre-comercio-ue-mercosul-apex260096\" target=\"_blank\" rel=\"noopener\">acordo comercial entre Mercosul e Uni\u00e3o Europeia<\/a>, recentemente aprovado pelo parlamento brasileiro e \u00e0 espera da san\u00e7\u00e3o presidencial.<\/p>\n<p>O presidente da CNA, Jo\u00e3o Martins, ressaltou a import\u00e2ncia econ\u00f4mica do agro para a economia brasileira, tendo sido o setor de maior crescimento em 2025. \u201cO agro precisa de um Congresso que entenda que o produtor rural tem que ser apoiado para continuar produzindo\u201d, alertou o executivo<\/p>\n<h2>Desafios<\/h2>\n<p>Uma das dificuldades para execu\u00e7\u00e3o da agenda \u00e9 o calend\u00e1rio. Por ser ano eleitoral, os deputados v\u00e3o se debru\u00e7ar sobre as principais vota\u00e7\u00f5es no primeiro semestre. Ap\u00f3s julho, os parlamentares v\u00e3o se dedicar \u00e0s campanhas, com retorno ao trabalho estimado para o fim de outubro.<\/p>\n<p>Os recentes esc\u00e2ndalos financeiros, como as fraudes a benef\u00edcios de aposentados e pensionistas do INSS e o processo de liquida\u00e7\u00e3o do Banco Master, tamb\u00e9m minam o espa\u00e7o para o debate pol\u00edtico e acentuam as divis\u00f5es ideol\u00f3gicas.\u00a0<\/p>\n<p>No entanto, lideran\u00e7as da FPA afirmam que as articula\u00e7\u00f5es para avan\u00e7ar com as mat\u00e9rias no primeiro semestre j\u00e1 foram iniciadas. O presidente da bancada, o deputado federal <a href=\"https:\/\/brasil61.com\/noticias\/tag\/deputado-pedro-lupion-dem-pr\" target=\"_blank\" rel=\"noopener\">Pedro Lupion (Republicanos-PB)<\/a>, apresentou as propostas da CNA para o presidente do senado, <a href=\"https:\/\/brasil61.com\/noticias\/tag\/senador-davi-alcolumbre-dem-ap\" target=\"_blank\" rel=\"noopener\">Davi Alcolumbre (Uni\u00e3o-AP)<\/a>, nesta semana e pretende fazer o mesmo com Hugo Motta, na inten\u00e7\u00e3o de dar celeridade \u00e0 an\u00e1lise de pelo menos alguns desses projetos.<\/p>\n<h2>Geopol\u00edtica<\/h2>\n<p>Tamb\u00e9m h\u00e1 preocupa\u00e7\u00e3o com o cen\u00e1rio internacional, motivada principalmente pela guerra entre Estados Unidos, Israel e Ir\u00e3. O aumento dos insumos essenciais ao campo, como combust\u00edveis f\u00f3sseis e fertilizantes, acende um alerta no setor. No entanto, o problema tamb\u00e9m encontra caminhos de solu\u00e7\u00e3o internamente na agropecu\u00e1ria brasileira, com a produ\u00e7\u00e3o de biocombust\u00edveis a partir do beneficiamento de cana-de-a\u00e7\u00facar, soja e milho.<\/p>\n<p>Milho que, por si s\u00f3, gera uma afli\u00e7\u00e3o \u00e0 parte. O Ir\u00e3 \u00e9 o pa\u00eds que mais importa a commodity do Brasil e, em 2025, adquiriu mais de 9 milh\u00f5es de toneladas por cerca de US$ 2 bilh\u00f5es pagos aos produtores nacionais, 23% do faturamento da cadeia conforme dados do <a href=\"https:\/\/www.gov.br\/agricultura\/pt-br\" target=\"_blank\" rel=\"noopener\">Minist\u00e9rio da Agricultura e Pecu\u00e1ria (Mapa)<\/a>.<\/p>\n<p>\t\t\t\t\t\t\t\t\t\t<img decoding=\"async\" src=\"https:\/\/brasil61.com\/api\/v1\/serve_pixel\/22254\/88289\" alt=\"Pixel Brasil 61\" class=\"b61_pixel\" width=\"0\" height=\"0\"><\/p>\n<div class=\"br61_backlink\">\n<p>\n\t\t\t\tFonte: <a href=\"https:\/\/brasil61.com\/agro-entrega-agenda-no-congresso-focada-em-seguranca-juridica-e-no-mercado-internacional-bras2616046\" title=\"Artigo Original: Agro entrega agenda no Congresso focada em seguran\u00e7a jur\u00eddica e no mercado internacional\" target=\"_blank\" rel=\"noopener\">Brasil 61<\/a>\n\t\t\t<\/p>\n<\/p><\/div>\n<input type=\"hidden\" id=\"baseurl\" value=\"https:\/\/noticiasregionais.com.br\"><input type=\"hidden\" id=\"audio_nonce\" value=\"62e6e21d74\">","protected":false},"excerpt":{"rendered":"<p>Propostas est\u00e3o divididas em dois eixos e s\u00e3o vistas como priorit\u00e1rias para o setor, mas ano eleitoral e cen\u00e1rio geopol\u00edtico preocupam<\/p>\n","protected":false},"author":1,"featured_media":13335,"comment_status":"","ping_status":"open","sticky":false,"template":"","format":"standard","meta":{"sfsi_plus_gutenberg_text_before_share":"","sfsi_plus_gutenberg_show_text_before_share":"","sfsi_plus_gutenberg_icon_type":"","sfsi_plus_gutenberg_icon_alignemt":"","sfsi_plus_gutenburg_max_per_row":"","footnotes":""},"categories":[8],"tags":[],"class_list":["post-13334","post","type-post","status-publish","format-standard","has-post-thumbnail","hentry","category-brasil"],"_links":{"self":[{"href":"https:\/\/noticiasregionais.com.br\/index.php?rest_route=\/wp\/v2\/posts\/13334","targetHints":{"allow":["GET"]}}],"collection":[{"href":"https:\/\/noticiasregionais.com.br\/index.php?rest_route=\/wp\/v2\/posts"}],"about":[{"href":"https:\/\/noticiasregionais.com.br\/index.php?rest_route=\/wp\/v2\/types\/post"}],"author":[{"embeddable":true,"href":"https:\/\/noticiasregionais.com.br\/index.php?rest_route=\/wp\/v2\/users\/1"}],"replies":[{"embeddable":true,"href":"https:\/\/noticiasregionais.com.br\/index.php?rest_route=%2Fwp%2Fv2%2Fcomments&post=13334"}],"version-history":[{"count":0,"href":"https:\/\/noticiasregionais.com.br\/index.php?rest_route=\/wp\/v2\/posts\/13334\/revisions"}],"wp:featuredmedia":[{"embeddable":true,"href":"https:\/\/noticiasregionais.com.br\/index.php?rest_route=\/wp\/v2\/media\/13335"}],"wp:attachment":[{"href":"https:\/\/noticiasregionais.com.br\/index.php?rest_route=%2Fwp%2Fv2%2Fmedia&parent=13334"}],"wp:term":[{"taxonomy":"category","embeddable":true,"href":"https:\/\/noticiasregionais.com.br\/index.php?rest_route=%2Fwp%2Fv2%2Fcategories&post=13334"},{"taxonomy":"post_tag","embeddable":true,"href":"https:\/\/noticiasregionais.com.br\/index.php?rest_route=%2Fwp%2Fv2%2Ftags&post=13334"}],"curies":[{"name":"wp","href":"https:\/\/api.w.org\/{rel}","templated":true}]}}