{"id":13336,"date":"2026-03-13T04:30:00","date_gmt":"2026-03-13T07:30:00","guid":{"rendered":"https:\/\/noticiasregionais.com.br\/?p=13336"},"modified":"2026-03-13T04:30:00","modified_gmt":"2026-03-13T07:30:00","slug":"agora-tem-especialistas-18-municipios-recebem-carretas-de-saude-da-mulher","status":"publish","type":"post","link":"https:\/\/noticiasregionais.com.br\/?p=13336","title":{"rendered":"Agora Tem Especialistas: 18 munic\u00edpios recebem carretas de sa\u00fade da mulher"},"content":{"rendered":"<p>\t\t\t\t\t\t\t\t\t\t\t<audio controls class=\"b61_audio_player\" data-noticia=\"88291\" src=\"https:\/\/brasil61.com\/rails\/active_storage\/blobs\/eyJfcmFpbHMiOnsibWVzc2FnZSI6IkJBaHBBNU1FQkE9PSIsImV4cCI6bnVsbCwicHVyIjoiYmxvYl9pZCJ9fQ==--4db6206242e554a25f18bc3cccb55fe6d2d174d4\/BRAS2616047A\"><\/audio><\/p>\n<p>O Minist\u00e9rio da Sa\u00fade (<a href=\"https:\/\/www.gov.br\/saude\/pt-br\" target=\"_blank\" rel=\"noopener\">MS<\/a>) inicia nesta sexta-feira (13) uma <strong>nova etapa <\/strong>do programa <strong><a href=\"https:\/\/www.gov.br\/saude\/pt-br\/composicao\/saes\/agora-tem-especialistas\" target=\"_blank\" rel=\"noopener\">Agora Tem Especialistas<\/a><\/strong>, criado para reduzir o tempo de espera no Sistema \u00danico de Sa\u00fade (<a href=\"https:\/\/www.gov.br\/saude\/pt-br\/sus\" target=\"_blank\" rel=\"noopener\">SUS<\/a>). Nesta rodada, <strong>18 munic\u00edpios de 15 estados<\/strong> passam a receber <strong>carretas destinadas \u00e0 sa\u00fade da mulher e a exames de imagem<\/strong>. A iniciativa refor\u00e7a a oferta de procedimentos voltados \u00e0 <strong>preven\u00e7\u00e3o de doen\u00e7as<\/strong>, entre elas o c\u00e2ncer de mama e o c\u00e2ncer do colo do \u00fatero.<\/p>\n<p><strong>Confira os munic\u00edpios contemplados:<\/strong><\/p>\n<ul>\n<li>Aragua\u00edna (TO);<\/li>\n<li>Colombo (PR);<\/li>\n<li>Corumb\u00e1 (MS);<\/li>\n<li>Igarap\u00e9-Miri (PA);<\/li>\n<li>Itajub\u00e1 (MG);<\/li>\n<li>Maric\u00e1 (RJ);<\/li>\n<li>Paramoti (CE);<\/li>\n<li>Planaltina (DF);<\/li>\n<li>Pombal (PB);<\/li>\n<li>Rorain\u00f3polis (RR);<\/li>\n<li>S\u00e3o Bento (PB);<\/li>\n<li>Serra (ES);<\/li>\n<li>Viana (MA); e<\/li>\n<li>Vilhena (RO).<\/li>\n<\/ul>\n<p>As cidades de Milagres (CE), Santana (AP), Sousa (PB) e S\u00e3o Jos\u00e9 dos Campos (SP) tamb\u00e9m recebem unidades m\u00f3veis especializadas em exames de imagem, com <strong>tomografias <\/strong>destinadas ao diagn\u00f3stico de doen\u00e7as graves e \u00e0 defini\u00e7\u00e3o de condutas m\u00e9dicas.<\/p>\n<h2>Expans\u00e3o do atendimento<\/h2>\n<p>De acordo com o MS, a a\u00e7\u00e3o j\u00e1 alcan\u00e7ou<strong> 138 regi\u00f5es de sa\u00fade atendidas<\/strong>. Durante a inaugura\u00e7\u00e3o de uma carreta em Planaltina (DF) nesta quinta-feira (12), o ministro Alexandre Padilha celebrou a marca.<\/p>\n<p>\u201cAs mulheres, que s\u00e3o a maioria usando o SUS, s\u00e3o uma prioridade absoluta nossa. Contando com Planaltina, a gente j\u00e1 ultrapassou mais de 130 regi\u00f5es em todo o Brasil. S\u00f3 no m\u00eas de mar\u00e7o vamos chegar a <strong>150 regi\u00f5es com as carretas de sa\u00fade da mulher<\/strong>; as espec\u00edficas para o problema de vis\u00e3o, de oftalmologia; e a carreta para tomografia\u201d, afirmou Padilha.\u00a0<\/p>\n<p>A Pasta aponta ainda que as unidades m\u00f3veis zeraram a fila de espera em <strong>23 cidades<\/strong>. \u201cPor onde ela passa vai zerando a fila, vai atendendo esses locais em parceria com as secretarias municipais, estaduais, hospitais filantr\u00f3picos e Santas Casas\u201d, disse o ministro.\u00a0<\/p>\n<h2>Agora Tem Especialistas\u00a0<\/h2>\n<p>O MS projeta alcan\u00e7ar <strong>150 carretas at\u00e9 o fim de 2026<\/strong>. Atualmente, o Agora Tem Especialistas conta com <strong>52 unidades m\u00f3veis<\/strong> em opera\u00e7\u00e3o:<\/p>\n<ul>\n<li>35 de sa\u00fade da mulher;<\/li>\n<li>10 de exames de imagem; e<\/li>\n<li>7 de oftalmologia.<\/li>\n<\/ul>\n<p>Al\u00e9m dessa iniciativa, o programa realiza mutir\u00f5es, amplia os hor\u00e1rios de atendimento e firma parcerias com hospitais privados e filantr\u00f3picos.<\/p>\n<p><strong>VEJA MAIS:\u00a0<\/strong><\/p>\n<ul>\n<li><a href=\"https:\/\/brasil61.com\/n\/ministerio-da-saude-destina-r-1-bilhao-a-santas-casas-e-hospitais-filantropicos-bras2515462\" target=\"_blank\" rel=\"noopener\">Minist\u00e9rio da Sa\u00fade destina R$ 1 bilh\u00e3o a Santas Casas e hospitais filantr\u00f3picos<\/a><\/li>\n<li><a href=\"https:\/\/brasil61.com\/n\/sus-oferece-atendimento-para-dependentes-de-jogos-de-apostas-via-aplicativos-bras2615991\" target=\"_blank\" rel=\"noopener\">SUS oferece atendimento para dependentes de jogos de apostas via aplicativos<\/a><\/li>\n<\/ul>\n<p>\t\t\t\t\t\t\t\t\t\t<img decoding=\"async\" src=\"https:\/\/brasil61.com\/api\/v1\/serve_pixel\/22254\/88291\" alt=\"Pixel Brasil 61\" class=\"b61_pixel\" width=\"0\" height=\"0\"><\/p>\n<div class=\"br61_backlink\">\n<p>\n\t\t\t\tFonte: <a href=\"https:\/\/brasil61.com\/agora-tem-especialistas-18-municipios-recebem-carretas-de-saude-da-mulher-bras2616047\" title=\"Artigo Original: Agora Tem Especialistas: 18 munic\u00edpios recebem carretas de sa\u00fade da mulher\" target=\"_blank\" rel=\"noopener\">Brasil 61<\/a>\n\t\t\t<\/p>\n<\/p><\/div>\n<input type=\"hidden\" id=\"baseurl\" value=\"https:\/\/noticiasregionais.com.br\"><input type=\"hidden\" id=\"audio_nonce\" value=\"62e6e21d74\">","protected":false},"excerpt":{"rendered":"<p>Programa j\u00e1 alcan\u00e7a 138 regi\u00f5es de sa\u00fade atendidas; Minist\u00e9rio da Sa\u00fade prev\u00ea 150 unidades m\u00f3veis em opera\u00e7\u00e3o at\u00e9 2026<\/p>\n","protected":false},"author":1,"featured_media":13337,"comment_status":"","ping_status":"open","sticky":false,"template":"","format":"standard","meta":{"sfsi_plus_gutenberg_text_before_share":"","sfsi_plus_gutenberg_show_text_before_share":"","sfsi_plus_gutenberg_icon_type":"","sfsi_plus_gutenberg_icon_alignemt":"","sfsi_plus_gutenburg_max_per_row":"","footnotes":""},"categories":[8],"tags":[],"class_list":["post-13336","post","type-post","status-publish","format-standard","has-post-thumbnail","hentry","category-brasil"],"_links":{"self":[{"href":"https:\/\/noticiasregionais.com.br\/index.php?rest_route=\/wp\/v2\/posts\/13336","targetHints":{"allow":["GET"]}}],"collection":[{"href":"https:\/\/noticiasregionais.com.br\/index.php?rest_route=\/wp\/v2\/posts"}],"about":[{"href":"https:\/\/noticiasregionais.com.br\/index.php?rest_route=\/wp\/v2\/types\/post"}],"author":[{"embeddable":true,"href":"https:\/\/noticiasregionais.com.br\/index.php?rest_route=\/wp\/v2\/users\/1"}],"replies":[{"embeddable":true,"href":"https:\/\/noticiasregionais.com.br\/index.php?rest_route=%2Fwp%2Fv2%2Fcomments&post=13336"}],"version-history":[{"count":0,"href":"https:\/\/noticiasregionais.com.br\/index.php?rest_route=\/wp\/v2\/posts\/13336\/revisions"}],"wp:featuredmedia":[{"embeddable":true,"href":"https:\/\/noticiasregionais.com.br\/index.php?rest_route=\/wp\/v2\/media\/13337"}],"wp:attachment":[{"href":"https:\/\/noticiasregionais.com.br\/index.php?rest_route=%2Fwp%2Fv2%2Fmedia&parent=13336"}],"wp:term":[{"taxonomy":"category","embeddable":true,"href":"https:\/\/noticiasregionais.com.br\/index.php?rest_route=%2Fwp%2Fv2%2Fcategories&post=13336"},{"taxonomy":"post_tag","embeddable":true,"href":"https:\/\/noticiasregionais.com.br\/index.php?rest_route=%2Fwp%2Fv2%2Ftags&post=13336"}],"curies":[{"name":"wp","href":"https:\/\/api.w.org\/{rel}","templated":true}]}}