{"id":13338,"date":"2026-03-13T04:45:00","date_gmt":"2026-03-13T07:45:00","guid":{"rendered":"https:\/\/noticiasregionais.com.br\/?p=13338"},"modified":"2026-03-13T04:45:00","modified_gmt":"2026-03-13T07:45:00","slug":"tv-3-0-investimento-de-r-40-mi-impulsiona-modernizacao-da-televisao-no-brasil","status":"publish","type":"post","link":"https:\/\/noticiasregionais.com.br\/?p=13338","title":{"rendered":"TV 3.0: investimento de R$ 40 mi impulsiona moderniza\u00e7\u00e3o da televis\u00e3o no Brasil"},"content":{"rendered":"<p>\t\t\t\t\t\t\t\t\t\t\t<audio controls class=\"b61_audio_player\" data-noticia=\"88290\" src=\"https:\/\/brasil61.com\/rails\/active_storage\/blobs\/eyJfcmFpbHMiOnsibWVzc2FnZSI6IkJBaHBBNUlFQkE9PSIsImV4cCI6bnVsbCwicHVyIjoiYmxvYl9pZCJ9fQ==--ed6f174b98c7d8fb0790de50863db22ba5b8f771\/MCOM260333A\"><\/audio><\/p>\n<p>Mais de <strong>R$ 40 milh\u00f5es<\/strong> ser\u00e3o destinados a projetos que buscam<strong> ampliar o acesso \u00e0 comunica\u00e7\u00e3o<\/strong> no Brasil. A iniciativa da Ag\u00eancia Nacional de Telecomunica\u00e7\u00f5es (<a href=\"https:\/\/www.gov.br\/anatel\/pt-br\" target=\"_blank\" rel=\"noopener\">Anatel<\/a>), vinculada ao Minist\u00e9rio das Comunica\u00e7\u00f5es (<a href=\"https:\/\/www.gov.br\/mcom\/pt-br\" target=\"_blank\" rel=\"noopener\">MCom<\/a>), tamb\u00e9m estende at\u00e9 <strong>31 de dezembro de 2027 o prazo para conclus\u00e3o das a\u00e7\u00f5es<\/strong>. O recurso ser\u00e1 repartido em tr\u00eas frentes:\u00a0<\/p>\n<ol>\n<li>R$ 20 milh\u00f5es para instala\u00e7\u00e3o de novas antenas de <strong>telefonia m\u00f3vel<\/strong>;<\/li>\n<li>R$ 15 milh\u00f5es para<strong> manuten\u00e7\u00e3o das esta\u00e7\u00f5es retransmissoras de TV digital<\/strong>; e<\/li>\n<li>R$ 5 milh\u00f5es para desenvolvimento de aplica\u00e7\u00f5es da<strong> TV 3.0<\/strong> em emissoras p\u00fablicas.<\/li>\n<\/ol>\n<p>Segundo o ministro das Comunica\u00e7\u00f5es, Frederico de Siqueira Filho, o aporte financeiro garante \u201cque mais brasileiros tenham acesso \u00e0 comunica\u00e7\u00e3o de qualidade. A expans\u00e3o da telefonia m\u00f3vel, o fortalecimento da TV digital e o desenvolvimento da TV 3.0 fazem parte de uma agenda estrat\u00e9gica para modernizar as comunica\u00e7\u00f5es no pa\u00eds\u201d.<\/p>\n<h2>Iniciativas em andamento<\/h2>\n<p>Com a prorroga\u00e7\u00e3o do prazo, a Anatel busca<strong> implementar iniciativas estrat\u00e9gicas no setor de comunica\u00e7\u00e3o p\u00fablica<\/strong>. Entre as a\u00e7\u00f5es em andamento est\u00e1 o programa\u00a0<a href=\"https:\/\/www.gov.br\/mcom\/pt-br\/acesso-a-informacao\/acoes-e-programas\/programas-projetos-acoes-obras-e-atividades\/brasil-digital\" target=\"_blank\" rel=\"noopener\">Brasil Digital<\/a>, que <strong>amplia a oferta de canais p\u00fablicos<\/strong> no territ\u00f3rio nacional.<\/p>\n<p>A medida tamb\u00e9m contempla a<strong> instala\u00e7\u00e3o de esta\u00e7\u00f5es experimentais de TV 3.0 em emissoras p\u00fablicas<\/strong>, como a Empresa Brasil de Comunica\u00e7\u00e3o (<a href=\"https:\/\/www.ebc.com.br\/\" target=\"_blank\" rel=\"noopener\">EBC<\/a>) e a Rede Legislativa, que re\u00fane TV C\u00e2mara, TV Senado, TVs das Assembleias Legislativas e TVs de C\u00e2maras Municipais.<\/p>\n<p>A <strong>TV 3.0<\/strong> \u00e9 considerada pelo MCom a pr\u00f3xima <strong>evolu\u00e7\u00e3o da televis\u00e3o<\/strong> aberta no pa\u00eds. A tecnologia permite aproximar a experi\u00eancia da TV tradicional das plataformas digitais, por meio de imagem em ultra defini\u00e7\u00e3o, som aprimorado e interatividade.\u00a0<\/p>\n<p>Coordenados pelo Grupo de Implanta\u00e7\u00e3o do Processo de Redistribui\u00e7\u00e3o e Digitaliza\u00e7\u00e3o de Canais de TV e RTV (<a href=\"https:\/\/www.gov.br\/anatel\/pt-br\/composicao\/grupos-de-trabalho\/gired\" target=\"_blank\" rel=\"noopener\">Gired<\/a>) \u2014 \u00f3rg\u00e3o da Anatel respons\u00e1vel pela transi\u00e7\u00e3o da TV anal\u00f3gica para a digital no Brasil \u2014 os projetos contribuem para acelerar a ado\u00e7\u00e3o da nova tecnologia e ampliar o acesso da popula\u00e7\u00e3o a conte\u00fados digitais.<\/p>\n<p><strong>VEJA MAIS:<\/strong><\/p>\n<ul>\n<li><a href=\"https:\/\/brasil61.com\/n\/brasil-avanca-no-financiamento-internacional-de-r-2-7-bi-para-tv-3-0-mcom260309\" target=\"_blank\" rel=\"noopener\">Brasil avan\u00e7a no financiamento internacional de R$ 2,7 bi para TV 3.0<\/a><\/li>\n<li><a href=\"https:\/\/brasil61.com\/n\/ministerio-das-comunicacoes-e-anatel-publicam-edital-de-licitacao-da-faixa-de-700-mhz-para-ampliar-conectividade-no-brasil-mcom260311\" target=\"_blank\" rel=\"noopener\">Minist\u00e9rio das Comunica\u00e7\u00f5es e Anatel publicam edital de licita\u00e7\u00e3o da faixa de 700 MHz para ampliar conectividade no Brasil<\/a><\/li>\n<\/ul>\n<p>\t\t\t\t\t\t\t\t\t\t<img decoding=\"async\" src=\"https:\/\/brasil61.com\/api\/v1\/serve_pixel\/22254\/88290\" alt=\"Pixel Brasil 61\" class=\"b61_pixel\" width=\"0\" height=\"0\"><\/p>\n<div class=\"br61_backlink\">\n<p>\n\t\t\t\tFonte: <a href=\"https:\/\/brasil61.com\/tv-3-0-investimento-de-r-40-mi-impulsiona-modernizacao-da-televisao-no-brasil-mcom260333\" title=\"Artigo Original: TV 3.0: investimento de R$ 40 mi impulsiona moderniza\u00e7\u00e3o da televis\u00e3o no Brasil\" target=\"_blank\" rel=\"noopener\">Brasil 61<\/a>\n\t\t\t<\/p>\n<\/p><\/div>\n<input type=\"hidden\" id=\"baseurl\" value=\"https:\/\/noticiasregionais.com.br\"><input type=\"hidden\" id=\"audio_nonce\" value=\"62e6e21d74\">","protected":false},"excerpt":{"rendered":"<p>Recursos ser\u00e3o aplicados em telefonia m\u00f3vel, manuten\u00e7\u00e3o da TV digital e desenvolvimento da nova gera\u00e7\u00e3o da televis\u00e3o aberta, com prazo estendido at\u00e9 2027<\/p>\n","protected":false},"author":1,"featured_media":13339,"comment_status":"","ping_status":"open","sticky":false,"template":"","format":"standard","meta":{"sfsi_plus_gutenberg_text_before_share":"","sfsi_plus_gutenberg_show_text_before_share":"","sfsi_plus_gutenberg_icon_type":"","sfsi_plus_gutenberg_icon_alignemt":"","sfsi_plus_gutenburg_max_per_row":"","footnotes":""},"categories":[8],"tags":[],"class_list":["post-13338","post","type-post","status-publish","format-standard","has-post-thumbnail","hentry","category-brasil"],"_links":{"self":[{"href":"https:\/\/noticiasregionais.com.br\/index.php?rest_route=\/wp\/v2\/posts\/13338","targetHints":{"allow":["GET"]}}],"collection":[{"href":"https:\/\/noticiasregionais.com.br\/index.php?rest_route=\/wp\/v2\/posts"}],"about":[{"href":"https:\/\/noticiasregionais.com.br\/index.php?rest_route=\/wp\/v2\/types\/post"}],"author":[{"embeddable":true,"href":"https:\/\/noticiasregionais.com.br\/index.php?rest_route=\/wp\/v2\/users\/1"}],"replies":[{"embeddable":true,"href":"https:\/\/noticiasregionais.com.br\/index.php?rest_route=%2Fwp%2Fv2%2Fcomments&post=13338"}],"version-history":[{"count":0,"href":"https:\/\/noticiasregionais.com.br\/index.php?rest_route=\/wp\/v2\/posts\/13338\/revisions"}],"wp:featuredmedia":[{"embeddable":true,"href":"https:\/\/noticiasregionais.com.br\/index.php?rest_route=\/wp\/v2\/media\/13339"}],"wp:attachment":[{"href":"https:\/\/noticiasregionais.com.br\/index.php?rest_route=%2Fwp%2Fv2%2Fmedia&parent=13338"}],"wp:term":[{"taxonomy":"category","embeddable":true,"href":"https:\/\/noticiasregionais.com.br\/index.php?rest_route=%2Fwp%2Fv2%2Fcategories&post=13338"},{"taxonomy":"post_tag","embeddable":true,"href":"https:\/\/noticiasregionais.com.br\/index.php?rest_route=%2Fwp%2Fv2%2Ftags&post=13338"}],"curies":[{"name":"wp","href":"https:\/\/api.w.org\/{rel}","templated":true}]}}