{"id":13340,"date":"2026-03-13T04:55:00","date_gmt":"2026-03-13T07:55:00","guid":{"rendered":"https:\/\/noticiasregionais.com.br\/?p=13340"},"modified":"2026-03-13T04:55:00","modified_gmt":"2026-03-13T07:55:00","slug":"carreta-digital-leva-formacao-tecnologica-gratuita-para-65-jovens-de-baixa-renda-em-teresina","status":"publish","type":"post","link":"https:\/\/noticiasregionais.com.br\/?p=13340","title":{"rendered":"Carreta Digital leva forma\u00e7\u00e3o tecnol\u00f3gica gratuita para 65 jovens de baixa renda em Teresina"},"content":{"rendered":"<p>\t\t\t\t\t\t\t\t\t\t\t<audio controls class=\"b61_audio_player\" data-noticia=\"88287\" src=\"https:\/\/brasil61.com\/rails\/active_storage\/blobs\/eyJfcmFpbHMiOnsibWVzc2FnZSI6IkJBaHBBMklFQkE9PSIsImV4cCI6bnVsbCwicHVyIjoiYmxvYl9pZCJ9fQ==--956f063b153a2ee72361c51170f5a3230cbdf511\/MCOM260332A\"><\/audio><\/p>\n<p>Jovens de baixa renda da capital piauiense Teresina tiveram um fim de semana de muita capacita\u00e7\u00e3o em tecnologia gratuita com a <a href=\"https:\/\/www.gov.br\/mcom\/pt-br\/acesso-a-informacao\/acoes-e-programas\/programas-projetos-acoes-obras-e-atividades\/carreta-digital\" target=\"_blank\" rel=\"noopener\">Carreta Digital<\/a>. Ao todo, 65 estudantes conclu\u00edram os cursos de rob\u00f3tica e montagem e configura\u00e7\u00e3o de Computadores de Alto Desempenho, com direito a certificado.<\/p>\n<p>A iniciativa, coordenada pelo <a href=\"https:\/\/www.gov.br\/mcom\/pt-br\" target=\"_blank\" rel=\"noopener\">Minist\u00e9rio das Comunica\u00e7\u00f5es<\/a> e executada pela <a href=\"https:\/\/www.rbcip.org\/\" target=\"_blank\" rel=\"noopener\">Rede Brasileira de Certifica\u00e7\u00e3o, Pesquisa e Inova\u00e7\u00e3o (RBCIP)<\/a> com aux\u00edlio da prefeitura municipal, tamb\u00e9m entregou 15 computadores recondicionados.\u00a0<\/p>\n<p>O ministro Frederico de Siqueira Filho afirma que o objetivo da Carreta Digital \u00e9 democratizar a educa\u00e7\u00e3o tecnol\u00f3gica e facilitar o acesso desses jovens a um emprego com melhor remunera\u00e7\u00e3o. \u201cIsso \u00e9 uma oportunidade que o Governo Federal est\u00e1 dando para que essas crian\u00e7as possam se inserir nesse contexto de capacita\u00e7\u00e3o na \u00e1rea de tecnologia, rob\u00f3tica, desenvolvimento de jogos e, com isso, facilitar a entrada dessa crian\u00e7ada no mercado de trabalho\u201d, ressalta.<\/p>\n<p>A atividade comp\u00f4s a s\u00e9tima edi\u00e7\u00e3o do <a href=\"https:\/\/www.gov.br\/secom\/pt-br\/acompanhe-a-secom\/noticias\/2025\/11\/governo-na-rua-e-instituido-para-ampliar-dialogo-e-participacao-social-nas-politicas-publicas-federais\" target=\"_blank\" rel=\"noopener\">Governo do Brasil na Rua<\/a>, programa do Governo Federal que leva servi\u00e7os p\u00fablicos gratuitos diretamente \u00e0s comunidades. A escola m\u00f3vel est\u00e1 instalada no Gin\u00e1sio Arena Verd\u00e3o, localizado na Rua Rui Barbosa, no Centro de Teresina.<\/p>\n<p>\u201cEssa \u00e9 uma oportunidade importante para jovens alunos aprenderem conceitos b\u00e1sicos, ganharem experi\u00eancia t\u00e9cnica e chegarem com conhecimento ao mercado de trabalho. A Carreta Digital \u00e9 um projeto que transforma vidas por onde passa e \u00e9 nela que o aluno inicia o aprendizado para, mais tarde, colocar em pr\u00e1tica tudo o que aprendeu, seja no ambiente profissional quanto na vida\u201d, completa Siqueira Filho.<\/p>\n<p>Aline Marcon, coordenadora executiva do projeto, exalta a capacidade transformadora da Carreta Digital. \u201c\u00c9 uma grande oportunidade para que os jovens sejam iniciados em uma profiss\u00e3o que pode favorecer a entrada no mercado de trabalho, apoiar suas fam\u00edlias no uso das novas tecnologias e complementar conhecimentos em matem\u00e1tica, f\u00edsica e outras habilidades\u201d, destaca.<\/p>\n<h2>Carreta Digital<\/h2>\n<p>Lan\u00e7ada em 2024, a Carreta Digital do Minist\u00e9rio das Comunica\u00e7\u00f5es j\u00e1 capacitou mais de 11 mil jovens em v\u00e1rios estados de diversas regi\u00f5es do Brasil. A iniciativa \u00a0possibilita aulas presenciais em locais que frequentemente t\u00eam pouco ou nenhum acesso a recursos educacionais tecnol\u00f3gicos. Al\u00e9m dos cursos oferecidos para os alunos de Teresina, a proposta mais ampla da Carreta Digital oferece ainda programa\u00e7\u00e3o em Python, manuten\u00e7\u00e3o de celulares e desenvolvimento de jogos.<\/p>\n<p>Com o objetivo de certificar mais de 20 mil alunos, o projeto reafirma o compromisso da RBCIP e do Minist\u00e9rio das Comunica\u00e7\u00f5es com a inclus\u00e3o digital e a forma\u00e7\u00e3o profissional de jovens brasileiros.<\/p>\n<p>\t\t\t\t\t\t\t\t\t\t<img decoding=\"async\" src=\"https:\/\/brasil61.com\/api\/v1\/serve_pixel\/22254\/88287\" alt=\"Pixel Brasil 61\" class=\"b61_pixel\" width=\"0\" height=\"0\"><\/p>\n<div class=\"br61_backlink\">\n<p>\n\t\t\t\tFonte: <a href=\"https:\/\/brasil61.com\/carreta-digital-leva-formacao-tecnologica-gratuita-para-65-jovens-de-baixa-renda-em-teresina-mcom260332\" title=\"Artigo Original: Carreta Digital leva forma\u00e7\u00e3o tecnol\u00f3gica gratuita para 65 jovens de baixa renda em Teresina\" target=\"_blank\" rel=\"noopener\">Brasil 61<\/a>\n\t\t\t<\/p>\n<\/p><\/div>\n<input type=\"hidden\" id=\"baseurl\" value=\"https:\/\/noticiasregionais.com.br\"><input type=\"hidden\" id=\"audio_nonce\" value=\"62e6e21d74\">","protected":false},"excerpt":{"rendered":"<p>Al\u00e9m de cursos, Minist\u00e9rio da Comunica\u00e7\u00e3o entregou 15 computadores revitalizados para a capital piauiense<\/p>\n","protected":false},"author":1,"featured_media":13341,"comment_status":"","ping_status":"open","sticky":false,"template":"","format":"standard","meta":{"sfsi_plus_gutenberg_text_before_share":"","sfsi_plus_gutenberg_show_text_before_share":"","sfsi_plus_gutenberg_icon_type":"","sfsi_plus_gutenberg_icon_alignemt":"","sfsi_plus_gutenburg_max_per_row":"","footnotes":""},"categories":[8],"tags":[],"class_list":["post-13340","post","type-post","status-publish","format-standard","has-post-thumbnail","hentry","category-brasil"],"_links":{"self":[{"href":"https:\/\/noticiasregionais.com.br\/index.php?rest_route=\/wp\/v2\/posts\/13340","targetHints":{"allow":["GET"]}}],"collection":[{"href":"https:\/\/noticiasregionais.com.br\/index.php?rest_route=\/wp\/v2\/posts"}],"about":[{"href":"https:\/\/noticiasregionais.com.br\/index.php?rest_route=\/wp\/v2\/types\/post"}],"author":[{"embeddable":true,"href":"https:\/\/noticiasregionais.com.br\/index.php?rest_route=\/wp\/v2\/users\/1"}],"replies":[{"embeddable":true,"href":"https:\/\/noticiasregionais.com.br\/index.php?rest_route=%2Fwp%2Fv2%2Fcomments&post=13340"}],"version-history":[{"count":0,"href":"https:\/\/noticiasregionais.com.br\/index.php?rest_route=\/wp\/v2\/posts\/13340\/revisions"}],"wp:featuredmedia":[{"embeddable":true,"href":"https:\/\/noticiasregionais.com.br\/index.php?rest_route=\/wp\/v2\/media\/13341"}],"wp:attachment":[{"href":"https:\/\/noticiasregionais.com.br\/index.php?rest_route=%2Fwp%2Fv2%2Fmedia&parent=13340"}],"wp:term":[{"taxonomy":"category","embeddable":true,"href":"https:\/\/noticiasregionais.com.br\/index.php?rest_route=%2Fwp%2Fv2%2Fcategories&post=13340"},{"taxonomy":"post_tag","embeddable":true,"href":"https:\/\/noticiasregionais.com.br\/index.php?rest_route=%2Fwp%2Fv2%2Ftags&post=13340"}],"curies":[{"name":"wp","href":"https:\/\/api.w.org\/{rel}","templated":true}]}}