{"id":13358,"date":"2026-03-15T04:00:00","date_gmt":"2026-03-15T07:00:00","guid":{"rendered":"https:\/\/noticiasregionais.com.br\/?p=13358"},"modified":"2026-03-15T22:32:23","modified_gmt":"2026-03-16T01:32:23","slug":"mercado-rural-e-responsavel-por-tres-a-cada-dez-vagas-formais-no-pais-em-janeiro-segundo-cnm","status":"publish","type":"post","link":"https:\/\/noticiasregionais.com.br\/?p=13358","title":{"rendered":"Mercado rural \u00e9 respons\u00e1vel por tr\u00eas a cada dez vagas formais no pa\u00eds em janeiro, segundo CNM"},"content":{"rendered":"<p>O <strong>mercado de trabalho rural brasileiro<\/strong> <strong>criou 36.288 postos formais em janeiro<\/strong> e foi <strong>respons\u00e1vel por tr\u00eas em cada dez vagas no pa\u00eds<\/strong>, com <strong>246.259 admiss\u00f5es<\/strong> e <strong>209.971 desligamentos<\/strong>, segundo o <strong><a href=\"https:\/\/cnm.org.br\/storage\/biblioteca\/2026\/Informativos\/202601_INFO_DEV_Tres_a_cada_dez_vagas_foram_geradas_no_Agro_em_janeiro.pdf?_t=1773316429\" target=\"_blank\" rel=\"noopener\">Informativo Emprego no Campo<\/a>, da Confedera\u00e7\u00e3o Nacional de Munic\u00edpios (CNM)<\/strong>, divulgado na quinta-feira (12). O saldo foi <strong>inferior aos 54.673 de janeiro de 2025 e 39.466 de 2024<\/strong>.<\/p>\n<p>Segundo o CNM, das<strong> 4.730 cidades com movimento, 2.286 expandiram e 2.125 encolheram o emprego agro<\/strong>. A cidade de Vacaria (RS) liderou a expans\u00e3o, com 6.200 vagas, seguida por Santa Cruz do Sul (RS), com 1.500, e Bom Jesus (RS), com 1.200,<strong> impulsionadas pelas culturas de ma\u00e7\u00e3 e fumo<\/strong>.<\/p>\n<p><strong>Munic\u00edpios com popula\u00e7\u00e3o menor foram respons\u00e1veis por 60% das vagas<\/strong> \u2014 o <strong>equivalente a 21.900<\/strong> \u2014, enquanto os <strong>grandes perderam 481 postos<\/strong>. Os <strong>principais setores foram o da soja, respons\u00e1vel por 9.300 vagas em 1.139 munic\u00edpios, ma\u00e7\u00e3, respons\u00e1vel por 9.000 vagas em 34 munic\u00edpios, e processamento de fumo, que gerou 2.900 postos em 15 munic\u00edpios<\/strong>.<\/p>\n<p><strong>Atividades de cultivo, colheita, abate de aves e couro adicionaram 6.100 vagas, mas perdas vieram de laranja<\/strong> (-2.100 em 329 munic\u00edpios), <strong>conservas de frutas<\/strong> (-1.600 em 309) e <strong>apoio agr\u00edcola<\/strong> (-1.200 em 1.401). Pelo porte, <strong>pequenos munic\u00edpios absorveram 50,6% das admiss\u00f5es, com 124.700<\/strong>. <strong>Agropecu\u00e1ria e agroind\u00fastria concentraram 80% das contrata\u00e7\u00f5es<\/strong>.<\/p>\n<p>No recorte por regi\u00e3o, os <strong>destaques positivos foram o Sul, com a cria\u00e7\u00e3o de 21.700 vagas na cultura de ma\u00e7\u00e3, e o Centro-Oeste, com a cria\u00e7\u00e3o de 16.700 vagas na cultura de soja<\/strong>, enquanto o <strong>Nordeste perdeu 4.400 vagas na cultura de a\u00e7\u00facar<\/strong>. Estados como Rio Grande do Sul (14.300) e Mato Grosso (11.600) lideraram saldos. Sudeste e Norte tamb\u00e9m cresceram, com 1.800 e 1.100 vagas.<\/p>\n<p>A CNM destaca que, <strong>apesar da queda acumulada de 33,6% em rela\u00e7\u00e3o a janeiro de 2025<\/strong>, o agro segue essencial para o emprego formal, <strong>respons\u00e1vel por 32.3% das vagas anuais desde 2022<\/strong>.<\/p>\n<p>Com informa\u00e7\u00f5es da Confedera\u00e7\u00e3o Nacional de Munic\u00edpios.<\/p>\n<p>\t\t\t\t\t\t\t\t\t<img decoding=\"async\" src=\"https:\/\/brasil61.com\/api\/v1\/serve_pixel\/22254\/88335\" alt=\"Pixel Brasil 61\" class=\"b61_pixel\" width=\"0\" height=\"0\"><\/p>\n<div class=\"br61_backlink\">\n<p>\n\t\t\t\tFonte: <a href=\"https:\/\/brasil61.com\/mercado-rural-e-responsavel-por-tres-a-cada-dez-vagas-formais-no-pais-em-janeiro-segundo-cnm-bras2616057\" title=\"Artigo Original: Mercado rural \u00e9 respons\u00e1vel por tr\u00eas a cada dez vagas formais no pa\u00eds em janeiro, segundo CNM\" target=\"_blank\" rel=\"noopener\">Brasil 61<\/a>\n\t\t\t<\/p>\n<\/p><\/div>\n<input type=\"hidden\" id=\"baseurl\" value=\"https:\/\/noticiasregionais.com.br\"><input type=\"hidden\" id=\"audio_nonce\" value=\"d7ad76df66\">","protected":false},"excerpt":{"rendered":"<p>Informativo Emprego no Campo mostrou queda frente ao mesmo per\u00edodo de 2024 e 2025, mas manteve representa\u00e7\u00e3o na cria\u00e7\u00e3o anual de postos de trabalho<\/p>\n","protected":false},"author":1,"featured_media":13361,"comment_status":"closed","ping_status":"open","sticky":false,"template":"","format":"standard","meta":{"sfsi_plus_gutenberg_text_before_share":"","sfsi_plus_gutenberg_show_text_before_share":"","sfsi_plus_gutenberg_icon_type":"","sfsi_plus_gutenberg_icon_alignemt":"","sfsi_plus_gutenburg_max_per_row":"","footnotes":""},"categories":[8],"tags":[],"class_list":["post-13358","post","type-post","status-publish","format-standard","has-post-thumbnail","hentry","category-brasil"],"_links":{"self":[{"href":"https:\/\/noticiasregionais.com.br\/index.php?rest_route=\/wp\/v2\/posts\/13358","targetHints":{"allow":["GET"]}}],"collection":[{"href":"https:\/\/noticiasregionais.com.br\/index.php?rest_route=\/wp\/v2\/posts"}],"about":[{"href":"https:\/\/noticiasregionais.com.br\/index.php?rest_route=\/wp\/v2\/types\/post"}],"author":[{"embeddable":true,"href":"https:\/\/noticiasregionais.com.br\/index.php?rest_route=\/wp\/v2\/users\/1"}],"replies":[{"embeddable":true,"href":"https:\/\/noticiasregionais.com.br\/index.php?rest_route=%2Fwp%2Fv2%2Fcomments&post=13358"}],"version-history":[{"count":1,"href":"https:\/\/noticiasregionais.com.br\/index.php?rest_route=\/wp\/v2\/posts\/13358\/revisions"}],"predecessor-version":[{"id":13360,"href":"https:\/\/noticiasregionais.com.br\/index.php?rest_route=\/wp\/v2\/posts\/13358\/revisions\/13360"}],"wp:featuredmedia":[{"embeddable":true,"href":"https:\/\/noticiasregionais.com.br\/index.php?rest_route=\/wp\/v2\/media\/13361"}],"wp:attachment":[{"href":"https:\/\/noticiasregionais.com.br\/index.php?rest_route=%2Fwp%2Fv2%2Fmedia&parent=13358"}],"wp:term":[{"taxonomy":"category","embeddable":true,"href":"https:\/\/noticiasregionais.com.br\/index.php?rest_route=%2Fwp%2Fv2%2Fcategories&post=13358"},{"taxonomy":"post_tag","embeddable":true,"href":"https:\/\/noticiasregionais.com.br\/index.php?rest_route=%2Fwp%2Fv2%2Ftags&post=13358"}],"curies":[{"name":"wp","href":"https:\/\/api.w.org\/{rel}","templated":true}]}}