{"id":13371,"date":"2026-03-16T04:25:00","date_gmt":"2026-03-16T07:25:00","guid":{"rendered":"https:\/\/noticiasregionais.com.br\/?p=13371"},"modified":"2026-03-16T04:25:00","modified_gmt":"2026-03-16T07:25:00","slug":"congresso-retoma-calendario-apos-semana-focada-no-direito-das-mulheres-2","status":"publish","type":"post","link":"https:\/\/noticiasregionais.com.br\/?p=13371","title":{"rendered":"Congresso retoma calend\u00e1rio ap\u00f3s semana focada no direito das mulheres"},"content":{"rendered":"<p>\t\t\t\t\t\t\t\t\t\t\t<audio controls class=\"b61_audio_player\" data-noticia=\"88337\" src=\"https:\/\/brasil61.com\/rails\/active_storage\/blobs\/eyJfcmFpbHMiOnsibWVzc2FnZSI6IkJBaHBBMThGQkE9PSIsImV4cCI6bnVsbCwicHVyIjoiYmxvYl9pZCJ9fQ==--296d70f9102560b7e4f168570d103cf7c91574ba\/BRAS2616059A\"><\/audio><\/p>\n<p>Ap\u00f3s uma semana praticamente exclusiva \u00e0s discuss\u00f5es sobre amplia\u00e7\u00e3o e garantia do direito das mulheres, bem como ao combate a crimes mis\u00f3ginos, o Congresso Nacional retoma os debates sobre as demais pautas priorit\u00e1rias.<\/p>\n<p>Para deputados, a semana j\u00e1 come\u00e7a com reuni\u00e3o de l\u00edderes para defini\u00e7\u00e3o da pauta na segunda-feira (16). O mesmo deve acontecer no Senado, que tamb\u00e9m n\u00e3o fechou os projetos a serem analisados.<\/p>\n<h2>Plen\u00e1rio<\/h2>\n<p>Para ter\u00e7a-feira (17), est\u00e1 marcada sess\u00e3o solene conjunta para promulga\u00e7\u00e3o do acordo comercial entre <a href=\"https:\/\/brasil61.com\/noticias\/tag\/mercosul-e-uniao-europeia\" target=\"_blank\" rel=\"noopener\">Mercosul e Uni\u00e3o Europeia<\/a>. O texto prev\u00ea redu\u00e7\u00e3o de tarifas para 91% dos produtos importados pelo Mercosul e 95% dos produtos importados pela Europa, criando a maior zona de livre com\u00e9rcio do mundo, com cerca de 720 milh\u00f5es de pessoas e Produto Interno Bruto (<a href=\"https:\/\/brasil61.com\/noticias\/tag\/pib\" target=\"_blank\" rel=\"noopener\">PIB<\/a>) somado de aproximadamente US$ 22 trilh\u00f5es.<\/p>\n<p>No Senado, a expectativa \u00e9 de in\u00edcio da discuss\u00e3o sobre a PEC da Seguran\u00e7a P\u00fablica (<a href=\"https:\/\/www25.senado.leg.br\/web\/atividade\/materias\/-\/materia\/172997\" target=\"_blank\" rel=\"noopener\">PEC 18\/2025<\/a>). Aprovada pela C\u00e2mara no in\u00edcio do m\u00eas, a proposta estabelece a atua\u00e7\u00e3o cooperativa entre Uni\u00e3o, estados e munic\u00edpios no combate \u00e0 criminalidade. Outro tema que pode ser levado ao plen\u00e1rio \u00e9 <a href=\"https:\/\/www25.senado.leg.br\/web\/atividade\/materias\/-\/materia\/164060\" target=\"_blank\" rel=\"noopener\">PL 2.294\/2024<\/a>, que\u00a0cria\u00a0um exame obrigat\u00f3rio para rec\u00e9m-formados em medicina, tema que ganhou destaque ap\u00f3s resultados preocupantes no 1\u00ba <a href=\"https:\/\/www.gov.br\/inep\/pt-br\/areas-de-atuacao\/avaliacao-e-exames-educacionais\/enamed\" target=\"_blank\" rel=\"noopener\">Exame Nacional de Avalia\u00e7\u00e3o da Forma\u00e7\u00e3o M\u00e9dica (Enamed)<\/a>.<\/p>\n<h2>Comiss\u00f5es<\/h2>\n<p>A semana come\u00e7a com a j\u00e1 habitual sess\u00e3o da <a href=\"https:\/\/legis.senado.leg.br\/atividade\/comissoes\/comissao\/2794\/\" target=\"_blank\" rel=\"noopener\">Comiss\u00e3o Parlamentar Mista de Inqu\u00e9rito do INSS<\/a>. Nesta segunda-feira (16), ser\u00e1 ouvido Aristides Veras dos Santos, ex-presidente da <a href=\"https:\/\/ww2.contag.org.br\/\" target=\"_blank\" rel=\"noopener\">Confedera\u00e7\u00e3o Nacional dos Trabalhadores Rurais, Agricultores e Agricultoras Familiares (Contag)<\/a>, uma das entidades investigadas que mais teria descontado valores indevidamente de aposentados e pensionistas nos \u00faltimos anos. O colegiado ainda convive com a incerteza sobre a dura\u00e7\u00e3o dos trabalhos, que t\u00eam prazo final em 28 de mar\u00e7o, uma vez que o presidente da Casa, <a href=\"https:\/\/www25.senado.leg.br\/web\/senadores\/senador\/-\/perfil\/3830\" target=\"_blank\" rel=\"noopener\">Davi Alcolumbre\u00a0(Uni\u00e3o-AP)<\/a>, ainda n\u00e3o autorizou a prorroga\u00e7\u00e3o da comiss\u00e3o.<\/p>\n<p>Na ter\u00e7a, o senador <a href=\"https:\/\/www25.senado.leg.br\/web\/senadores\/senador\/-\/perfil\/4639\" target=\"_blank\" rel=\"noopener\">Beto Faro (PT-PA)<\/a> deve apresentar o relat\u00f3rio sobre as novas exig\u00eancias para concess\u00e3o do <a href=\"https:\/\/www.gov.br\/inss\/pt-br\/noticias\/seguro-defeso-entenda-o-beneficio-para-o-pescador-artesanal\" target=\"_blank\" rel=\"noopener\">seguro defeso<\/a> a pescadores artesanais na <a href=\"https:\/\/legis.senado.leg.br\/atividade\/comissoes\/comissao\/2823\/\" target=\"_blank\" rel=\"noopener\">Comiss\u00e3o Mista da Medida Provis\u00f3ria 1.323\/2025<\/a>. O documento deveria ser apresentado na semana passada, mas foi adiado a pedido do relator. J\u00e1 na <a href=\"https:\/\/legis.senado.leg.br\/atividade\/comissoes\/comissao\/2429\" target=\"_blank\" rel=\"noopener\">Comiss\u00e3o de Seguran\u00e7a P\u00fablica (CSP)<\/a> pode ser votado o <a href=\"https:\/\/www25.senado.leg.br\/web\/atividade\/materias\/-\/materia\/167282\" target=\"_blank\" rel=\"noopener\">PLP 41\/2025<\/a>,\u00a0que autoriza os estados a criarem as pr\u00f3prias leis penais, prerrogativa atualmente exclusiva da Uni\u00e3o.<\/p>\n<p>A <a href=\"https:\/\/legis.senado.leg.br\/atividade\/comissoes\/comissao\/54\/\" target=\"_blank\" rel=\"noopener\">Comiss\u00e3o de Rela\u00e7\u00f5es Exteriores e Defesa Nacional (CRE) do Senado<\/a> deve ouvir, na quarta-feira (18), o <a href=\"https:\/\/www.gov.br\/mre\/pt-br\" target=\"_blank\" rel=\"noopener\">ministro das Rela\u00e7\u00f5es Exteriores<\/a>, Mauro Vieira, para explicar o posicionamento do Brasil diante das recentes tens\u00f5es no Oriente M\u00e9dio. Na mesma data, mas na C\u00e2mara dos Deputados, Luiz Marinho, ministro do <a href=\"https:\/\/www.gov.br\/trabalho-e-emprego\/pt-br\" target=\"_blank\" rel=\"noopener\">Trabalho e Emprego<\/a>, Andr\u00e9 Fufuca, <a href=\"https:\/\/www.gov.br\/esporte\/pt-br\" target=\"_blank\" rel=\"noopener\">dos Esportes<\/a>, e Jader Barbalho Filho, <a href=\"https:\/\/www.gov.br\/cidades\/pt-br\" target=\"_blank\" rel=\"noopener\">das Cidades<\/a>, debatem as prioridades para o ano nas comiss\u00f5es tem\u00e1ticas de cada setor.<\/p>\n<p>\t\t\t\t\t\t\t\t\t\t<img decoding=\"async\" src=\"https:\/\/brasil61.com\/api\/v1\/serve_pixel\/22254\/88337\" alt=\"Pixel Brasil 61\" class=\"b61_pixel\" width=\"0\" height=\"0\"><\/p>\n<div class=\"br61_backlink\">\n<p>\n\t\t\t\tFonte: <a href=\"https:\/\/brasil61.com\/congresso-retoma-calendario-apos-semana-focada-no-direito-das-mulheres-bras2616059\" title=\"Artigo Original: Congresso retoma calend\u00e1rio ap\u00f3s semana focada no direito das mulheres\" target=\"_blank\" rel=\"noopener\">Brasil 61<\/a>\n\t\t\t<\/p>\n<\/p><\/div>\n<input type=\"hidden\" id=\"baseurl\" value=\"https:\/\/noticiasregionais.com.br\"><input type=\"hidden\" id=\"audio_nonce\" value=\"9ddf44ba02\">","protected":false},"excerpt":{"rendered":"<p>Trabalhos se concentram at\u00e9 quarta (18), com defini\u00e7\u00e3o das pautas dos plen\u00e1rios na segunda e promulga\u00e7\u00e3o do acordo Mercosul-UE na ter\u00e7a<\/p>\n","protected":false},"author":1,"featured_media":13372,"comment_status":"","ping_status":"open","sticky":false,"template":"","format":"standard","meta":{"sfsi_plus_gutenberg_text_before_share":"","sfsi_plus_gutenberg_show_text_before_share":"","sfsi_plus_gutenberg_icon_type":"","sfsi_plus_gutenberg_icon_alignemt":"","sfsi_plus_gutenburg_max_per_row":"","footnotes":""},"categories":[8],"tags":[],"class_list":["post-13371","post","type-post","status-publish","format-standard","has-post-thumbnail","hentry","category-brasil"],"_links":{"self":[{"href":"https:\/\/noticiasregionais.com.br\/index.php?rest_route=\/wp\/v2\/posts\/13371","targetHints":{"allow":["GET"]}}],"collection":[{"href":"https:\/\/noticiasregionais.com.br\/index.php?rest_route=\/wp\/v2\/posts"}],"about":[{"href":"https:\/\/noticiasregionais.com.br\/index.php?rest_route=\/wp\/v2\/types\/post"}],"author":[{"embeddable":true,"href":"https:\/\/noticiasregionais.com.br\/index.php?rest_route=\/wp\/v2\/users\/1"}],"replies":[{"embeddable":true,"href":"https:\/\/noticiasregionais.com.br\/index.php?rest_route=%2Fwp%2Fv2%2Fcomments&post=13371"}],"version-history":[{"count":0,"href":"https:\/\/noticiasregionais.com.br\/index.php?rest_route=\/wp\/v2\/posts\/13371\/revisions"}],"wp:featuredmedia":[{"embeddable":true,"href":"https:\/\/noticiasregionais.com.br\/index.php?rest_route=\/wp\/v2\/media\/13372"}],"wp:attachment":[{"href":"https:\/\/noticiasregionais.com.br\/index.php?rest_route=%2Fwp%2Fv2%2Fmedia&parent=13371"}],"wp:term":[{"taxonomy":"category","embeddable":true,"href":"https:\/\/noticiasregionais.com.br\/index.php?rest_route=%2Fwp%2Fv2%2Fcategories&post=13371"},{"taxonomy":"post_tag","embeddable":true,"href":"https:\/\/noticiasregionais.com.br\/index.php?rest_route=%2Fwp%2Fv2%2Ftags&post=13371"}],"curies":[{"name":"wp","href":"https:\/\/api.w.org\/{rel}","templated":true}]}}