{"id":13375,"date":"2026-03-16T04:50:00","date_gmt":"2026-03-16T07:50:00","guid":{"rendered":"https:\/\/noticiasregionais.com.br\/?p=13375"},"modified":"2026-03-16T04:50:00","modified_gmt":"2026-03-16T07:50:00","slug":"brasil-conclui-desligamento-da-tv-analogica-e-libera-faixa-para-expansao-do-4g","status":"publish","type":"post","link":"https:\/\/noticiasregionais.com.br\/?p=13375","title":{"rendered":"Brasil conclui desligamento da TV anal\u00f3gica e libera faixa para expans\u00e3o do 4G"},"content":{"rendered":"<p>\t\t\t\t\t\t\t\t\t\t\t<audio controls class=\"b61_audio_player\" data-noticia=\"88324\" src=\"https:\/\/brasil61.com\/rails\/active_storage\/blobs\/eyJfcmFpbHMiOnsibWVzc2FnZSI6IkJBaHBBMUlGQkE9PSIsImV4cCI6bnVsbCwicHVyIjoiYmxvYl9pZCJ9fQ==--a0dea9de9d7521079bf1a3992c282792457f263c\/MCOM260334A\"><\/audio><\/p>\n<p>O Brasil <strong>encerrou oficialmente a era da TV anal\u00f3gica<\/strong>. A Ag\u00eancia Nacional de Telecomunica\u00e7\u00f5es (<a href=\"https:\/\/www.gov.br\/anatel\/pt-br\" target=\"_blank\" rel=\"noopener\">Anatel<\/a>), vinculada ao Minist\u00e9rio das Comunica\u00e7\u00f5es (<a href=\"https:\/\/www.gov.br\/mcom\/pt-br\" target=\"_blank\" rel=\"noopener\">MCom<\/a>), confirmou a<strong> conclus\u00e3o do processo em dezembro de 2025<\/strong>. Com o desligamento, a entidade<strong> liberou a faixa de 700 MHz<\/strong>, considerada estrat\u00e9gica para a ampliar a cobertura da<strong> internet m\u00f3vel 4G<\/strong> no pa\u00eds.<\/p>\n<p>O ministro das Comunica\u00e7\u00f5es, Frederico de Siqueira Filho, classificou o encerramento como um marco na moderniza\u00e7\u00e3o das transmiss\u00f5es brasileiras. \u201cAl\u00e9m de levar mais qualidade de imagem e som para milh\u00f5es de brasileiros, essa transi\u00e7\u00e3o tamb\u00e9m permitiu liberar espectro para ampliar a cobertura da internet m\u00f3vel 4G, fortalecendo a conectividade e a inclus\u00e3o digital\u201d, afirmou.<\/p>\n<p>De acordo com o levantamento do Grupo de Implementa\u00e7\u00e3o do Processo de Redistribui\u00e7\u00e3o e Digitaliza\u00e7\u00e3o de Canais de TV e RTV (<a href=\"https:\/\/www.gov.br\/anatel\/pt-br\/composicao\/grupos-de-trabalho\/gired\" target=\"_blank\" rel=\"noopener\">Gired<\/a>) \u2014 \u00f3rg\u00e3o da Anatel respons\u00e1vel por coordenar a opera\u00e7\u00e3o \u2014 a transi\u00e7\u00e3o para a TV digital resultou em mais de <strong>14 mil canais anal\u00f3gicos desligados<\/strong>.<\/p>\n<p>Al\u00e9m disso, a entidade aponta que aproximadamente<strong> 20 mil canais digitais <\/strong>passaram a integrar o plano b\u00e1sico de radiodifus\u00e3o e cerca de <strong>14 milh\u00f5es de kits de TV digital <\/strong>foram distribu\u00eddos gratuitamente a fam\u00edlias de baixa renda inscritas no Cadastro \u00danico (<a href=\"https:\/\/www.gov.br\/pt-br\/servicos\/consultar-dados-do-cadastro-unico-cadunico\" target=\"_blank\" rel=\"noopener\">Cad\u00danico<\/a>).<\/p>\n<h2>Expans\u00e3o da conectividade<\/h2>\n<p>A <strong>libera\u00e7\u00e3o da faixa de 700 MHz <\/strong>viabiliza investimentos em novas redes e amplia o alcance da internet m\u00f3vel, especialmente em regi\u00f5es com menor infraestrutura. Segundo a Gired, parte dos recursos remanescentes do processo de digitaliza\u00e7\u00e3o, cerca de<strong> R$ 500 milh\u00f5es<\/strong>, est\u00e1 sendo aplicado em projetos estrat\u00e9gicos.<\/p>\n<p>No setor de telecomunica\u00e7\u00f5es, o aporte financia leil\u00f5es reversos para implanta\u00e7\u00e3o de esta\u00e7\u00f5es 4G em distritos sem cobertura. J\u00e1 na radiodifus\u00e3o, os investimentos se voltam para iniciativas como a<strong> TV 3.0<\/strong>, considerada a nova gera\u00e7\u00e3o da televis\u00e3o aberta, al\u00e9m dos programas <a href=\"https:\/\/www.gov.br\/mcom\/pt-br\/acesso-a-informacao\/acoes-e-programas\/programas-projetos-acoes-obras-e-atividades\/digitaliza-brasil-1\" target=\"_blank\" rel=\"noopener\">Digitaliza Brasil<\/a>\u00a0e <a href=\"https:\/\/www.gov.br\/mcom\/pt-br\/acesso-a-informacao\/acoes-e-programas\/programas-projetos-acoes-obras-e-atividades\/brasil-digital\" target=\"_blank\" rel=\"noopener\">Brasil Digital<\/a>, voltados \u00e0 expans\u00e3o e fortalecimento da infraestrutura de comunica\u00e7\u00e3o.<\/p>\n<p><strong>VEJA MAIS:<\/strong><\/p>\n<ul>\n<li><a href=\"https:\/\/brasil61.com\/n\/tv-3-0-investimento-de-r-40-mi-impulsiona-modernizacao-da-televisao-no-brasil-mcom260333\" target=\"_blank\" rel=\"noopener\">TV 3.0: investimento de R$ 40 mi impulsiona moderniza\u00e7\u00e3o da televis\u00e3o no Brasil<\/a><\/li>\n<li><a href=\"https:\/\/brasil61.com\/n\/ministerio-das-comunicacoes-e-anatel-publicam-edital-de-licitacao-da-faixa-de-700-mhz-para-ampliar-conectividade-no-brasil-mcom260311\" target=\"_blank\" rel=\"noopener\">Minist\u00e9rio das Comunica\u00e7\u00f5es e Anatel publicam edital de licita\u00e7\u00e3o da faixa de 700 MHz para ampliar conectividade no Brasil<\/a><\/li>\n<\/ul>\n<p>\t\t\t\t\t\t\t\t\t\t<img decoding=\"async\" src=\"https:\/\/brasil61.com\/api\/v1\/serve_pixel\/22254\/88324\" alt=\"Pixel Brasil 61\" class=\"b61_pixel\" width=\"0\" height=\"0\"><\/p>\n<div class=\"br61_backlink\">\n<p>\n\t\t\t\tFonte: <a href=\"https:\/\/brasil61.com\/brasil-conclui-desligamento-da-tv-analogica-e-libera-faixa-para-expansao-do-4g-mcom260334\" title=\"Artigo Original: Brasil conclui desligamento da TV anal\u00f3gica e libera faixa para expans\u00e3o do 4G\" target=\"_blank\" rel=\"noopener\">Brasil 61<\/a>\n\t\t\t<\/p>\n<\/p><\/div>\n<input type=\"hidden\" id=\"baseurl\" value=\"https:\/\/noticiasregionais.com.br\"><input type=\"hidden\" id=\"audio_nonce\" value=\"9ddf44ba02\">","protected":false},"excerpt":{"rendered":"<p>Transi\u00e7\u00e3o para TV digital viabiliza investimentos em conectividade e novos projetos, como a TV 3.0<\/p>\n","protected":false},"author":1,"featured_media":13376,"comment_status":"","ping_status":"open","sticky":false,"template":"","format":"standard","meta":{"sfsi_plus_gutenberg_text_before_share":"","sfsi_plus_gutenberg_show_text_before_share":"","sfsi_plus_gutenberg_icon_type":"","sfsi_plus_gutenberg_icon_alignemt":"","sfsi_plus_gutenburg_max_per_row":"","footnotes":""},"categories":[8],"tags":[],"class_list":["post-13375","post","type-post","status-publish","format-standard","has-post-thumbnail","hentry","category-brasil"],"_links":{"self":[{"href":"https:\/\/noticiasregionais.com.br\/index.php?rest_route=\/wp\/v2\/posts\/13375","targetHints":{"allow":["GET"]}}],"collection":[{"href":"https:\/\/noticiasregionais.com.br\/index.php?rest_route=\/wp\/v2\/posts"}],"about":[{"href":"https:\/\/noticiasregionais.com.br\/index.php?rest_route=\/wp\/v2\/types\/post"}],"author":[{"embeddable":true,"href":"https:\/\/noticiasregionais.com.br\/index.php?rest_route=\/wp\/v2\/users\/1"}],"replies":[{"embeddable":true,"href":"https:\/\/noticiasregionais.com.br\/index.php?rest_route=%2Fwp%2Fv2%2Fcomments&post=13375"}],"version-history":[{"count":0,"href":"https:\/\/noticiasregionais.com.br\/index.php?rest_route=\/wp\/v2\/posts\/13375\/revisions"}],"wp:featuredmedia":[{"embeddable":true,"href":"https:\/\/noticiasregionais.com.br\/index.php?rest_route=\/wp\/v2\/media\/13376"}],"wp:attachment":[{"href":"https:\/\/noticiasregionais.com.br\/index.php?rest_route=%2Fwp%2Fv2%2Fmedia&parent=13375"}],"wp:term":[{"taxonomy":"category","embeddable":true,"href":"https:\/\/noticiasregionais.com.br\/index.php?rest_route=%2Fwp%2Fv2%2Fcategories&post=13375"},{"taxonomy":"post_tag","embeddable":true,"href":"https:\/\/noticiasregionais.com.br\/index.php?rest_route=%2Fwp%2Fv2%2Ftags&post=13375"}],"curies":[{"name":"wp","href":"https:\/\/api.w.org\/{rel}","templated":true}]}}