{"id":1338,"date":"2023-11-29T07:18:59","date_gmt":"2023-11-29T10:18:59","guid":{"rendered":"https:\/\/noticiasregionais.com.br\/?p=1338"},"modified":"2023-11-29T08:17:23","modified_gmt":"2023-11-29T11:17:23","slug":"justica-remarca-juri-popular-de-ex-pm-suspeito-de-matar-foragido-da-justica-em-ourinhos","status":"publish","type":"post","link":"https:\/\/noticiasregionais.com.br\/?p=1338","title":{"rendered":"Justi\u00e7a remarca j\u00fari popular de ex-PM suspeito de matar foragido da Justi\u00e7a em Ourinhos"},"content":{"rendered":"\n<p class=\"has-text-align-center\"><strong>Julgamento do ex-subtenente Alexandre David Zanete, marcado para esta quinta-feira (30), foi remarcado para 2024 por falta de jurados. Ele e um cabo, que tamb\u00e9m participou da a\u00e7\u00e3o flagrada por c\u00e2mera de seguran\u00e7a, foram expulsos da corpora\u00e7\u00e3o.<\/strong><\/p>\n\n\n\n<p>Segundo a decis\u00e3o, ao final do m\u00eas de outubro, restaram apenas 30 c\u00e9dulas na urna, o que inviabiliza a realiza\u00e7\u00e3o das sess\u00f5es designadas para novembro, considerada a convoca\u00e7\u00e3o m\u00e9dia de 15 jurados suplementares a cada m\u00eas.<\/p>\n\n\n\n<p>A decis\u00e3o de determinar que o julgamento aconte\u00e7a em uma sess\u00e3o do Tribunal do J\u00fari foi tomada pela ju\u00edza, que considerou \u201cadmiss\u00edvel a den\u00fancia\u201d de homic\u00eddio qualificado por motivo torpe e com recurso que dificultou a defesa da v\u00edtima.<\/p>\n\n\n\n<p>Al\u00e9m do ex-policial, tr\u00eas testemunhas de acusa\u00e7\u00e3o, duas testemunhas de defesa e outras duas pessoas foram intimadas a participar do julgamento.<\/p>\n\n\n\n<p>Alexandre David Zanete e o ent\u00e3o cabo Jo\u00e3o Paulo Herrera, que tamb\u00e9m participou do crime, foram expulsos da corpora\u00e7\u00e3o em maio de 2022.<\/p>\n\n\n\n<p>Os dois foram flagrados por uma c\u00e2mera de seguran\u00e7a durante uma abordagem a Murilo Henrique Junqueira, ent\u00e3o procurado pela Justi\u00e7a. As imagens registraram quando os dois policiais viram a v\u00edtima em um matagal. Murilo se entregou com as m\u00e3os para cima, sem resistir \u00e0 abordagem. Mesmo assim, foi morto a tiros por Alexandre.<\/p>\n\n\n\n<p>Em seguida, os dois policiais dispararam para o alto, possivelmente para simular um tiroteio. A dupla chegou a ser presa durante a fase de inqu\u00e9rito, mas foi solta por decis\u00f5es judiciais.<\/p>\n\n\n\n<p>Apenas Alexandre foi denunciado pelo Minist\u00e9rio P\u00fablico por homic\u00eddio qualificado. Em mar\u00e7o, a promotoria e a defesa apresentaram suas alega\u00e7\u00f5es finais. O MP n\u00e3o apontou o cabo como investigado por homic\u00eddio, apesar de eventual responsabilidade por fraude processual, suspeito de alterar a cena do crime.<\/p>\n\n\n\n<p><strong>Pris\u00e3o revogada<br><\/strong>Em mar\u00e7o de 2022, a Justi\u00e7a revogou a pris\u00e3o preventiva de Alexandre David Zanete. A decis\u00e3o justifica a concess\u00e3o da liberdade provis\u00f3ria por conta da instru\u00e7\u00e3o processual j\u00e1 estar encerrada e pelo fato de Zanete ser prim\u00e1rio e portador de bons antecedentes criminais.<\/p>\n\n\n\n<p>A Justi\u00e7a tamb\u00e9m determinou ao policial algumas condi\u00e7\u00f5es durante o per\u00edodo de liberdade provis\u00f3ria, como obriga\u00e7\u00e3o de comparecimento mensal em ju\u00edzo, proibi\u00e7\u00e3o de manter contato com todas as pessoas ouvidas como testemunhas, e a determina\u00e7\u00e3o de que ele n\u00e3o pode se ausentar da comarca de Ourinhos sem autoriza\u00e7\u00e3o judicial.<\/p>\n\n\n\n<p>O outro policial envolvido no crime, que tamb\u00e9m estava preso, teve a liberdade concedida pela Justi\u00e7a, que entendeu n\u00e3o ser mais necess\u00e1rio mant\u00ea-lo em reclus\u00e3o.<\/p>\n\n\n\n<p><strong><sub>fonte: G1 Bauru e Mar\u00edlia<\/sub><\/strong><\/p>\n<input type=\"hidden\" id=\"baseurl\" value=\"https:\/\/noticiasregionais.com.br\"><input type=\"hidden\" id=\"audio_nonce\" value=\"533fbb67b1\">","protected":false},"excerpt":{"rendered":"<p>Julgamento do ex-subtenente Alexandre David Zanete, marcado para esta quinta-feira (30), foi remarcado para 2024 por falta de jurados. Ele&hellip;<\/p>\n","protected":false},"author":1,"featured_media":1340,"comment_status":"closed","ping_status":"open","sticky":false,"template":"","format":"standard","meta":{"sfsi_plus_gutenberg_text_before_share":"","sfsi_plus_gutenberg_show_text_before_share":"","sfsi_plus_gutenberg_icon_type":"","sfsi_plus_gutenberg_icon_alignemt":"","sfsi_plus_gutenburg_max_per_row":"","footnotes":""},"categories":[5,10,1],"tags":[],"class_list":["post-1338","post","type-post","status-publish","format-standard","has-post-thumbnail","hentry","category-ourinhos","category-destaques","category-noticias"],"_links":{"self":[{"href":"https:\/\/noticiasregionais.com.br\/index.php?rest_route=\/wp\/v2\/posts\/1338","targetHints":{"allow":["GET"]}}],"collection":[{"href":"https:\/\/noticiasregionais.com.br\/index.php?rest_route=\/wp\/v2\/posts"}],"about":[{"href":"https:\/\/noticiasregionais.com.br\/index.php?rest_route=\/wp\/v2\/types\/post"}],"author":[{"embeddable":true,"href":"https:\/\/noticiasregionais.com.br\/index.php?rest_route=\/wp\/v2\/users\/1"}],"replies":[{"embeddable":true,"href":"https:\/\/noticiasregionais.com.br\/index.php?rest_route=%2Fwp%2Fv2%2Fcomments&post=1338"}],"version-history":[{"count":1,"href":"https:\/\/noticiasregionais.com.br\/index.php?rest_route=\/wp\/v2\/posts\/1338\/revisions"}],"predecessor-version":[{"id":1341,"href":"https:\/\/noticiasregionais.com.br\/index.php?rest_route=\/wp\/v2\/posts\/1338\/revisions\/1341"}],"wp:featuredmedia":[{"embeddable":true,"href":"https:\/\/noticiasregionais.com.br\/index.php?rest_route=\/wp\/v2\/media\/1340"}],"wp:attachment":[{"href":"https:\/\/noticiasregionais.com.br\/index.php?rest_route=%2Fwp%2Fv2%2Fmedia&parent=1338"}],"wp:term":[{"taxonomy":"category","embeddable":true,"href":"https:\/\/noticiasregionais.com.br\/index.php?rest_route=%2Fwp%2Fv2%2Fcategories&post=1338"},{"taxonomy":"post_tag","embeddable":true,"href":"https:\/\/noticiasregionais.com.br\/index.php?rest_route=%2Fwp%2Fv2%2Ftags&post=1338"}],"curies":[{"name":"wp","href":"https:\/\/api.w.org\/{rel}","templated":true}]}}