{"id":1345,"date":"2023-11-29T08:14:04","date_gmt":"2023-11-29T11:14:04","guid":{"rendered":"https:\/\/noticiasregionais.com.br\/?p=1345"},"modified":"2023-11-29T08:14:07","modified_gmt":"2023-11-29T11:14:07","slug":"pre-prende-mulher-por-trafico-com-quase-80-quilos-de-cocaina-em-ourinhos-sp","status":"publish","type":"post","link":"https:\/\/noticiasregionais.com.br\/?p=1345","title":{"rendered":"PRE prende mulher por tr\u00e1fico com quase 80 quilos de Coca\u00edna em Ourinhos\/SP"},"content":{"rendered":"\n<p>Policiais militares do 2\u00b0 Batalh\u00e3o de Pol\u00edcia Rodovi\u00e1ria prenderam uma mulher em flagrante por tr\u00e1fico de drogas na noite de ontem, 28 de novembro, no km 378 da Rodovia Raposo Tavares (SP-270), regi\u00e3o de Ourinhos\/SP.<\/p>\n\n\n\n<p>Os policiais realizavam a Opera\u00e7\u00e3o IMPACTO quando suspeitaram da condutora de um Toyota\/Hilux SW4. Durante a abordagem, os policiais localizaram escondidos nos forros das portas e na lataria do ve\u00edculo, 75 tabletes contendo coca\u00edna.<\/p>\n\n\n\n<p>A droga totalizou 78,390 kg. A condutora, foi presa em flagrante. O passageiro do ve\u00edculo, foi ouvido e liberado.<\/p>\n\n\n\n<p>A ocorr\u00eancia foi apresentada na Central de Pol\u00edcia Judici\u00e1ria de Ourinhos\/SP. A motorista foi encaminhada \u00e0 CPJ de Ourinhos\/SP, onde ficar\u00e1 \u00e0 disposi\u00e7\u00e3o da Justi\u00e7a.<\/p>\n\n\n\n<p>A Pol\u00edcia Militar Rodovi\u00e1ria alerta a popula\u00e7\u00e3o sobre os perigos do tr\u00e1fico de drogas. A atividade criminosa \u00e9 respons\u00e1vel por diversos crimes violentos, como homic\u00eddios, roubos e tr\u00e1fico de pessoas.<\/p>\n\n\n\n<p>O combate ao tr\u00e1fico de drogas \u00e9 uma prioridade da Pol\u00edcia Militar Rodovi\u00e1ria, que realiza opera\u00e7\u00f5es constantes para coibir essa atividade criminosa.<\/p>\n<input type=\"hidden\" id=\"baseurl\" value=\"https:\/\/noticiasregionais.com.br\"><input type=\"hidden\" id=\"audio_nonce\" value=\"533fbb67b1\">","protected":false},"excerpt":{"rendered":"<p>Policiais militares do 2\u00b0 Batalh\u00e3o de Pol\u00edcia Rodovi\u00e1ria prenderam uma mulher em flagrante por tr\u00e1fico de drogas na noite de&hellip;<\/p>\n","protected":false},"author":1,"featured_media":1346,"comment_status":"closed","ping_status":"open","sticky":false,"template":"","format":"standard","meta":{"sfsi_plus_gutenberg_text_before_share":"","sfsi_plus_gutenberg_show_text_before_share":"","sfsi_plus_gutenberg_icon_type":"","sfsi_plus_gutenberg_icon_alignemt":"","sfsi_plus_gutenburg_max_per_row":"","footnotes":""},"categories":[5,12,1],"tags":[],"class_list":["post-1345","post","type-post","status-publish","format-standard","has-post-thumbnail","hentry","category-ourinhos","category-capa","category-noticias"],"_links":{"self":[{"href":"https:\/\/noticiasregionais.com.br\/index.php?rest_route=\/wp\/v2\/posts\/1345","targetHints":{"allow":["GET"]}}],"collection":[{"href":"https:\/\/noticiasregionais.com.br\/index.php?rest_route=\/wp\/v2\/posts"}],"about":[{"href":"https:\/\/noticiasregionais.com.br\/index.php?rest_route=\/wp\/v2\/types\/post"}],"author":[{"embeddable":true,"href":"https:\/\/noticiasregionais.com.br\/index.php?rest_route=\/wp\/v2\/users\/1"}],"replies":[{"embeddable":true,"href":"https:\/\/noticiasregionais.com.br\/index.php?rest_route=%2Fwp%2Fv2%2Fcomments&post=1345"}],"version-history":[{"count":1,"href":"https:\/\/noticiasregionais.com.br\/index.php?rest_route=\/wp\/v2\/posts\/1345\/revisions"}],"predecessor-version":[{"id":1347,"href":"https:\/\/noticiasregionais.com.br\/index.php?rest_route=\/wp\/v2\/posts\/1345\/revisions\/1347"}],"wp:featuredmedia":[{"embeddable":true,"href":"https:\/\/noticiasregionais.com.br\/index.php?rest_route=\/wp\/v2\/media\/1346"}],"wp:attachment":[{"href":"https:\/\/noticiasregionais.com.br\/index.php?rest_route=%2Fwp%2Fv2%2Fmedia&parent=1345"}],"wp:term":[{"taxonomy":"category","embeddable":true,"href":"https:\/\/noticiasregionais.com.br\/index.php?rest_route=%2Fwp%2Fv2%2Fcategories&post=1345"},{"taxonomy":"post_tag","embeddable":true,"href":"https:\/\/noticiasregionais.com.br\/index.php?rest_route=%2Fwp%2Fv2%2Ftags&post=1345"}],"curies":[{"name":"wp","href":"https:\/\/api.w.org\/{rel}","templated":true}]}}