{"id":1348,"date":"2023-11-29T08:21:56","date_gmt":"2023-11-29T11:21:56","guid":{"rendered":"https:\/\/noticiasregionais.com.br\/?p=1348"},"modified":"2023-11-29T08:22:08","modified_gmt":"2023-11-29T11:22:08","slug":"policia-rodoviaria-apreende-400-litros-de-azeite-argentino-sem-nota-em-marilia-sp","status":"publish","type":"post","link":"https:\/\/noticiasregionais.com.br\/?p=1348","title":{"rendered":"Policia Rodovi\u00e1ria apreende 400 litros de Azeite Argentino sem nota, em Mar\u00edlia\/SP"},"content":{"rendered":"\n<p>Na madrugada desta quarta-feira, policiais militares do 2\u00b0 Batalh\u00e3o de Pol\u00edcia Rodovi\u00e1ria surpreenderam um indiv\u00edduo durante a Opera\u00e7\u00e3o IMPACTO, resultando na pris\u00e3o em flagrante por descaminho. O fato ocorreu no km 354 da Rodovia Rachid Rayes (SP-333), regi\u00e3o de Mar\u00edlia\/SP.<\/p>\n\n\n\n<p>As autoridades estavam empenhadas na opera\u00e7\u00e3o de fiscaliza\u00e7\u00e3o quando chamou a aten\u00e7\u00e3o dos policiais o comportamento suspeito do condutor de um ve\u00edculo Hyundai\/HB20. Decidindo por uma abordagem, os policiais realizaram uma minuciosa vistoria no ve\u00edculo, revelando uma carga il\u00edcita.<\/p>\n\n\n\n<p><strong>Descaminho em flagrante<\/strong><\/p>\n\n\n\n<p>Ao inspecionar o ve\u00edculo, os policiais encontraram 80 gal\u00f5es de 5 litros cada, totalizando 400 litros de azeite de origem argentina. O que chamou ainda mais a aten\u00e7\u00e3o foi a aus\u00eancia de documentos fiscais que comprovassem a regularidade da carga. Diante da situa\u00e7\u00e3o, o condutor foi detido em flagrante pela pr\u00e1tica de descaminho, configurado pela entrada de mercadoria no pa\u00eds sem o pagamento dos tributos devidos.<\/p>\n\n\n\n<p><strong>Encaminhamento \u00e0 Pol\u00edcia Federal de Mar\u00edlia\/SP<\/strong><\/p>\n\n\n\n<p>A ocorr\u00eancia foi prontamente apresentada na Delegacia da Pol\u00edcia Federal de Mar\u00edlia\/SP. A a\u00e7\u00e3o r\u00e1pida e eficaz dos policiais permitiu a condu\u00e7\u00e3o do caso \u00e0s autoridades competentes para os procedimentos legais. O condutor, ap\u00f3s o registro da ocorr\u00eancia, foi liberado, ficando \u00e0 disposi\u00e7\u00e3o da justi\u00e7a para responder pelo crime de descaminho.<\/p>\n\n\n\n<p><strong>Apreens\u00e3o da mercadoria<\/strong><\/p>\n\n\n\n<p>A carga de 400 litros de azeite de origem argentina foi apreendida pelas autoridades como parte do processo de combate a atividades il\u00edcitas e sonega\u00e7\u00e3o fiscal. A apreens\u00e3o n\u00e3o apenas representa um golpe contra pr\u00e1ticas ilegais, mas tamb\u00e9m ressalta a import\u00e2ncia do trabalho constante das for\u00e7as de seguran\u00e7a no combate ao descaminho e outros crimes relacionados.<\/p>\n\n\n\n<p>A Opera\u00e7\u00e3o IMPACTO, desencadeada pela 2\u00b0 Batalh\u00e3o de Pol\u00edcia Rodovi\u00e1ria, refor\u00e7a o compromisso das for\u00e7as de seguran\u00e7a em manter a ordem e coibir atividades criminosas nas rodovias do estado de S\u00e3o Paulo.<\/p>\n\n\n\n<p>As autoridades refor\u00e7am a import\u00e2ncia da colabora\u00e7\u00e3o da popula\u00e7\u00e3o, incentivando den\u00fancias an\u00f4nimas que contribuam para a identifica\u00e7\u00e3o e preven\u00e7\u00e3o de pr\u00e1ticas ilegais nas estradas. O combate ao descaminho e outros crimes \u00e9 uma responsabilidade compartilhada entre as for\u00e7as de seguran\u00e7a e a sociedade.<\/p>\n<input type=\"hidden\" id=\"baseurl\" value=\"https:\/\/noticiasregionais.com.br\"><input type=\"hidden\" id=\"audio_nonce\" value=\"533fbb67b1\">","protected":false},"excerpt":{"rendered":"<p>Na madrugada desta quarta-feira, policiais militares do 2\u00b0 Batalh\u00e3o de Pol\u00edcia Rodovi\u00e1ria surpreenderam um indiv\u00edduo durante a Opera\u00e7\u00e3o IMPACTO, resultando&hellip;<\/p>\n","protected":false},"author":1,"featured_media":1349,"comment_status":"closed","ping_status":"open","sticky":false,"template":"","format":"standard","meta":{"sfsi_plus_gutenberg_text_before_share":"","sfsi_plus_gutenberg_show_text_before_share":"","sfsi_plus_gutenberg_icon_type":"","sfsi_plus_gutenberg_icon_alignemt":"","sfsi_plus_gutenburg_max_per_row":"","footnotes":""},"categories":[6,10,1],"tags":[],"class_list":["post-1348","post","type-post","status-publish","format-standard","has-post-thumbnail","hentry","category-sao_paulo","category-destaques","category-noticias"],"_links":{"self":[{"href":"https:\/\/noticiasregionais.com.br\/index.php?rest_route=\/wp\/v2\/posts\/1348","targetHints":{"allow":["GET"]}}],"collection":[{"href":"https:\/\/noticiasregionais.com.br\/index.php?rest_route=\/wp\/v2\/posts"}],"about":[{"href":"https:\/\/noticiasregionais.com.br\/index.php?rest_route=\/wp\/v2\/types\/post"}],"author":[{"embeddable":true,"href":"https:\/\/noticiasregionais.com.br\/index.php?rest_route=\/wp\/v2\/users\/1"}],"replies":[{"embeddable":true,"href":"https:\/\/noticiasregionais.com.br\/index.php?rest_route=%2Fwp%2Fv2%2Fcomments&post=1348"}],"version-history":[{"count":1,"href":"https:\/\/noticiasregionais.com.br\/index.php?rest_route=\/wp\/v2\/posts\/1348\/revisions"}],"predecessor-version":[{"id":1350,"href":"https:\/\/noticiasregionais.com.br\/index.php?rest_route=\/wp\/v2\/posts\/1348\/revisions\/1350"}],"wp:featuredmedia":[{"embeddable":true,"href":"https:\/\/noticiasregionais.com.br\/index.php?rest_route=\/wp\/v2\/media\/1349"}],"wp:attachment":[{"href":"https:\/\/noticiasregionais.com.br\/index.php?rest_route=%2Fwp%2Fv2%2Fmedia&parent=1348"}],"wp:term":[{"taxonomy":"category","embeddable":true,"href":"https:\/\/noticiasregionais.com.br\/index.php?rest_route=%2Fwp%2Fv2%2Fcategories&post=1348"},{"taxonomy":"post_tag","embeddable":true,"href":"https:\/\/noticiasregionais.com.br\/index.php?rest_route=%2Fwp%2Fv2%2Ftags&post=1348"}],"curies":[{"name":"wp","href":"https:\/\/api.w.org\/{rel}","templated":true}]}}