{"id":1351,"date":"2023-11-29T08:34:16","date_gmt":"2023-11-29T11:34:16","guid":{"rendered":"https:\/\/noticiasregionais.com.br\/?p=1351"},"modified":"2023-11-29T08:34:28","modified_gmt":"2023-11-29T11:34:28","slug":"forca-tatica-recupera-bicicleta-furtada-e-prende-dois-em-ourinhos","status":"publish","type":"post","link":"https:\/\/noticiasregionais.com.br\/?p=1351","title":{"rendered":"For\u00e7a T\u00e1tica recupera bicicleta furtada e prende dois em Ourinhos"},"content":{"rendered":"\n<p>Uma equipe da For\u00e7a T\u00e1tica da Pol\u00edcia Militar de Ourinhos recuperou uma bicicleta furtada na tarde desta ter\u00e7a-feira, 28 de novembro, na \u00e1rea central da cidade. Al\u00e9m disso, dois homens foram presos por envolvimento no crime.<\/p>\n\n\n\n<p>A equipe da For\u00e7a T\u00e1tica realizava patrulhamento t\u00e1tico em cumprimento \u00e0 Opera\u00e7\u00e3o Impacto quando avistou um homem pedalando uma bicicleta nas caracter\u00edsticas da que havia sido furtada no dia anterior. O homem foi abordado e relatou que havia comprado a bicicleta com drogas.<\/p>\n\n\n\n<p>Durante a abordagem, o homem confessou quem havia furtado a bicicleta. Em dilig\u00eancias, os policiais localizaram o outro homem e o conduziram \u00e0 delegacia de pol\u00edcia.<\/p>\n\n\n\n<p>Os dois homens foram presos em flagrante por furto qualificado. A bicicleta foi restitu\u00edda ao seu leg\u00edtimo dono.<\/p>\n\n\n\n<p>A Pol\u00edcia Militar alerta a popula\u00e7\u00e3o sobre os perigos do furto de bicicletas. A atividade criminosa \u00e9 respons\u00e1vel por preju\u00edzos financeiros e transtornos para as v\u00edtimas.<\/p>\n\n\n\n<p>O combate a furtos e roubos \u00e9 uma prioridade da Pol\u00edcia Militar, que realiza opera\u00e7\u00f5es constantes para coibir essas atividades criminosas.<\/p>\n<input type=\"hidden\" id=\"baseurl\" value=\"https:\/\/noticiasregionais.com.br\"><input type=\"hidden\" id=\"audio_nonce\" value=\"533fbb67b1\">","protected":false},"excerpt":{"rendered":"<p>Uma equipe da For\u00e7a T\u00e1tica da Pol\u00edcia Militar de Ourinhos recuperou uma bicicleta furtada na tarde desta ter\u00e7a-feira, 28 de&hellip;<\/p>\n","protected":false},"author":1,"featured_media":1352,"comment_status":"closed","ping_status":"open","sticky":false,"template":"","format":"standard","meta":{"sfsi_plus_gutenberg_text_before_share":"","sfsi_plus_gutenberg_show_text_before_share":"","sfsi_plus_gutenberg_icon_type":"","sfsi_plus_gutenberg_icon_alignemt":"","sfsi_plus_gutenburg_max_per_row":"","footnotes":""},"categories":[5,10,1],"tags":[],"class_list":["post-1351","post","type-post","status-publish","format-standard","has-post-thumbnail","hentry","category-ourinhos","category-destaques","category-noticias"],"_links":{"self":[{"href":"https:\/\/noticiasregionais.com.br\/index.php?rest_route=\/wp\/v2\/posts\/1351","targetHints":{"allow":["GET"]}}],"collection":[{"href":"https:\/\/noticiasregionais.com.br\/index.php?rest_route=\/wp\/v2\/posts"}],"about":[{"href":"https:\/\/noticiasregionais.com.br\/index.php?rest_route=\/wp\/v2\/types\/post"}],"author":[{"embeddable":true,"href":"https:\/\/noticiasregionais.com.br\/index.php?rest_route=\/wp\/v2\/users\/1"}],"replies":[{"embeddable":true,"href":"https:\/\/noticiasregionais.com.br\/index.php?rest_route=%2Fwp%2Fv2%2Fcomments&post=1351"}],"version-history":[{"count":1,"href":"https:\/\/noticiasregionais.com.br\/index.php?rest_route=\/wp\/v2\/posts\/1351\/revisions"}],"predecessor-version":[{"id":1353,"href":"https:\/\/noticiasregionais.com.br\/index.php?rest_route=\/wp\/v2\/posts\/1351\/revisions\/1353"}],"wp:featuredmedia":[{"embeddable":true,"href":"https:\/\/noticiasregionais.com.br\/index.php?rest_route=\/wp\/v2\/media\/1352"}],"wp:attachment":[{"href":"https:\/\/noticiasregionais.com.br\/index.php?rest_route=%2Fwp%2Fv2%2Fmedia&parent=1351"}],"wp:term":[{"taxonomy":"category","embeddable":true,"href":"https:\/\/noticiasregionais.com.br\/index.php?rest_route=%2Fwp%2Fv2%2Fcategories&post=1351"},{"taxonomy":"post_tag","embeddable":true,"href":"https:\/\/noticiasregionais.com.br\/index.php?rest_route=%2Fwp%2Fv2%2Ftags&post=1351"}],"curies":[{"name":"wp","href":"https:\/\/api.w.org\/{rel}","templated":true}]}}