{"id":1354,"date":"2023-11-29T09:34:11","date_gmt":"2023-11-29T12:34:11","guid":{"rendered":"https:\/\/noticiasregionais.com.br\/?p=1354"},"modified":"2023-11-29T11:51:10","modified_gmt":"2023-11-29T14:51:10","slug":"operacao-k9-do-13o-baep-resulta-na-captura-de-procurado-por-furto-em-santa-cruz-do-rio-pardo","status":"publish","type":"post","link":"https:\/\/noticiasregionais.com.br\/?p=1354","title":{"rendered":"Opera\u00e7\u00e3o K9 do 13\u00ba BAEP resulta na captura de procurado por furto em Santa Cruz do Rio Pardo"},"content":{"rendered":"\n<p>Na tarde de 28 de novembro de 2023 as 12h45, uma opera\u00e7\u00e3o coordenada pela equipe K9 do 13\u00ba Batalh\u00e3o de A\u00e7\u00f5es Especiais de Pol\u00edcia (BAEP) culminou na captura de um procurado por furto em Santa Cruz do Rio Pardo, interior de S\u00e3o Paulo.<\/p>\n\n\n\n<p>Os policiais, em patrulhamento de A\u00e7\u00f5es Especiais de Pol\u00edcia com c\u00e3es, abordaram C.A.M.J., de 35 anos, na Rua Frediano Colli, na Vila Oitenta. Apesar de nada de il\u00edcito ter sido encontrado durante a abordagem, a pesquisa criminal via COPOM revelou um mandado de pris\u00e3o em desfavor do indiv\u00edduo, com uma condena\u00e7\u00e3o de 2 anos e 9 meses pelo crime de furto.<\/p>\n\n\n\n<p>O hist\u00f3rico do procurado indicava sua liga\u00e7\u00e3o com atividades criminosas, levando os policiais a agir com cautela durante a abordagem. A identifica\u00e7\u00e3o do mandado de pris\u00e3o foi um desdobramento crucial da atua\u00e7\u00e3o eficiente da equipe K9, especializada em a\u00e7\u00f5es que envolvem o emprego de c\u00e3es na pol\u00edcia.<\/p>\n\n\n\n<p>A ocorr\u00eancia foi prontamente apresentada na Delegacia de Pol\u00edcia de Santa Cruz do Rio Pardo, onde C.A.M.J. permaneceu \u00e0 disposi\u00e7\u00e3o da justi\u00e7a. A a\u00e7\u00e3o exemplar da equipe K9 do 13\u00ba BAEP destaca a import\u00e2ncia do emprego de m\u00e9todos inovadores e eficazes no combate \u00e0 criminalidade, garantindo a seguran\u00e7a da comunidade local.<\/p>\n\n\n\n<p>A Pol\u00edcia Militar reitera seu compromisso em manter a ordem e a seguran\u00e7a p\u00fablica, destacando o papel fundamental das equipes especializadas, como a K9, na realiza\u00e7\u00e3o de abordagens seguras e na captura de indiv\u00edduos procurados pela justi\u00e7a. O sucesso dessa opera\u00e7\u00e3o refor\u00e7a a efici\u00eancia das for\u00e7as de seguran\u00e7a em Santa Cruz do Rio Pardo e a constante busca pela tranquilidade da popula\u00e7\u00e3o.<\/p>\n<input type=\"hidden\" id=\"baseurl\" value=\"https:\/\/noticiasregionais.com.br\"><input type=\"hidden\" id=\"audio_nonce\" value=\"533fbb67b1\">","protected":false},"excerpt":{"rendered":"<p>Na tarde de 28 de novembro de 2023 as 12h45, uma opera\u00e7\u00e3o coordenada pela equipe K9 do 13\u00ba Batalh\u00e3o de&hellip;<\/p>\n","protected":false},"author":1,"featured_media":1355,"comment_status":"closed","ping_status":"open","sticky":false,"template":"","format":"standard","meta":{"sfsi_plus_gutenberg_text_before_share":"","sfsi_plus_gutenberg_show_text_before_share":"","sfsi_plus_gutenberg_icon_type":"","sfsi_plus_gutenberg_icon_alignemt":"","sfsi_plus_gutenburg_max_per_row":"","footnotes":""},"categories":[6,1],"tags":[],"class_list":["post-1354","post","type-post","status-publish","format-standard","has-post-thumbnail","hentry","category-sao_paulo","category-noticias"],"_links":{"self":[{"href":"https:\/\/noticiasregionais.com.br\/index.php?rest_route=\/wp\/v2\/posts\/1354","targetHints":{"allow":["GET"]}}],"collection":[{"href":"https:\/\/noticiasregionais.com.br\/index.php?rest_route=\/wp\/v2\/posts"}],"about":[{"href":"https:\/\/noticiasregionais.com.br\/index.php?rest_route=\/wp\/v2\/types\/post"}],"author":[{"embeddable":true,"href":"https:\/\/noticiasregionais.com.br\/index.php?rest_route=\/wp\/v2\/users\/1"}],"replies":[{"embeddable":true,"href":"https:\/\/noticiasregionais.com.br\/index.php?rest_route=%2Fwp%2Fv2%2Fcomments&post=1354"}],"version-history":[{"count":1,"href":"https:\/\/noticiasregionais.com.br\/index.php?rest_route=\/wp\/v2\/posts\/1354\/revisions"}],"predecessor-version":[{"id":1356,"href":"https:\/\/noticiasregionais.com.br\/index.php?rest_route=\/wp\/v2\/posts\/1354\/revisions\/1356"}],"wp:featuredmedia":[{"embeddable":true,"href":"https:\/\/noticiasregionais.com.br\/index.php?rest_route=\/wp\/v2\/media\/1355"}],"wp:attachment":[{"href":"https:\/\/noticiasregionais.com.br\/index.php?rest_route=%2Fwp%2Fv2%2Fmedia&parent=1354"}],"wp:term":[{"taxonomy":"category","embeddable":true,"href":"https:\/\/noticiasregionais.com.br\/index.php?rest_route=%2Fwp%2Fv2%2Fcategories&post=1354"},{"taxonomy":"post_tag","embeddable":true,"href":"https:\/\/noticiasregionais.com.br\/index.php?rest_route=%2Fwp%2Fv2%2Ftags&post=1354"}],"curies":[{"name":"wp","href":"https:\/\/api.w.org\/{rel}","templated":true}]}}