{"id":1357,"date":"2023-11-29T11:41:41","date_gmt":"2023-11-29T14:41:41","guid":{"rendered":"https:\/\/noticiasregionais.com.br\/?p=1357"},"modified":"2023-11-29T11:41:44","modified_gmt":"2023-11-29T14:41:44","slug":"comerciante-de-72-anos-e-preso-por-estupro-contra-funcionaria-em-ourinhos","status":"publish","type":"post","link":"https:\/\/noticiasregionais.com.br\/?p=1357","title":{"rendered":"Comerciante de 72 anos \u00e9 preso por estupro contra funcion\u00e1ria em Ourinhos"},"content":{"rendered":"\n<p>Na tarde da \u00faltima ter\u00e7a-feira, um caso triste foi registrado em Ourinhos. Um comerciante de 72 anos foi acusado de estupro contra uma jovem de 21 anos, funcion\u00e1ria de sua loja. O crime ocorreu nas proximidades do Terminal Urbano de Circular, na Rua Paran\u00e1, e foi prontamente atendido pela Guarda Municipal de Ourinhos.<\/p>\n\n\n\n<p>A v\u00edtima, uma jovem de apenas 21 anos, estava em seu primeiro dia de trabalho quando foi alvo do ass\u00e9dio do propriet\u00e1rio do estabelecimento. Segundo relatos da v\u00edtima \u00e0 Guarda Municipal, o comerciante a teria chamado de &#8220;gostosa&#8221; e &#8220;linda&#8221;, al\u00e9m de realizar toques inapropriados, acariciando seu seio direito. Abalada, a jovem deixou o local em prantos.<\/p>\n\n\n\n<p>O caso foi imediatamente conduzido \u00e0 Delegacia de Defesa da Mulher (DDM) de Ourinhos. A delegada respons\u00e1vel pelo caso classificou os atos do comerciante como crime de estupro e decretou sua pris\u00e3o em flagrante. <\/p>\n\n\n\n<p>O comerciante, ap\u00f3s os procedimentos na DDM, foi transferido para a Central de Pol\u00edcia Judici\u00e1ria (CPJ) de Ourinhos, onde permanece detido aguardando as pr\u00f3ximas medidas legais. O caso trouxe \u00e0 tona a import\u00e2ncia do combate ao ass\u00e9dio e \u00e0 viol\u00eancia contra as mulheres, evidenciando a necessidade de uma sociedade mais consciente e atenta aos direitos fundamentais.<\/p>\n<input type=\"hidden\" id=\"baseurl\" value=\"https:\/\/noticiasregionais.com.br\"><input type=\"hidden\" id=\"audio_nonce\" value=\"533fbb67b1\">","protected":false},"excerpt":{"rendered":"<p>Na tarde da \u00faltima ter\u00e7a-feira, um caso triste foi registrado em Ourinhos. Um comerciante de 72 anos foi acusado de&hellip;<\/p>\n","protected":false},"author":1,"featured_media":1358,"comment_status":"closed","ping_status":"open","sticky":false,"template":"","format":"standard","meta":{"sfsi_plus_gutenberg_text_before_share":"","sfsi_plus_gutenberg_show_text_before_share":"","sfsi_plus_gutenberg_icon_type":"","sfsi_plus_gutenberg_icon_alignemt":"","sfsi_plus_gutenburg_max_per_row":"","footnotes":""},"categories":[5,10,1],"tags":[],"class_list":["post-1357","post","type-post","status-publish","format-standard","has-post-thumbnail","hentry","category-ourinhos","category-destaques","category-noticias"],"_links":{"self":[{"href":"https:\/\/noticiasregionais.com.br\/index.php?rest_route=\/wp\/v2\/posts\/1357","targetHints":{"allow":["GET"]}}],"collection":[{"href":"https:\/\/noticiasregionais.com.br\/index.php?rest_route=\/wp\/v2\/posts"}],"about":[{"href":"https:\/\/noticiasregionais.com.br\/index.php?rest_route=\/wp\/v2\/types\/post"}],"author":[{"embeddable":true,"href":"https:\/\/noticiasregionais.com.br\/index.php?rest_route=\/wp\/v2\/users\/1"}],"replies":[{"embeddable":true,"href":"https:\/\/noticiasregionais.com.br\/index.php?rest_route=%2Fwp%2Fv2%2Fcomments&post=1357"}],"version-history":[{"count":1,"href":"https:\/\/noticiasregionais.com.br\/index.php?rest_route=\/wp\/v2\/posts\/1357\/revisions"}],"predecessor-version":[{"id":1359,"href":"https:\/\/noticiasregionais.com.br\/index.php?rest_route=\/wp\/v2\/posts\/1357\/revisions\/1359"}],"wp:featuredmedia":[{"embeddable":true,"href":"https:\/\/noticiasregionais.com.br\/index.php?rest_route=\/wp\/v2\/media\/1358"}],"wp:attachment":[{"href":"https:\/\/noticiasregionais.com.br\/index.php?rest_route=%2Fwp%2Fv2%2Fmedia&parent=1357"}],"wp:term":[{"taxonomy":"category","embeddable":true,"href":"https:\/\/noticiasregionais.com.br\/index.php?rest_route=%2Fwp%2Fv2%2Fcategories&post=1357"},{"taxonomy":"post_tag","embeddable":true,"href":"https:\/\/noticiasregionais.com.br\/index.php?rest_route=%2Fwp%2Fv2%2Ftags&post=1357"}],"curies":[{"name":"wp","href":"https:\/\/api.w.org\/{rel}","templated":true}]}}