{"id":1363,"date":"2023-11-29T12:28:29","date_gmt":"2023-11-29T15:28:29","guid":{"rendered":"https:\/\/noticiasregionais.com.br\/?p=1363"},"modified":"2023-11-29T12:28:33","modified_gmt":"2023-11-29T15:28:33","slug":"homem-e-morto-a-tiros-em-ribeirao-claro","status":"publish","type":"post","link":"https:\/\/noticiasregionais.com.br\/?p=1363","title":{"rendered":"Homem \u00e9 morto a tiros em Ribeir\u00e3o Claro"},"content":{"rendered":"\n<p>Um homem foi morto a tiros na noite desta ter\u00e7a-feira (28) em Ribeir\u00e3o Claro, no Norte Pioneiro do Paran\u00e1.<\/p>\n\n\n\n<p>De acordo com informa\u00e7\u00f5es da Pol\u00edcia Militar, um homem foi at\u00e9 o Destacamento Policial Militar informando que tr\u00eas indiv\u00edduos com balaclavas foram at\u00e9 sua resid\u00eancia perguntando sobre o paradeiro de uma pessoa.<\/p>\n\n\n\n<p>Ap\u00f3s dizer que n\u00e3o conhecia a pessoa procurada pelo trio, o homem disse que foi orientado a ficar quieto e n\u00e3o relatar nada. Momentos depois ouviu disparos de arma de fogo vindo da casa vizinha e, assim que percebeu o fim da movimenta\u00e7\u00e3o, deslocou at\u00e9 o Destacamento.<\/p>\n\n\n\n<p>Os policiais militares de imediato foram at\u00e9 o local citado, por\u00e9m se depararam com um indiv\u00edduo ca\u00eddo ao solo, j\u00e1 em \u00f3bito. Havia uma perfura\u00e7\u00e3o na regi\u00e3o posterior da cabe\u00e7a, possivelmente causada por um disparo.<\/p>\n\n\n\n<p>O corpo foi encaminhado ao Instituto M\u00e9dico Legal (IML) e as investiga\u00e7\u00f5es sobre o caso, poss\u00edveis causas e autores est\u00e3o \u00e0 cargo da Pol\u00edcia Civil.<\/p>\n\n\n\n<p>A Pol\u00edcia Militar n\u00e3o divulgou a identidade da v\u00edtima, nem informa\u00e7\u00f5es sobre a motiva\u00e7\u00e3o do crime.<\/p>\n\n\n\n<p><strong>Ataque a tiros assusta moradores<\/strong><\/p>\n\n\n\n<p>O ataque a tiros causou medo e apreens\u00e3o entre os moradores da regi\u00e3o. A pol\u00edcia realizou buscas na \u00e1rea, mas at\u00e9 o momento nenhum suspeito foi preso.<\/p>\n\n\n\n<p>A Pol\u00edcia Civil pede que a popula\u00e7\u00e3o colabore com as investiga\u00e7\u00f5es e denuncie qualquer informa\u00e7\u00e3o que possa ajudar a identificar os autores do crime. As den\u00fancias podem ser feitas pelo telefone 181.<\/p>\n<input type=\"hidden\" id=\"baseurl\" value=\"https:\/\/noticiasregionais.com.br\"><input type=\"hidden\" id=\"audio_nonce\" value=\"62e6e21d74\">","protected":false},"excerpt":{"rendered":"<p>Um homem foi morto a tiros na noite desta ter\u00e7a-feira (28) em Ribeir\u00e3o Claro, no Norte Pioneiro do Paran\u00e1. De&hellip;<\/p>\n","protected":false},"author":1,"featured_media":1364,"comment_status":"closed","ping_status":"open","sticky":false,"template":"","format":"standard","meta":{"sfsi_plus_gutenberg_text_before_share":"","sfsi_plus_gutenberg_show_text_before_share":"","sfsi_plus_gutenberg_icon_type":"","sfsi_plus_gutenberg_icon_alignemt":"","sfsi_plus_gutenburg_max_per_row":"","footnotes":""},"categories":[7,12,1],"tags":[],"class_list":["post-1363","post","type-post","status-publish","format-standard","has-post-thumbnail","hentry","category-parana","category-capa","category-noticias"],"_links":{"self":[{"href":"https:\/\/noticiasregionais.com.br\/index.php?rest_route=\/wp\/v2\/posts\/1363","targetHints":{"allow":["GET"]}}],"collection":[{"href":"https:\/\/noticiasregionais.com.br\/index.php?rest_route=\/wp\/v2\/posts"}],"about":[{"href":"https:\/\/noticiasregionais.com.br\/index.php?rest_route=\/wp\/v2\/types\/post"}],"author":[{"embeddable":true,"href":"https:\/\/noticiasregionais.com.br\/index.php?rest_route=\/wp\/v2\/users\/1"}],"replies":[{"embeddable":true,"href":"https:\/\/noticiasregionais.com.br\/index.php?rest_route=%2Fwp%2Fv2%2Fcomments&post=1363"}],"version-history":[{"count":1,"href":"https:\/\/noticiasregionais.com.br\/index.php?rest_route=\/wp\/v2\/posts\/1363\/revisions"}],"predecessor-version":[{"id":1365,"href":"https:\/\/noticiasregionais.com.br\/index.php?rest_route=\/wp\/v2\/posts\/1363\/revisions\/1365"}],"wp:featuredmedia":[{"embeddable":true,"href":"https:\/\/noticiasregionais.com.br\/index.php?rest_route=\/wp\/v2\/media\/1364"}],"wp:attachment":[{"href":"https:\/\/noticiasregionais.com.br\/index.php?rest_route=%2Fwp%2Fv2%2Fmedia&parent=1363"}],"wp:term":[{"taxonomy":"category","embeddable":true,"href":"https:\/\/noticiasregionais.com.br\/index.php?rest_route=%2Fwp%2Fv2%2Fcategories&post=1363"},{"taxonomy":"post_tag","embeddable":true,"href":"https:\/\/noticiasregionais.com.br\/index.php?rest_route=%2Fwp%2Fv2%2Ftags&post=1363"}],"curies":[{"name":"wp","href":"https:\/\/api.w.org\/{rel}","templated":true}]}}