{"id":1373,"date":"2023-11-30T08:13:48","date_gmt":"2023-11-30T11:13:48","guid":{"rendered":"https:\/\/noticiasregionais.com.br\/?p=1373"},"modified":"2023-11-30T09:40:32","modified_gmt":"2023-11-30T12:40:32","slug":"vereadora-cobra-esclarecimentos-sobre-fim-dos-repasses-para-aadf-e-emenda-nao-repassada","status":"publish","type":"post","link":"https:\/\/noticiasregionais.com.br\/?p=1373","title":{"rendered":"Vereadora cobra esclarecimentos sobre fim da parceria com a AADF e Emenda n\u00e3o repassada"},"content":{"rendered":"\n<p>Ap\u00f3s participar reuni\u00f5es do Conselho Municipal de Sa\u00fade e do Conselho da Pessoa com Defici\u00eancia, a vereadora Roberta Stopa apresentou o Requerimento n\u00ba1714\/2023 solicitando informa\u00e7\u00f5es sobre a n\u00e3o renova\u00e7\u00e3o do conv\u00eanio com a AADF (Associa\u00e7\u00e3o de Assist\u00eancia ao Deficiente F\u00edsico).<\/p>\n\n\n\n<p>\u201cTudo come\u00e7ou com um of\u00edcio datado de 7 de novembro assinado pelo Secret\u00e1rio Municipal de Sa\u00fade informando que n\u00e3o haveria a renova\u00e7\u00e3o do conv\u00eanio com a AADF para o servi\u00e7o de reabilita\u00e7\u00e3o das pessoas com defici\u00eancia. Ent\u00e3o, fui na reuni\u00e3o no Conselho Municipal de Sa\u00fade e na reuni\u00e3o do Conselho da Pessoa com Defici\u00eancia e ambas contaram com a presen\u00e7a do Secret\u00e1rio de Sa\u00fade. Contudo, observamos que algumas coisas n\u00e3o est\u00e3o bem explicadas e precisamos de respostas\u201d, relatou a vereadora durante a 41\u00aa Sess\u00e3o Ordin\u00e1ria, realizada na \u00faltima segunda-feira (27).<\/p>\n\n\n\n<p>Roberta ressaltou que seu trabalho \u00e9 na defesa do direito das pessoas com defici\u00eancia e que quer saber como ficar\u00e1 o atendimento. \u201cA Prefeitura disse que vai assumir o servi\u00e7o, mas n\u00e3o fala como, nem onde. Ser\u00e1 terceirizado? Haver\u00e1 concurso p\u00fablico?\u201d.<\/p>\n\n\n\n<figure class=\"wp-block-embed is-type-video is-provider-youtube wp-block-embed-youtube wp-embed-aspect-16-9 wp-has-aspect-ratio\"><div class=\"wp-block-embed__wrapper\">\n<iframe loading=\"lazy\" title=\"Vereadora cobra explica\u00e7\u00f5es sobre fim dos repasses para AADF e sobre Emenda de 700 mil n\u00e3o repassada\" width=\"640\" height=\"360\" src=\"https:\/\/www.youtube.com\/embed\/-UiuHVJ2vos?feature=oembed\" frameborder=\"0\" allow=\"accelerometer; autoplay; clipboard-write; encrypted-media; gyroscope; picture-in-picture; web-share\" referrerpolicy=\"strict-origin-when-cross-origin\" allowfullscreen><\/iframe>\n<\/div><\/figure>\n\n\n\n<p>Outra quest\u00e3o levantada pela vereadora \u00e9 em rela\u00e7\u00e3o ao recurso no valor de R$700 mil, amplamente divulgado pela Prefeitura e que seria utilizado para reforma e moderniza\u00e7\u00e3o do pr\u00e9dio da AADF. \u201cPrecisamos entender o que houve com essa emenda. Perguntei ao Secret\u00e1rio de Sa\u00fade e ele disse que era recurso de custeio e que foi usado na sa\u00fade. Por que o Prefeito e o Secret\u00e1rio Caio Lima, que na \u00e9poca era Secret\u00e1rio de Inclus\u00e3o, divulgaram amplamente quer seria utilizado para a AADF?. Onde realmente esse recurso foi investido?\u201d.<\/p>\n\n\n\n<p>Roberta disse que no Requerimento est\u00e1 indagando qual o real motivo da n\u00e3o renova\u00e7\u00e3o com a AADF. \u201cPerguntei tamb\u00e9m ao Secret\u00e1rio de Sa\u00fade e ele n\u00e3o soube responder: n\u00e3o v\u00e3o renovar somente o servi\u00e7o de reabilita\u00e7\u00e3o? \u00c9 rompimento total ou parcial? Onde ser\u00e1 realizado o atendimento de reabilita\u00e7\u00e3o? Em um site saiu mat\u00e9ria da Prefeitura dizendo que o esc\u00e2ndalo da diretoria da AADF motivou a n\u00e3o renova\u00e7\u00e3o, mas o Secret\u00e1rio nas reuni\u00f5es dos Conselhos disse que n\u00e3o tinha a ver com essa quest\u00e3o. Queremos saber os motivos reais da n\u00e3o renova\u00e7\u00e3o do contrato\u201d.<\/p>\n<input type=\"hidden\" id=\"baseurl\" value=\"https:\/\/noticiasregionais.com.br\"><input type=\"hidden\" id=\"audio_nonce\" value=\"533fbb67b1\">","protected":false},"excerpt":{"rendered":"<p>Ap\u00f3s participar reuni\u00f5es do Conselho Municipal de Sa\u00fade e do Conselho da Pessoa com Defici\u00eancia, a vereadora Roberta Stopa apresentou&hellip;<\/p>\n","protected":false},"author":1,"featured_media":1374,"comment_status":"closed","ping_status":"open","sticky":false,"template":"","format":"standard","meta":{"sfsi_plus_gutenberg_text_before_share":"","sfsi_plus_gutenberg_show_text_before_share":"","sfsi_plus_gutenberg_icon_type":"","sfsi_plus_gutenberg_icon_alignemt":"","sfsi_plus_gutenburg_max_per_row":"","footnotes":""},"categories":[5,12,1],"tags":[],"class_list":["post-1373","post","type-post","status-publish","format-standard","has-post-thumbnail","hentry","category-ourinhos","category-capa","category-noticias"],"_links":{"self":[{"href":"https:\/\/noticiasregionais.com.br\/index.php?rest_route=\/wp\/v2\/posts\/1373","targetHints":{"allow":["GET"]}}],"collection":[{"href":"https:\/\/noticiasregionais.com.br\/index.php?rest_route=\/wp\/v2\/posts"}],"about":[{"href":"https:\/\/noticiasregionais.com.br\/index.php?rest_route=\/wp\/v2\/types\/post"}],"author":[{"embeddable":true,"href":"https:\/\/noticiasregionais.com.br\/index.php?rest_route=\/wp\/v2\/users\/1"}],"replies":[{"embeddable":true,"href":"https:\/\/noticiasregionais.com.br\/index.php?rest_route=%2Fwp%2Fv2%2Fcomments&post=1373"}],"version-history":[{"count":2,"href":"https:\/\/noticiasregionais.com.br\/index.php?rest_route=\/wp\/v2\/posts\/1373\/revisions"}],"predecessor-version":[{"id":1376,"href":"https:\/\/noticiasregionais.com.br\/index.php?rest_route=\/wp\/v2\/posts\/1373\/revisions\/1376"}],"wp:featuredmedia":[{"embeddable":true,"href":"https:\/\/noticiasregionais.com.br\/index.php?rest_route=\/wp\/v2\/media\/1374"}],"wp:attachment":[{"href":"https:\/\/noticiasregionais.com.br\/index.php?rest_route=%2Fwp%2Fv2%2Fmedia&parent=1373"}],"wp:term":[{"taxonomy":"category","embeddable":true,"href":"https:\/\/noticiasregionais.com.br\/index.php?rest_route=%2Fwp%2Fv2%2Fcategories&post=1373"},{"taxonomy":"post_tag","embeddable":true,"href":"https:\/\/noticiasregionais.com.br\/index.php?rest_route=%2Fwp%2Fv2%2Ftags&post=1373"}],"curies":[{"name":"wp","href":"https:\/\/api.w.org\/{rel}","templated":true}]}}