{"id":1378,"date":"2023-12-01T07:38:54","date_gmt":"2023-12-01T10:38:54","guid":{"rendered":"https:\/\/noticiasregionais.com.br\/?p=1378"},"modified":"2023-12-01T07:39:07","modified_gmt":"2023-12-01T10:39:07","slug":"segundo-batalhao-de-policia-rodoviaria-inicia-campanha-natal-iluminado","status":"publish","type":"post","link":"https:\/\/noticiasregionais.com.br\/?p=1378","title":{"rendered":"Segundo Batalh\u00e3o de Pol\u00edcia Rodovi\u00e1ria inicia Campanha Natal Iluminado"},"content":{"rendered":"\n<p class=\"has-text-align-center\"><strong>A campanha tem como objetivo principal a arrecada\u00e7\u00e3o de fraldas geri\u00e1tricas para doa\u00e7\u00e3o a casas de abrigo para idosos, al\u00e9m de estreitar la\u00e7os com a comunidade.<\/strong><\/p>\n\n\n\n<p>O Segundo Batalh\u00e3o de Pol\u00edcia Rodovi\u00e1ria (2\u00ba BPRV), subordinado ao Comando de Policiamento Rodovi\u00e1rio (CPRv), da Pol\u00edcia Militar do Estado de S\u00e3o Paulo (PMESP), iniciou nesta sexta-feira, 01 de dezembro de 2023, a sua tradicional Campanha Natal Iluminado.<\/p>\n\n\n\n<p>A campanha tem como objetivo principal a arrecada\u00e7\u00e3o de fraldas geri\u00e1tricas para doa\u00e7\u00e3o a casas de abrigo para idosos. Al\u00e9m disso, a campanha tamb\u00e9m visa estreitar ainda mais os la\u00e7os entre a Pol\u00edcia Militar, por meio do Policiamento Rodovi\u00e1rio, e a comunidade.<\/p>\n\n\n\n<p>Para participar da campanha, a popula\u00e7\u00e3o pode visitar uma das Bases Operacionais do 2\u00ba BPRV, localizadas nas cidades de Mar\u00edlia, Ara\u00e7atuba, Ja\u00fa e Presidente Prudente. As bases estar\u00e3o recebendo decora\u00e7\u00e3o especial e ficar\u00e3o iluminadas em comemora\u00e7\u00e3o ao Natal.<\/p>\n\n\n\n<p>Nas campanhas realizadas nos sete anos anteriores, foram arrecadadas mais de 30.000 fraldas geri\u00e1tricas. As fraldas doadas ser\u00e3o destinadas a casas de abrigo para idosos das cidades participantes da campanha.<\/p>\n\n\n\n<p>O 2\u00ba BPRV conta com o apoio das Concession\u00e1rias de Rodovias Entrevias, ViaRondon, CART e Eixo SP, respons\u00e1veis pelos trechos rodovi\u00e1rios onde est\u00e3o situadas as Bases Operacionais do Policiamento Rodovi\u00e1rio.<\/p>\n<input type=\"hidden\" id=\"baseurl\" value=\"https:\/\/noticiasregionais.com.br\"><input type=\"hidden\" id=\"audio_nonce\" value=\"533fbb67b1\">","protected":false},"excerpt":{"rendered":"<p>A campanha tem como objetivo principal a arrecada\u00e7\u00e3o de fraldas geri\u00e1tricas para doa\u00e7\u00e3o a casas de abrigo para idosos, al\u00e9m&hellip;<\/p>\n","protected":false},"author":1,"featured_media":1379,"comment_status":"closed","ping_status":"open","sticky":false,"template":"","format":"standard","meta":{"sfsi_plus_gutenberg_text_before_share":"","sfsi_plus_gutenberg_show_text_before_share":"","sfsi_plus_gutenberg_icon_type":"","sfsi_plus_gutenberg_icon_alignemt":"","sfsi_plus_gutenburg_max_per_row":"","footnotes":""},"categories":[6,10,1],"tags":[],"class_list":["post-1378","post","type-post","status-publish","format-standard","has-post-thumbnail","hentry","category-sao_paulo","category-destaques","category-noticias"],"_links":{"self":[{"href":"https:\/\/noticiasregionais.com.br\/index.php?rest_route=\/wp\/v2\/posts\/1378","targetHints":{"allow":["GET"]}}],"collection":[{"href":"https:\/\/noticiasregionais.com.br\/index.php?rest_route=\/wp\/v2\/posts"}],"about":[{"href":"https:\/\/noticiasregionais.com.br\/index.php?rest_route=\/wp\/v2\/types\/post"}],"author":[{"embeddable":true,"href":"https:\/\/noticiasregionais.com.br\/index.php?rest_route=\/wp\/v2\/users\/1"}],"replies":[{"embeddable":true,"href":"https:\/\/noticiasregionais.com.br\/index.php?rest_route=%2Fwp%2Fv2%2Fcomments&post=1378"}],"version-history":[{"count":1,"href":"https:\/\/noticiasregionais.com.br\/index.php?rest_route=\/wp\/v2\/posts\/1378\/revisions"}],"predecessor-version":[{"id":1380,"href":"https:\/\/noticiasregionais.com.br\/index.php?rest_route=\/wp\/v2\/posts\/1378\/revisions\/1380"}],"wp:featuredmedia":[{"embeddable":true,"href":"https:\/\/noticiasregionais.com.br\/index.php?rest_route=\/wp\/v2\/media\/1379"}],"wp:attachment":[{"href":"https:\/\/noticiasregionais.com.br\/index.php?rest_route=%2Fwp%2Fv2%2Fmedia&parent=1378"}],"wp:term":[{"taxonomy":"category","embeddable":true,"href":"https:\/\/noticiasregionais.com.br\/index.php?rest_route=%2Fwp%2Fv2%2Fcategories&post=1378"},{"taxonomy":"post_tag","embeddable":true,"href":"https:\/\/noticiasregionais.com.br\/index.php?rest_route=%2Fwp%2Fv2%2Ftags&post=1378"}],"curies":[{"name":"wp","href":"https:\/\/api.w.org\/{rel}","templated":true}]}}