{"id":1381,"date":"2023-12-02T21:18:30","date_gmt":"2023-12-03T00:18:30","guid":{"rendered":"https:\/\/noticiasregionais.com.br\/?p=1381"},"modified":"2023-12-02T21:18:42","modified_gmt":"2023-12-03T00:18:42","slug":"policia-rodoviaria-prende-dupla-com-carreta-repleta-de-maconha-em-operacao-na-sp-421","status":"publish","type":"post","link":"https:\/\/noticiasregionais.com.br\/?p=1381","title":{"rendered":"Pol\u00edcia Rodovi\u00e1ria prende dupla com carreta repleta de maconha em opera\u00e7\u00e3o na SP-421"},"content":{"rendered":"\n<p>Em uma a\u00e7\u00e3o realizada durante a Opera\u00e7\u00e3o Impacto na tarde de hoje, a Pol\u00edcia Militar Rodovi\u00e1ria, por meio do 2\u00b0 Batalh\u00e3o e da equipe de T\u00e1tico Ostensivo Rodovi\u00e1rio (TOR) da 3\u00aa Companhia, prendeu em flagrante um motorista e seu passageiro de uma carreta transportando uma consider\u00e1vel quantidade de maconha. O incidente ocorreu na Rodovia Jorge Bassil Dower, SP-421, no km 82+000 Leste.<\/p>\n\n\n\n<p>O ve\u00edculo envolvido na ocorr\u00eancia trata-se de um caminh\u00e3o Scania\/R113, de cor branca, acoplado a um semirreboque SR\/Randon, tamb\u00e9m branco, com placas do Paraguai. A dupla, composta por um motorista de 28 anos e seu passageiro de 34 anos, ambos de nacionalidade paraguaia, levantou suspeitas da equipe policial durante uma entrevista.<\/p>\n\n\n\n<p>Durante a abordagem, os policiais notaram sinais de nervosismo e respostas inconsistentes ao questionar sobre o itiner\u00e1rio da viagem e o tipo de frete transportado. Com base na fundada suspeita, os agentes decidiram realizar uma busca minuciosa no compartimento de carga do ve\u00edculo, onde encontraram uma quantidade significativa de maconha, acondicionada em v\u00e1rios tabletes.<\/p>\n\n\n\n<p>Diante da descoberta, foi dada voz de pris\u00e3o em flagrante delito aos dois infratores, que responder\u00e3o pelo crime de tr\u00e1fico de drogas. A ocorr\u00eancia est\u00e1 em andamento e os dados est\u00e3o sujeitos a altera\u00e7\u00f5es. Os detidos e a carga apreendida foram encaminhados para a Pol\u00edcia Federal de Mar\u00edlia\/SP para os procedimentos legais.<\/p>\n<input type=\"hidden\" id=\"baseurl\" value=\"https:\/\/noticiasregionais.com.br\"><input type=\"hidden\" id=\"audio_nonce\" value=\"533fbb67b1\">","protected":false},"excerpt":{"rendered":"<p>Em uma a\u00e7\u00e3o realizada durante a Opera\u00e7\u00e3o Impacto na tarde de hoje, a Pol\u00edcia Militar Rodovi\u00e1ria, por meio do 2\u00b0&hellip;<\/p>\n","protected":false},"author":1,"featured_media":1382,"comment_status":"closed","ping_status":"open","sticky":false,"template":"","format":"standard","meta":{"sfsi_plus_gutenberg_text_before_share":"","sfsi_plus_gutenberg_show_text_before_share":"","sfsi_plus_gutenberg_icon_type":"","sfsi_plus_gutenberg_icon_alignemt":"","sfsi_plus_gutenburg_max_per_row":"","footnotes":""},"categories":[6,12,1],"tags":[],"class_list":["post-1381","post","type-post","status-publish","format-standard","has-post-thumbnail","hentry","category-sao_paulo","category-capa","category-noticias"],"_links":{"self":[{"href":"https:\/\/noticiasregionais.com.br\/index.php?rest_route=\/wp\/v2\/posts\/1381","targetHints":{"allow":["GET"]}}],"collection":[{"href":"https:\/\/noticiasregionais.com.br\/index.php?rest_route=\/wp\/v2\/posts"}],"about":[{"href":"https:\/\/noticiasregionais.com.br\/index.php?rest_route=\/wp\/v2\/types\/post"}],"author":[{"embeddable":true,"href":"https:\/\/noticiasregionais.com.br\/index.php?rest_route=\/wp\/v2\/users\/1"}],"replies":[{"embeddable":true,"href":"https:\/\/noticiasregionais.com.br\/index.php?rest_route=%2Fwp%2Fv2%2Fcomments&post=1381"}],"version-history":[{"count":1,"href":"https:\/\/noticiasregionais.com.br\/index.php?rest_route=\/wp\/v2\/posts\/1381\/revisions"}],"predecessor-version":[{"id":1383,"href":"https:\/\/noticiasregionais.com.br\/index.php?rest_route=\/wp\/v2\/posts\/1381\/revisions\/1383"}],"wp:featuredmedia":[{"embeddable":true,"href":"https:\/\/noticiasregionais.com.br\/index.php?rest_route=\/wp\/v2\/media\/1382"}],"wp:attachment":[{"href":"https:\/\/noticiasregionais.com.br\/index.php?rest_route=%2Fwp%2Fv2%2Fmedia&parent=1381"}],"wp:term":[{"taxonomy":"category","embeddable":true,"href":"https:\/\/noticiasregionais.com.br\/index.php?rest_route=%2Fwp%2Fv2%2Fcategories&post=1381"},{"taxonomy":"post_tag","embeddable":true,"href":"https:\/\/noticiasregionais.com.br\/index.php?rest_route=%2Fwp%2Fv2%2Ftags&post=1381"}],"curies":[{"name":"wp","href":"https:\/\/api.w.org\/{rel}","templated":true}]}}