{"id":1384,"date":"2023-12-02T21:21:12","date_gmt":"2023-12-03T00:21:12","guid":{"rendered":"https:\/\/noticiasregionais.com.br\/?p=1384"},"modified":"2023-12-02T21:21:16","modified_gmt":"2023-12-03T00:21:16","slug":"prefeitura-de-ourinhos-realiza-limpeza-de-boca-de-lobo-no-jardim-america","status":"publish","type":"post","link":"https:\/\/noticiasregionais.com.br\/?p=1384","title":{"rendered":"Prefeitura de Ourinhos realiza limpeza de boca de lobo no Jardim Am\u00e9rica"},"content":{"rendered":"\n<p>A Prefeitura de Ourinhos, por meio da Secretaria de Infraestrutura e Obras, tem executado de forma peri\u00f3dica a limpeza de boca de lobo por toda a cidade. Esta semana a equipe esteve realizando o servi\u00e7o na Rua Abdala Abujamra, no Jardim Am\u00e9rica.<\/p>\n\n\n\n<p>No entanto, para otimizar a efic\u00e1cia desses esfor\u00e7os, a administra\u00e7\u00e3o municipal faz um apelo \u00e0 conscientiza\u00e7\u00e3o da popula\u00e7\u00e3o e evite descartar lixo nas vias p\u00fablicas, uma vez que res\u00edduos inadequadamente descartados podem obstruir as bocas de lobo, comprometendo o sistema de drenagem e resultando em inunda\u00e7\u00f5es.<\/p>\n<input type=\"hidden\" id=\"baseurl\" value=\"https:\/\/noticiasregionais.com.br\"><input type=\"hidden\" id=\"audio_nonce\" value=\"3cdc555a10\">","protected":false},"excerpt":{"rendered":"<p>A Prefeitura de Ourinhos, por meio da Secretaria de Infraestrutura e Obras, tem executado de forma peri\u00f3dica a limpeza de&hellip;<\/p>\n","protected":false},"author":1,"featured_media":1385,"comment_status":"closed","ping_status":"open","sticky":false,"template":"","format":"standard","meta":{"sfsi_plus_gutenberg_text_before_share":"","sfsi_plus_gutenberg_show_text_before_share":"","sfsi_plus_gutenberg_icon_type":"","sfsi_plus_gutenberg_icon_alignemt":"","sfsi_plus_gutenburg_max_per_row":"","footnotes":""},"categories":[5,10,1],"tags":[],"class_list":["post-1384","post","type-post","status-publish","format-standard","has-post-thumbnail","hentry","category-ourinhos","category-destaques","category-noticias"],"_links":{"self":[{"href":"https:\/\/noticiasregionais.com.br\/index.php?rest_route=\/wp\/v2\/posts\/1384","targetHints":{"allow":["GET"]}}],"collection":[{"href":"https:\/\/noticiasregionais.com.br\/index.php?rest_route=\/wp\/v2\/posts"}],"about":[{"href":"https:\/\/noticiasregionais.com.br\/index.php?rest_route=\/wp\/v2\/types\/post"}],"author":[{"embeddable":true,"href":"https:\/\/noticiasregionais.com.br\/index.php?rest_route=\/wp\/v2\/users\/1"}],"replies":[{"embeddable":true,"href":"https:\/\/noticiasregionais.com.br\/index.php?rest_route=%2Fwp%2Fv2%2Fcomments&post=1384"}],"version-history":[{"count":1,"href":"https:\/\/noticiasregionais.com.br\/index.php?rest_route=\/wp\/v2\/posts\/1384\/revisions"}],"predecessor-version":[{"id":1386,"href":"https:\/\/noticiasregionais.com.br\/index.php?rest_route=\/wp\/v2\/posts\/1384\/revisions\/1386"}],"wp:featuredmedia":[{"embeddable":true,"href":"https:\/\/noticiasregionais.com.br\/index.php?rest_route=\/wp\/v2\/media\/1385"}],"wp:attachment":[{"href":"https:\/\/noticiasregionais.com.br\/index.php?rest_route=%2Fwp%2Fv2%2Fmedia&parent=1384"}],"wp:term":[{"taxonomy":"category","embeddable":true,"href":"https:\/\/noticiasregionais.com.br\/index.php?rest_route=%2Fwp%2Fv2%2Fcategories&post=1384"},{"taxonomy":"post_tag","embeddable":true,"href":"https:\/\/noticiasregionais.com.br\/index.php?rest_route=%2Fwp%2Fv2%2Ftags&post=1384"}],"curies":[{"name":"wp","href":"https:\/\/api.w.org\/{rel}","templated":true}]}}