{"id":1387,"date":"2023-12-02T21:27:45","date_gmt":"2023-12-03T00:27:45","guid":{"rendered":"https:\/\/noticiasregionais.com.br\/?p=1387"},"modified":"2023-12-02T21:27:57","modified_gmt":"2023-12-03T00:27:57","slug":"prorrogacao-do-refis-2023-vai-ate-o-dia-15-de-dezembro-para-adesao-dos-contribuintes","status":"publish","type":"post","link":"https:\/\/noticiasregionais.com.br\/?p=1387","title":{"rendered":"Prorroga\u00e7\u00e3o do REFIS 2023 vai at\u00e9 o dia 15 de dezembro para ades\u00e3o dos contribuintes"},"content":{"rendered":"\n<p>Ser\u00e3o concedidos descontos nos juros e multas, conforme plano de pagamento escolhido, para d\u00e9bitos vencidos at\u00e9 o fim de 2017. Para os d\u00e9bitos entre 2018 e 2022, o desconto \u00e9 v\u00e1lido apenas para a multa de mora.<\/p>\n\n\n\n<p>Os valores podem ser divididos, desde que a parcela tenha valor m\u00ednimo de R$60. Os descontos variam de 30% a 100%, conforme a tabela abaixo:<\/p>\n\n\n\n<p><br>Pagamento \u00e0 vista, 100%.<br>At\u00e9 3 parcelas, 95%.<br>At\u00e9 6 parcelas, 90%<br>At\u00e9 12 parcelas, 70%.<br>At\u00e9 24 parcelas, 60%.<br>At\u00e9 36 parcelas, 50%.<br>At\u00e9 48 parcelas, 40%<br>At\u00e9 60 parcelas, 30%<br>At\u00e9 96 parcelas, 30% (Plano exclusivo para inscrito no Cad\u00danico com renda per capita de at\u00e9 \u00bd sal\u00e1rio-m\u00ednimo)<br>Em caso de d\u00favidas, o contribuinte pode entrar em contato com a se\u00e7\u00e3o de Atendimento Tribut\u00e1rio da Secretaria de Finan\u00e7as, no Poupatempo, ou pelo WhatsApp (14) 99762-8404.<\/p>\n<input type=\"hidden\" id=\"baseurl\" value=\"https:\/\/noticiasregionais.com.br\"><input type=\"hidden\" id=\"audio_nonce\" value=\"533fbb67b1\">","protected":false},"excerpt":{"rendered":"<p>Ser\u00e3o concedidos descontos nos juros e multas, conforme plano de pagamento escolhido, para d\u00e9bitos vencidos at\u00e9 o fim de 2017.&hellip;<\/p>\n","protected":false},"author":1,"featured_media":1388,"comment_status":"closed","ping_status":"open","sticky":false,"template":"","format":"standard","meta":{"sfsi_plus_gutenberg_text_before_share":"","sfsi_plus_gutenberg_show_text_before_share":"","sfsi_plus_gutenberg_icon_type":"","sfsi_plus_gutenberg_icon_alignemt":"","sfsi_plus_gutenburg_max_per_row":"","footnotes":""},"categories":[5,10,1],"tags":[],"class_list":["post-1387","post","type-post","status-publish","format-standard","has-post-thumbnail","hentry","category-ourinhos","category-destaques","category-noticias"],"_links":{"self":[{"href":"https:\/\/noticiasregionais.com.br\/index.php?rest_route=\/wp\/v2\/posts\/1387","targetHints":{"allow":["GET"]}}],"collection":[{"href":"https:\/\/noticiasregionais.com.br\/index.php?rest_route=\/wp\/v2\/posts"}],"about":[{"href":"https:\/\/noticiasregionais.com.br\/index.php?rest_route=\/wp\/v2\/types\/post"}],"author":[{"embeddable":true,"href":"https:\/\/noticiasregionais.com.br\/index.php?rest_route=\/wp\/v2\/users\/1"}],"replies":[{"embeddable":true,"href":"https:\/\/noticiasregionais.com.br\/index.php?rest_route=%2Fwp%2Fv2%2Fcomments&post=1387"}],"version-history":[{"count":1,"href":"https:\/\/noticiasregionais.com.br\/index.php?rest_route=\/wp\/v2\/posts\/1387\/revisions"}],"predecessor-version":[{"id":1389,"href":"https:\/\/noticiasregionais.com.br\/index.php?rest_route=\/wp\/v2\/posts\/1387\/revisions\/1389"}],"wp:featuredmedia":[{"embeddable":true,"href":"https:\/\/noticiasregionais.com.br\/index.php?rest_route=\/wp\/v2\/media\/1388"}],"wp:attachment":[{"href":"https:\/\/noticiasregionais.com.br\/index.php?rest_route=%2Fwp%2Fv2%2Fmedia&parent=1387"}],"wp:term":[{"taxonomy":"category","embeddable":true,"href":"https:\/\/noticiasregionais.com.br\/index.php?rest_route=%2Fwp%2Fv2%2Fcategories&post=1387"},{"taxonomy":"post_tag","embeddable":true,"href":"https:\/\/noticiasregionais.com.br\/index.php?rest_route=%2Fwp%2Fv2%2Ftags&post=1387"}],"curies":[{"name":"wp","href":"https:\/\/api.w.org\/{rel}","templated":true}]}}