{"id":1390,"date":"2023-12-04T08:51:27","date_gmt":"2023-12-04T11:51:27","guid":{"rendered":"https:\/\/noticiasregionais.com.br\/?p=1390"},"modified":"2023-12-04T08:51:39","modified_gmt":"2023-12-04T11:51:39","slug":"acao-da-forca-tatica-resulta-na-prisao-de-individuo-e-recuperacao-de-caminhao-roubado","status":"publish","type":"post","link":"https:\/\/noticiasregionais.com.br\/?p=1390","title":{"rendered":"A\u00e7\u00e3o da For\u00e7a T\u00e1tica resulta na pris\u00e3o de indiv\u00edduo e recupera\u00e7\u00e3o de caminh\u00e3o roubado"},"content":{"rendered":"\n<p>Na noite deste domingo, uma a\u00e7\u00e3o precisa da equipe de For\u00e7a T\u00e1tica do 31\u00ba Batalh\u00e3o de Pol\u00edcia Militar do Interior culminou na pris\u00e3o de um indiv\u00edduo que conduzia um caminh\u00e3o produto de roubo pela Rodovia SP 225, na Pra\u00e7a de Ped\u00e1gio do Munic\u00edpio de Santa Cruz do Rio Pardo.<\/p>\n\n\n\n<p>A interven\u00e7\u00e3o teve in\u00edcio ap\u00f3s a equipe receber informa\u00e7\u00f5es cruciais indicando que o caminh\u00e3o se dirigia para a cidade de Ourinhos pela Rodovia Orlando Quagliato. Com base nessas informa\u00e7\u00f5es, a equipe estrategicamente posicionada realizou a abordagem do ve\u00edculo, demonstrando a efic\u00e1cia das opera\u00e7\u00f5es coordenadas entre as for\u00e7as de seguran\u00e7a.<\/p>\n\n\n\n<p>O suspeito, ao ser interpelado, informou que teria adquirido o caminh\u00e3o na cidade de Cubat\u00e3o\/SP e estava se dirigindo para o estado de Mato Grosso. A vers\u00e3o apresentada levantou suspeitas, levando os policiais a aprofundarem a investiga\u00e7\u00e3o sobre a proced\u00eancia do ve\u00edculo.<\/p>\n\n\n\n<p>Diante da constata\u00e7\u00e3o de que o caminh\u00e3o era produto de roubo, a equipe encaminhou a ocorr\u00eancia para a Central de Pol\u00edcia Judici\u00e1ria de Ourinhos, onde o indiv\u00edduo permaneceu detido, aguardando as medidas legais cab\u00edveis.<\/p>\n\n\n\n<p>A a\u00e7\u00e3o r\u00e1pida e efetiva da For\u00e7a T\u00e1tica do 31\u00ba Batalh\u00e3o de Pol\u00edcia Militar do Interior n\u00e3o apenas resultou na pris\u00e3o do suspeito, mas tamb\u00e9m na recupera\u00e7\u00e3o do caminh\u00e3o roubado, restituindo assim o patrim\u00f4nio ao leg\u00edtimo propriet\u00e1rio. O desfecho bem-sucedido desta opera\u00e7\u00e3o destaca o compromisso das for\u00e7as de seguran\u00e7a em combater a criminalidade e garantir a seguran\u00e7a da popula\u00e7\u00e3o nas estradas e rodovias da regi\u00e3o.<\/p>\n<input type=\"hidden\" id=\"baseurl\" value=\"https:\/\/noticiasregionais.com.br\"><input type=\"hidden\" id=\"audio_nonce\" value=\"3cdc555a10\">","protected":false},"excerpt":{"rendered":"<p>Na noite deste domingo, uma a\u00e7\u00e3o precisa da equipe de For\u00e7a T\u00e1tica do 31\u00ba Batalh\u00e3o de Pol\u00edcia Militar do Interior&hellip;<\/p>\n","protected":false},"author":1,"featured_media":1391,"comment_status":"closed","ping_status":"open","sticky":false,"template":"","format":"standard","meta":{"sfsi_plus_gutenberg_text_before_share":"","sfsi_plus_gutenberg_show_text_before_share":"","sfsi_plus_gutenberg_icon_type":"","sfsi_plus_gutenberg_icon_alignemt":"","sfsi_plus_gutenburg_max_per_row":"","footnotes":""},"categories":[6,12,1],"tags":[],"class_list":["post-1390","post","type-post","status-publish","format-standard","has-post-thumbnail","hentry","category-sao_paulo","category-capa","category-noticias"],"_links":{"self":[{"href":"https:\/\/noticiasregionais.com.br\/index.php?rest_route=\/wp\/v2\/posts\/1390","targetHints":{"allow":["GET"]}}],"collection":[{"href":"https:\/\/noticiasregionais.com.br\/index.php?rest_route=\/wp\/v2\/posts"}],"about":[{"href":"https:\/\/noticiasregionais.com.br\/index.php?rest_route=\/wp\/v2\/types\/post"}],"author":[{"embeddable":true,"href":"https:\/\/noticiasregionais.com.br\/index.php?rest_route=\/wp\/v2\/users\/1"}],"replies":[{"embeddable":true,"href":"https:\/\/noticiasregionais.com.br\/index.php?rest_route=%2Fwp%2Fv2%2Fcomments&post=1390"}],"version-history":[{"count":1,"href":"https:\/\/noticiasregionais.com.br\/index.php?rest_route=\/wp\/v2\/posts\/1390\/revisions"}],"predecessor-version":[{"id":1392,"href":"https:\/\/noticiasregionais.com.br\/index.php?rest_route=\/wp\/v2\/posts\/1390\/revisions\/1392"}],"wp:featuredmedia":[{"embeddable":true,"href":"https:\/\/noticiasregionais.com.br\/index.php?rest_route=\/wp\/v2\/media\/1391"}],"wp:attachment":[{"href":"https:\/\/noticiasregionais.com.br\/index.php?rest_route=%2Fwp%2Fv2%2Fmedia&parent=1390"}],"wp:term":[{"taxonomy":"category","embeddable":true,"href":"https:\/\/noticiasregionais.com.br\/index.php?rest_route=%2Fwp%2Fv2%2Fcategories&post=1390"},{"taxonomy":"post_tag","embeddable":true,"href":"https:\/\/noticiasregionais.com.br\/index.php?rest_route=%2Fwp%2Fv2%2Ftags&post=1390"}],"curies":[{"name":"wp","href":"https:\/\/api.w.org\/{rel}","templated":true}]}}