{"id":13998,"date":"2026-04-25T10:00:00","date_gmt":"2026-04-25T13:00:00","guid":{"rendered":"https:\/\/noticiasregionais.com.br\/?p=13998"},"modified":"2026-04-25T10:00:00","modified_gmt":"2026-04-25T13:00:00","slug":"projeto-piloto-incentivara-estudantes-a-ingressarem-no-setor-de-tecnologia-e-telecomunicacoes","status":"publish","type":"post","link":"https:\/\/noticiasregionais.com.br\/?p=13998","title":{"rendered":"Projeto-piloto incentivar\u00e1 estudantes a ingressarem no setor de tecnologia e telecomunica\u00e7\u00f5es"},"content":{"rendered":"<p>\t\t\t\t\t\t\t\t\t\t\t<audio controls class=\"b61_audio_player\" data-noticia=\"89141\" src=\"https:\/\/brasil61.com\/rails\/active_storage\/blobs\/eyJfcmFpbHMiOnsibWVzc2FnZSI6IkJBaHBBNmtaQkE9PSIsImV4cCI6bnVsbCwicHVyIjoiYmxvYl9pZCJ9fQ==--06fc84d339a6f62954183876959e46ce8d6b1cf0\/MCOM260359A\"><\/audio><\/p>\n<p>O <strong><a href=\"https:\/\/www.gov.br\/mcom\/pt-br\/noticias\/2026\/abril\/ministerio-das-comunicacoes-e-anatel-lancam-projeto-meninas-telecom-para-incentivar-a-participacao-feminina-nas-telecomunicacoes-e-tics\" target=\"_blank\" rel=\"noopener\">Minist\u00e9rio das Comunica\u00e7\u00f5es<\/a><\/strong> e a <a href=\"https:\/\/www.gov.br\/anatel\/pt-br\" target=\"_blank\" rel=\"noopener\"><strong>Ag\u00eancia Nacional de Telecomunica\u00e7\u00f5es (Anatel)<\/strong><\/a> lan\u00e7aram, na quinta-feira (23), o <strong>projeto Meninas Telecom<\/strong>. A iniciativa visa incentivar alunas do ensino m\u00e9dio de escolas p\u00fablicas a buscarem forma\u00e7\u00e3o nas \u00e1reas de tecnologia e telecomunica\u00e7\u00f5es.<\/p>\n<p>O lan\u00e7amento ocorreu em Bras\u00edlia (DF) e contou com a participa\u00e7\u00e3o de cerca de 150 estudantes do Distrito Federal e de Goi\u00e1s. O programa surge na semana do Dia Internacional das Meninas nas TIC (Tecnologias de Informa\u00e7\u00e3o e Comunica\u00e7\u00e3o), celebrado neste s\u00e1bado (25).<\/p>\n<p><strong>O Meninas Telecom prev\u00ea cursos de capacita\u00e7\u00e3o e parcerias voltadas \u00e0 inser\u00e7\u00e3o no mercado de trabalho. Embora lan\u00e7ado apenas no DF, o projeto est\u00e1 em fase de estrutura\u00e7\u00e3o para alcan\u00e7ar novos territ\u00f3rios brasileiros. A proposta \u00e9 fortalecer parcerias regionais para criar oportunidades de forma\u00e7\u00e3o t\u00e9cnica e profissional para jovens mulheres em diferentes estados.<\/strong><\/p>\n<p>Segundo a secret\u00e1ria-executiva do Minist\u00e9rio das Comunica\u00e7\u00f5es, S\u00f4nia Faustino, o projeto \u00e9 um &#8220;movimento em constru\u00e7\u00e3o&#8221; para romper barreiras hist\u00f3ricas de g\u00eanero.<\/p>\n<p>&#8220;Quando falamos de telecomunica\u00e7\u00f5es, estamos falando de um setor que conecta o Brasil, que leva internet \u00e0s escolas, que aproxima pessoas, que garante acesso \u00e0 informa\u00e7\u00e3o, educa\u00e7\u00e3o e oportunidades. Mas tamb\u00e9m estamos falando de um espa\u00e7o que historicamente n\u00e3o foi ocupado por todas e todos de forma igual. E \u00e9 por isso que estamos aqui. O Meninas Telecom nasce com esse prop\u00f3sito. \u00c9 mais do que um projeto. \u00c9 um movimento em constru\u00e7\u00e3o. \u00c9 o est\u00edmulo que estamos querendo impulsionar.&#8221;<\/p>\n<p>O evento de lan\u00e7amento foi aberto com uma roda de conversa formada por S\u00f4nia Faustino; pela superintendente da Anatel, Cristiana Camarate; pela diretora da Telebr\u00e1s, Tatiana Miranda; e pela conselheira do grupo Mulheres do Brasil, Sheila D\u2019Amorim, que compartilharam suas trajet\u00f3rias e como chegaram ao setor de telecomunica\u00e7\u00f5es.<\/p>\n<p>Ap\u00f3s a roda, as estudantes participaram de oficinas e palestras sobre cria\u00e7\u00e3o de plataformas e games.\u00a0<\/p>\n<p>\u201cA gente j\u00e1 tem muito contato com tecnologia desde a inf\u00e2ncia. Inclusive, aprendi a ler e escrever mais r\u00e1pido com o uso dessas ferramentas. Agora, saber que temos a possibilidade de trabalhar com tecnologia \u00e9 algo maravilhoso, que despertou muita vontade em mim. O que mais me interessa \u00e9 a \u00e1rea de cria\u00e7\u00e3o de games e plataformas\u201d, destacou Elo\u00e1 Pereira, 16 anos, estudante de um col\u00e9gio no Incra 9, \u00e1rea rural de Ceil\u00e2ndia.<br \/>\n\u00a0<\/p>\n<p>\t\t\t\t\t\t\t\t\t\t<img decoding=\"async\" src=\"https:\/\/brasil61.com\/api\/v1\/serve_pixel\/22254\/89141\" alt=\"Pixel Brasil 61\" class=\"b61_pixel\" width=\"0\" height=\"0\"><\/p>\n<div class=\"br61_backlink\">\n<p>\n\t\t\t\tFonte: <a href=\"https:\/\/brasil61.com\/projeto-piloto-incentivara-estudantes-a-ingressarem-no-setor-de-tecnologia-e-telecomunicacoes-mcom260359\" title=\"Artigo Original:  Projeto-piloto incentivar\u00e1 estudantes a ingressarem no setor de tecnologia e telecomunica\u00e7\u00f5es\" target=\"_blank\" rel=\"noopener\">Brasil 61<\/a>\n\t\t\t<\/p>\n<\/p><\/div>\n<input type=\"hidden\" id=\"baseurl\" value=\"https:\/\/noticiasregionais.com.br\"><input type=\"hidden\" id=\"audio_nonce\" value=\"533fbb67b1\">","protected":false},"excerpt":{"rendered":"<p>O Meninas Telecom foi lan\u00e7ado pelo Minist\u00e9rio das Comunica\u00e7\u00f5es e pela Anatel na quinta-feira (23), com a presen\u00e7a de cerca de 150 jovens estudantes de escolas p\u00fablicas do Distrito Federal<\/p>\n","protected":false},"author":1,"featured_media":13999,"comment_status":"","ping_status":"open","sticky":false,"template":"","format":"standard","meta":{"sfsi_plus_gutenberg_text_before_share":"","sfsi_plus_gutenberg_show_text_before_share":"","sfsi_plus_gutenberg_icon_type":"","sfsi_plus_gutenberg_icon_alignemt":"","sfsi_plus_gutenburg_max_per_row":"","footnotes":""},"categories":[8],"tags":[],"class_list":["post-13998","post","type-post","status-publish","format-standard","has-post-thumbnail","hentry","category-brasil"],"_links":{"self":[{"href":"https:\/\/noticiasregionais.com.br\/index.php?rest_route=\/wp\/v2\/posts\/13998","targetHints":{"allow":["GET"]}}],"collection":[{"href":"https:\/\/noticiasregionais.com.br\/index.php?rest_route=\/wp\/v2\/posts"}],"about":[{"href":"https:\/\/noticiasregionais.com.br\/index.php?rest_route=\/wp\/v2\/types\/post"}],"author":[{"embeddable":true,"href":"https:\/\/noticiasregionais.com.br\/index.php?rest_route=\/wp\/v2\/users\/1"}],"replies":[{"embeddable":true,"href":"https:\/\/noticiasregionais.com.br\/index.php?rest_route=%2Fwp%2Fv2%2Fcomments&post=13998"}],"version-history":[{"count":0,"href":"https:\/\/noticiasregionais.com.br\/index.php?rest_route=\/wp\/v2\/posts\/13998\/revisions"}],"wp:featuredmedia":[{"embeddable":true,"href":"https:\/\/noticiasregionais.com.br\/index.php?rest_route=\/wp\/v2\/media\/13999"}],"wp:attachment":[{"href":"https:\/\/noticiasregionais.com.br\/index.php?rest_route=%2Fwp%2Fv2%2Fmedia&parent=13998"}],"wp:term":[{"taxonomy":"category","embeddable":true,"href":"https:\/\/noticiasregionais.com.br\/index.php?rest_route=%2Fwp%2Fv2%2Fcategories&post=13998"},{"taxonomy":"post_tag","embeddable":true,"href":"https:\/\/noticiasregionais.com.br\/index.php?rest_route=%2Fwp%2Fv2%2Ftags&post=13998"}],"curies":[{"name":"wp","href":"https:\/\/api.w.org\/{rel}","templated":true}]}}