{"id":1401,"date":"2023-12-04T14:21:44","date_gmt":"2023-12-04T17:21:44","guid":{"rendered":"https:\/\/noticiasregionais.com.br\/?p=1401"},"modified":"2023-12-04T14:21:56","modified_gmt":"2023-12-04T17:21:56","slug":"av-jacinto-ferreira-de-sa-e-prolongamento-serao-interditados-para-manutencao","status":"publish","type":"post","link":"https:\/\/noticiasregionais.com.br\/?p=1401","title":{"rendered":"Av. Jacinto Ferreira de S\u00e1 e prolongamento ser\u00e3o interditados para manuten\u00e7\u00e3o"},"content":{"rendered":"\n<p>A Prefeitura de Ourinhos, por meio da Diretoria de Engenharia de Tr\u00e2nsito, informa que a Avenida Jacinto Ferreira de S\u00e1 e o prolongamento de acesso \u00e0 Rodovia Orlando Quagliato ser\u00e3o interditados parcialmente (sistema pare e siga) nos dias 06 e 07 de dezembro, das 6h \u00e0s 18h.<\/p>\n\n\n\n<p>A interdi\u00e7\u00e3o \u00e9 necess\u00e1ria para a manuten\u00e7\u00e3o e instala\u00e7\u00e3o de novas galerias pluviais no local. O servi\u00e7o ser\u00e1 realizado pelo Loteamento Nova Alc\u00e2ntara.<\/p>\n\n\n\n<p>Os motoristas que trafegarem pela regi\u00e3o devem redobrar a aten\u00e7\u00e3o e respeitar a sinaliza\u00e7\u00e3o.<\/p>\n\n\n\n<figure class=\"wp-block-image size-full\"><img decoding=\"async\" width=\"960\" height=\"960\" src=\"https:\/\/noticiasregionais.com.br\/wp-content\/uploads\/2023\/12\/WhatsApp-Image-2023-12-04-at-14.06.59.jpeg\" alt=\"\" class=\"wp-image-1402\" srcset=\"https:\/\/noticiasregionais.com.br\/wp-content\/uploads\/2023\/12\/WhatsApp-Image-2023-12-04-at-14.06.59.jpeg 960w, https:\/\/noticiasregionais.com.br\/wp-content\/uploads\/2023\/12\/WhatsApp-Image-2023-12-04-at-14.06.59-300x300.jpeg 300w, https:\/\/noticiasregionais.com.br\/wp-content\/uploads\/2023\/12\/WhatsApp-Image-2023-12-04-at-14.06.59-150x150.jpeg 150w, https:\/\/noticiasregionais.com.br\/wp-content\/uploads\/2023\/12\/WhatsApp-Image-2023-12-04-at-14.06.59-768x768.jpeg 768w\" sizes=\"(max-width: 960px) 100vw, 960px\" \/><\/figure>\n<input type=\"hidden\" id=\"baseurl\" value=\"https:\/\/noticiasregionais.com.br\"><input type=\"hidden\" id=\"audio_nonce\" value=\"533fbb67b1\">","protected":false},"excerpt":{"rendered":"<p>A Prefeitura de Ourinhos, por meio da Diretoria de Engenharia de Tr\u00e2nsito, informa que a Avenida Jacinto Ferreira de S\u00e1&hellip;<\/p>\n","protected":false},"author":1,"featured_media":1403,"comment_status":"closed","ping_status":"open","sticky":false,"template":"","format":"standard","meta":{"sfsi_plus_gutenberg_text_before_share":"","sfsi_plus_gutenberg_show_text_before_share":"","sfsi_plus_gutenberg_icon_type":"","sfsi_plus_gutenberg_icon_alignemt":"","sfsi_plus_gutenburg_max_per_row":"","footnotes":""},"categories":[5,10,1],"tags":[],"class_list":["post-1401","post","type-post","status-publish","format-standard","has-post-thumbnail","hentry","category-ourinhos","category-destaques","category-noticias"],"_links":{"self":[{"href":"https:\/\/noticiasregionais.com.br\/index.php?rest_route=\/wp\/v2\/posts\/1401","targetHints":{"allow":["GET"]}}],"collection":[{"href":"https:\/\/noticiasregionais.com.br\/index.php?rest_route=\/wp\/v2\/posts"}],"about":[{"href":"https:\/\/noticiasregionais.com.br\/index.php?rest_route=\/wp\/v2\/types\/post"}],"author":[{"embeddable":true,"href":"https:\/\/noticiasregionais.com.br\/index.php?rest_route=\/wp\/v2\/users\/1"}],"replies":[{"embeddable":true,"href":"https:\/\/noticiasregionais.com.br\/index.php?rest_route=%2Fwp%2Fv2%2Fcomments&post=1401"}],"version-history":[{"count":1,"href":"https:\/\/noticiasregionais.com.br\/index.php?rest_route=\/wp\/v2\/posts\/1401\/revisions"}],"predecessor-version":[{"id":1404,"href":"https:\/\/noticiasregionais.com.br\/index.php?rest_route=\/wp\/v2\/posts\/1401\/revisions\/1404"}],"wp:featuredmedia":[{"embeddable":true,"href":"https:\/\/noticiasregionais.com.br\/index.php?rest_route=\/wp\/v2\/media\/1403"}],"wp:attachment":[{"href":"https:\/\/noticiasregionais.com.br\/index.php?rest_route=%2Fwp%2Fv2%2Fmedia&parent=1401"}],"wp:term":[{"taxonomy":"category","embeddable":true,"href":"https:\/\/noticiasregionais.com.br\/index.php?rest_route=%2Fwp%2Fv2%2Fcategories&post=1401"},{"taxonomy":"post_tag","embeddable":true,"href":"https:\/\/noticiasregionais.com.br\/index.php?rest_route=%2Fwp%2Fv2%2Ftags&post=1401"}],"curies":[{"name":"wp","href":"https:\/\/api.w.org\/{rel}","templated":true}]}}