{"id":14017,"date":"2026-04-27T04:20:00","date_gmt":"2026-04-27T07:20:00","guid":{"rendered":"https:\/\/noticiasregionais.com.br\/?p=14017"},"modified":"2026-04-27T04:20:00","modified_gmt":"2026-04-27T07:20:00","slug":"antes-do-feriado-congresso-deve-votar-vetos-ao-pl-da-dosimetria","status":"publish","type":"post","link":"https:\/\/noticiasregionais.com.br\/?p=14017","title":{"rendered":"Antes do feriado, Congresso deve votar vetos ao PL da Dosimetria"},"content":{"rendered":"<p>\t\t\t\t\t\t\t\t\t\t\t<audio controls class=\"b61_audio_player\" data-noticia=\"89124\" src=\"https:\/\/brasil61.com\/rails\/active_storage\/blobs\/eyJfcmFpbHMiOnsibWVzc2FnZSI6IkJBaHBBM2NaQkE9PSIsImV4cCI6bnVsbCwicHVyIjoiYmxvYl9pZCJ9fQ==--ede36d534c7bf283d2e95f0fd9e61bf0cee667b9\/BRAS2616306A\"><\/audio><\/p>\n<p>A \u00faltima semana de abril marca tamb\u00e9m o fim de uma sequ\u00eancia de tr\u00eas feriad\u00f5es nacionais em um m\u00eas. Essa sequ\u00eancia de dias de folga limitou o trabalho no <a href=\"https:\/\/www.congressonacional.leg.br\/\" target=\"_blank\" rel=\"noopener\">Congresso Nacional<\/a>, que agora corre para acelerar as vota\u00e7\u00f5es dos assuntos tidos como priorit\u00e1rios para este ano, j\u00e1 comprometido pelo calend\u00e1rio eleitoral.<\/p>\n<p>Na quinta-feira (30), v\u00e9spera do feriado de 1\u00ba de maio, um dos principais compromissos da semana \u00e9 a sess\u00e3o conjunta para an\u00e1lise dos vetos sobre o <a href=\"https:\/\/www25.senado.leg.br\/web\/atividade\/materias\/-\/materia\/172003\" target=\"_blank\" rel=\"noopener\">PL da Dosimetria<\/a>. Deputados e senadores decidem se derrubam ou n\u00e3o as altera\u00e7\u00f5es feitas pelo presidente Lula ao projeto que altera as penas para crimes como tentativa de golpe de Estado e os atos de 8 de janeiro de 2023, e pode beneficiar condenados, r\u00e9us e investigados, como o ex-presidente <a href=\"https:\/\/brasil61.com\/noticias\/tag\/bolsonaro\" target=\"_blank\" rel=\"noopener\">Jair Bolsonaro<\/a>.<\/p>\n<p>Com isso, as sess\u00f5es nos plen\u00e1rios das duas casas v\u00e3o se limitar \u00e0 ter\u00e7a (28) e quarta-feira (29). As pautas ainda n\u00e3o foram definidas tanto no Senado Federal quanto na C\u00e2mara dos Deputados. Os assuntos da Casa Baixa ser\u00e3o definidos em cima do la\u00e7o, na reuni\u00e3o entre l\u00edderes partid\u00e1rios agendada para ter\u00e7a-feira.<\/p>\n<h2>Comiss\u00f5es<\/h2>\n<p>Sem as defini\u00e7\u00f5es de assuntos para os plen\u00e1rios, as comiss\u00f5es ganham destaques. Uma das principais foi rec\u00e9m-criada: a comiss\u00e3o especial que vai analisar o fim da jornada 6&#215;1. O despacho de instala\u00e7\u00e3o do colegiado, que ser\u00e1 formado por 74 deputados, foi publicado pelo presidente da C\u00e2mara, deputado <a href=\"https:\/\/www.camara.leg.br\/deputados\/160674\" target=\"_blank\" rel=\"noopener\">Hugo Motta (Republicanos-PB)<\/a>, na sexta-feira passada (24).<\/p>\n<p>No Senado, o presidente da <a href=\"https:\/\/legis.senado.leg.br\/comissoes\/comissao?codcol=34\" target=\"_blank\" rel=\"noopener\">Comiss\u00e3o de Constitui\u00e7\u00e3o e Justi\u00e7a (CCJ)<\/a>, o senador <a href=\"https:\/\/www25.senado.leg.br\/web\/senadores\/senador\/-\/perfil\/5523\" target=\"_blank\" rel=\"noopener\">Otto Alencar (PSD-BA)<\/a>, marcou para quarta-feira a sabatina e vota\u00e7\u00e3o da indica\u00e7\u00e3o de Jorge Messias para o <a href=\"https:\/\/brasil61.com\/noticias\/tag\/stf\" target=\"_blank\" rel=\"noopener\">Supremo Tribunal Federal (STF)<\/a>. O relat\u00f3rio do senador <a href=\"https:\/\/www25.senado.leg.br\/web\/senadores\/senador\/-\/perfil\/5411\" target=\"_blank\" rel=\"noopener\">Weverton Rocha (PDT- MA)<\/a> \u00e9 favor\u00e1vel \u00e0 indica\u00e7\u00e3o do atual <a href=\"https:\/\/www.gov.br\/agu\/pt-br\" target=\"_blank\" rel=\"noopener\">Advogado-geral da Uni\u00e3o (AGU)<\/a> para ocupar a vaga aberta ap\u00f3s a aposentadoria de Luiz Roberto Barroso, em outubro de 2025.<\/p>\n<p>H\u00e1 ainda a expectativa para instala\u00e7\u00e3o da <a href=\"https:\/\/www.congressonacional.leg.br\/web\/cmo\" target=\"_blank\" rel=\"noopener\">Comiss\u00e3o Mista de Or\u00e7amento (CMO)<\/a>. Respons\u00e1vel pela an\u00e1lise dos projetos or\u00e7ament\u00e1rios e fiscaliza\u00e7\u00e3o da execu\u00e7\u00e3o, o grupo pode ser instalado at\u00e9 a \u00faltima semana de abril, sendo que, este ano, a presid\u00eancia fica com integrante da C\u00e2mara dos Deputados e a relatoria com o Senado. Entre as propostas em an\u00e1lise, est\u00e1 o projeto da Lei de Diretrizes Or\u00e7ament\u00e1rias de 2027 (<a href=\"https:\/\/www.congressonacional.leg.br\/materias\/pesquisa\/-\/materia\/173677\" target=\"_blank\" rel=\"noopener\">PLN 2\/2026<\/a>), entregue pelo governo ao Congresso Nacional no \u00faltimo dia 15. Dentre outros t\u00f3picos, a proposta eleva o sal\u00e1rio-m\u00ednimo para R$ 1.717,00 no pr\u00f3ximo ano.<\/p>\n<p>\t\t\t\t\t\t\t\t\t\t<img decoding=\"async\" src=\"https:\/\/brasil61.com\/api\/v1\/serve_pixel\/22254\/89124\" alt=\"Pixel Brasil 61\" class=\"b61_pixel\" width=\"0\" height=\"0\"><\/p>\n<div class=\"br61_backlink\">\n<p>\n\t\t\t\tFonte: <a href=\"https:\/\/brasil61.com\/antes-do-feriado-congresso-deve-votar-vetos-ao-pl-da-dosimetria-bras2616306\" title=\"Artigo Original: Antes do feriado, Congresso deve votar vetos ao PL da Dosimetria\" target=\"_blank\" rel=\"noopener\">Brasil 61<\/a>\n\t\t\t<\/p>\n<\/p><\/div>\n<input type=\"hidden\" id=\"baseurl\" value=\"https:\/\/noticiasregionais.com.br\"><input type=\"hidden\" id=\"audio_nonce\" value=\"d4b05dd706\">","protected":false},"excerpt":{"rendered":"<p>Semana tamb\u00e9m marca a sabatina de Jorge Messias ao STF e cria\u00e7\u00e3o da comiss\u00e3o especial da jornada 6&#215;1<\/p>\n","protected":false},"author":1,"featured_media":14018,"comment_status":"","ping_status":"open","sticky":false,"template":"","format":"standard","meta":{"sfsi_plus_gutenberg_text_before_share":"","sfsi_plus_gutenberg_show_text_before_share":"","sfsi_plus_gutenberg_icon_type":"","sfsi_plus_gutenberg_icon_alignemt":"","sfsi_plus_gutenburg_max_per_row":"","footnotes":""},"categories":[8],"tags":[],"class_list":["post-14017","post","type-post","status-publish","format-standard","has-post-thumbnail","hentry","category-brasil"],"_links":{"self":[{"href":"https:\/\/noticiasregionais.com.br\/index.php?rest_route=\/wp\/v2\/posts\/14017","targetHints":{"allow":["GET"]}}],"collection":[{"href":"https:\/\/noticiasregionais.com.br\/index.php?rest_route=\/wp\/v2\/posts"}],"about":[{"href":"https:\/\/noticiasregionais.com.br\/index.php?rest_route=\/wp\/v2\/types\/post"}],"author":[{"embeddable":true,"href":"https:\/\/noticiasregionais.com.br\/index.php?rest_route=\/wp\/v2\/users\/1"}],"replies":[{"embeddable":true,"href":"https:\/\/noticiasregionais.com.br\/index.php?rest_route=%2Fwp%2Fv2%2Fcomments&post=14017"}],"version-history":[{"count":0,"href":"https:\/\/noticiasregionais.com.br\/index.php?rest_route=\/wp\/v2\/posts\/14017\/revisions"}],"wp:featuredmedia":[{"embeddable":true,"href":"https:\/\/noticiasregionais.com.br\/index.php?rest_route=\/wp\/v2\/media\/14018"}],"wp:attachment":[{"href":"https:\/\/noticiasregionais.com.br\/index.php?rest_route=%2Fwp%2Fv2%2Fmedia&parent=14017"}],"wp:term":[{"taxonomy":"category","embeddable":true,"href":"https:\/\/noticiasregionais.com.br\/index.php?rest_route=%2Fwp%2Fv2%2Fcategories&post=14017"},{"taxonomy":"post_tag","embeddable":true,"href":"https:\/\/noticiasregionais.com.br\/index.php?rest_route=%2Fwp%2Fv2%2Ftags&post=14017"}],"curies":[{"name":"wp","href":"https:\/\/api.w.org\/{rel}","templated":true}]}}