{"id":14028,"date":"2026-04-28T04:00:00","date_gmt":"2026-04-28T07:00:00","guid":{"rendered":"https:\/\/noticiasregionais.com.br\/?p=14028"},"modified":"2026-04-28T04:00:00","modified_gmt":"2026-04-28T07:00:00","slug":"cafe-hoje-confira-as-cotacoes-para-esta-terca-feira-28","status":"publish","type":"post","link":"https:\/\/noticiasregionais.com.br\/?p=14028","title":{"rendered":"Caf\u00e9 hoje: confira as cota\u00e7\u00f5es para esta ter\u00e7a-feira (28)"},"content":{"rendered":"<p>\t\t\t\t\t\t\t\t\t\t\t<audio controls class=\"b61_audio_player\" data-noticia=\"89159\" src=\"https:\/\/brasil61.com\/rails\/active_storage\/blobs\/eyJfcmFpbHMiOnsibWVzc2FnZSI6IkJBaHBBM0VhQkE9PSIsImV4cCI6bnVsbCwicHVyIjoiYmxvYl9pZCJ9fQ==--1f78b2d669ea226bac4e089ffc72282561da55a4\/PAGR266249A\"><\/audio><\/p>\n<p><strong>O pre\u00e7o do caf\u00e9 ar\u00e1bica abre esta ter\u00e7a-feira (28) em queda de 2,58%, com a saca de 60 kg negociada a R$ 1.784,03\u00a0na cidade de S\u00e3o Paulo.<\/strong><\/p>\n<p><strong>INDICADOR DO CAF\u00c9 AR\u00c1BICA CEPEA\/ESALQ\u00a0<\/strong><\/p>\n<table>\n<thead>\n<tr>\n<th>DATA<\/th>\n<th>VALOR R$<\/th>\n<th>VAR.\/DIA<\/th>\n<th>VAR.\/M\u00caS<\/th>\n<th>VALOR US$<\/th>\n<\/tr>\n<\/thead>\n<tbody>\n<tr>\n<td>27\/04\/2026<\/td>\n<td>1.784,03<\/td>\n<td>-2,58%<\/td>\n<td>-5,50%<\/td>\n<td>358,24<\/td>\n<\/tr>\n<tr>\n<td>24\/04\/2026<\/td>\n<td>1.831,26<\/td>\n<td>0,77%<\/td>\n<td>-2,99%<\/td>\n<td>366,33<\/td>\n<\/tr>\n<tr>\n<td>23\/04\/2026<\/td>\n<td>1.817,26<\/td>\n<td>2,67%<\/td>\n<td>-3,74%<\/td>\n<td>362,80<\/td>\n<\/tr>\n<tr>\n<td>22\/04\/2026<\/td>\n<td>1.770,08<\/td>\n<td>-0,32%<\/td>\n<td>-6,24%<\/td>\n<td>355,94<\/td>\n<\/tr>\n<tr>\n<td>20\/04\/2026<\/td>\n<td>1.775,85<\/td>\n<td>0,58%<\/td>\n<td>-5,93%<\/td>\n<td>357,03<\/td>\n<\/tr>\n<\/tbody>\n<\/table>\n<p>O caf\u00e9 robusta tamb\u00e9m\u00a0teve queda, desta vez de 1,47%, sendo comercializado a R$ 941,05.<\/p>\n<p><strong>INDICADOR DO CAF\u00c9 ROBUSTA CEPEA\/ESALQ\u00a0<\/strong><\/p>\n<table>\n<thead>\n<tr>\n<th>DATA<\/th>\n<th>VALOR R$<\/th>\n<th>VAR.\/DIA<\/th>\n<th>VAR.\/M\u00caS<\/th>\n<th>VALOR US$<\/th>\n<\/tr>\n<\/thead>\n<tbody>\n<tr>\n<td>27\/04\/2026<\/td>\n<td>941,05<\/td>\n<td>-1,47%<\/td>\n<td>-2,56%<\/td>\n<td>188,97<\/td>\n<\/tr>\n<tr>\n<td>24\/04\/2026<\/td>\n<td>955,12<\/td>\n<td>1,43%<\/td>\n<td>-1,10%<\/td>\n<td>191,06<\/td>\n<\/tr>\n<tr>\n<td>23\/04\/2026<\/td>\n<td>941,63<\/td>\n<td>0,91%<\/td>\n<td>-2,50%<\/td>\n<td>187,99<\/td>\n<\/tr>\n<tr>\n<td>22\/04\/2026<\/td>\n<td>933,13<\/td>\n<td>2,58%<\/td>\n<td>-3,38%<\/td>\n<td>187,64<\/td>\n<\/tr>\n<tr>\n<td>20\/04\/2026<\/td>\n<td>909,64<\/td>\n<td>2,73%<\/td>\n<td>-5,81%<\/td>\n<td>182,88<\/td>\n<\/tr>\n<\/tbody>\n<\/table>\n<h2>A\u00e7\u00facar<\/h2>\n<p><strong>O pre\u00e7o do a\u00e7\u00facar cristal apresenta varia\u00e7\u00e3o nas principais pra\u00e7as do estado de S\u00e3o Paulo. Na capital, a saca de 50 kg teve recuo de 0,95% e \u00e9 cotada a R$ 98,71.<\/strong><\/p>\n<p><strong>INDICADOR DO A\u00c7\u00daCAR CRISTAL BRANCO CEPEA\/ESALQ &#8211; S\u00c3O PAULO\u00a0<\/strong><\/p>\n<table>\n<thead>\n<tr>\n<th>DATA<\/th>\n<th>VALOR R$*<\/th>\n<th>VAR.\/DIA<\/th>\n<th>VAR.\/M\u00caS<\/th>\n<th>VALOR US$*<\/th>\n<\/tr>\n<\/thead>\n<tbody>\n<tr>\n<td>27\/04\/2026<\/td>\n<td>98,71<\/td>\n<td>-0,95%<\/td>\n<td>-6,40%<\/td>\n<td>19,82<\/td>\n<\/tr>\n<tr>\n<td>24\/04\/2026<\/td>\n<td>99,66<\/td>\n<td>3,75%<\/td>\n<td>-5,50%<\/td>\n<td>19,94<\/td>\n<\/tr>\n<tr>\n<td>23\/04\/2026<\/td>\n<td>96,06<\/td>\n<td>-3,01%<\/td>\n<td>-8,91%<\/td>\n<td>19,18<\/td>\n<\/tr>\n<tr>\n<td>22\/04\/2026<\/td>\n<td>99,04<\/td>\n<td>-0,35%<\/td>\n<td>-6,09%<\/td>\n<td>19,92<\/td>\n<\/tr>\n<tr>\n<td>20\/04\/2026<\/td>\n<td>99,39<\/td>\n<td>-0,51%<\/td>\n<td>-5,76%<\/td>\n<td>19,98<\/td>\n<\/tr>\n<\/tbody>\n<\/table>\n<p>Em Santos (SP), a mercadoria tamb\u00e9m diminuiu. A queda foi\u00a0de 0,53%, e a commodite \u00e9\u00a0negociada a R$ 102,11 na m\u00e9dia de pre\u00e7os sem impostos.<\/p>\n<p><strong>INDICADOR A\u00c7\u00daCAR CRISTAL &#8211; SANTOS (FOB)\u00a0<\/strong><\/p>\n<table id=\"imagenet-indicador2\">\n<thead>\n<tr>\n<th>DATA<\/th>\n<th>VALOR R$*<\/th>\n<th>VAR.\/DIA<\/th>\n<th>VAR.\/M\u00caS<\/th>\n<th>VALOR US$*<\/th>\n<\/tr>\n<\/thead>\n<tbody>\n<tr>\n<td>27\/04\/2026<\/td>\n<td>102,11<\/td>\n<td>-0,53%<\/td>\n<td>-10,51%<\/td>\n<td>20,54<\/td>\n<\/tr>\n<tr>\n<td>24\/04\/2026<\/td>\n<td>102,65<\/td>\n<td>2,43%<\/td>\n<td>-10,04%<\/td>\n<td>20,50<\/td>\n<\/tr>\n<tr>\n<td>23\/04\/2026<\/td>\n<td>100,21<\/td>\n<td>0,12%<\/td>\n<td>-12,17%<\/td>\n<td>20,23<\/td>\n<\/tr>\n<tr>\n<td>22\/04\/2026<\/td>\n<td>100,09<\/td>\n<td>0,86%<\/td>\n<td>-12,28%<\/td>\n<td>20,16<\/td>\n<\/tr>\n<tr>\n<td>20\/04\/2026<\/td>\n<td>99,24<\/td>\n<td>0,44%<\/td>\n<td>-13,02%<\/td>\n<td>19,91<\/td>\n<\/tr>\n<\/tbody>\n<\/table>\n<h2>Milho<\/h2>\n<p><strong>A saca de 60 kg do milho, por sua vez, \u00e9 vendida a R$ 66,67, ap\u00f3s aumento de 0,06% no pre\u00e7o.<\/strong><\/p>\n<p><strong>INDICADOR DO MILHO ESALQ\/BM&amp;FBOVESPA\u00a0<\/strong><\/p>\n<table id=\"imagenet-indicador1\">\n<thead>\n<tr>\n<th>DATA<\/th>\n<th>VALOR R$*<\/th>\n<th>VAR.\/DIA<\/th>\n<th>VAR.\/M\u00caS<\/th>\n<th>VALOR US$*<\/th>\n<\/tr>\n<\/thead>\n<tbody>\n<tr>\n<td>27\/04\/2026<\/td>\n<td>66,67<\/td>\n<td>0,06%<\/td>\n<td>-5,26%<\/td>\n<td>13,39<\/td>\n<\/tr>\n<tr>\n<td>24\/04\/2026<\/td>\n<td>66,63<\/td>\n<td>0,41%<\/td>\n<td>-5,31%<\/td>\n<td>13,33<\/td>\n<\/tr>\n<tr>\n<td>23\/04\/2026<\/td>\n<td>66,36<\/td>\n<td>0,03%<\/td>\n<td>-5,70%<\/td>\n<td>13,25<\/td>\n<\/tr>\n<tr>\n<td>22\/04\/2026<\/td>\n<td>66,34<\/td>\n<td>-0,17%<\/td>\n<td>-5,73%<\/td>\n<td>13,34<\/td>\n<\/tr>\n<tr>\n<td>20\/04\/2026<\/td>\n<td>66,45<\/td>\n<td>-0,54%<\/td>\n<td>-5,57%<\/td>\n<td>13,36<\/td>\n<\/tr>\n<\/tbody>\n<\/table>\n<p>Os valores s\u00e3o do <a href=\"https:\/\/cepea.org.br\/br\/indicador\/milho.aspx\" target=\"_blank\" rel=\"noopener\">Cepea<\/a>.<\/p>\n<h2>Diferen\u00e7a entre caf\u00e9 ar\u00e1bica e caf\u00e9 robusta: caracter\u00edsticas, uso e regi\u00f5es produtoras<\/h2>\n<p>Caf\u00e9 ar\u00e1bica e caf\u00e9 robusta s\u00e3o as duas principais variedades cultivadas e comercializadas no Brasil, ambas medidas em sacas de 60 kg.<\/p>\n<p>O caf\u00e9 ar\u00e1bica (conhecido tamb\u00e9m como caf\u00e9 Conilon, em algumas regi\u00f5es) tem sabor mais suave, menor teor de cafe\u00edna e alta qualidade sensorial, sendo preferido em cafeterias especializadas e nas exporta\u00e7\u00f5es de caf\u00e9s premium. Representa cerca de 70% da produ\u00e7\u00e3o brasileira, com destaque para estados como Minas Gerais e S\u00e3o Paulo.<\/p>\n<p>O caf\u00e9 robusta, por sua vez, possui sabor mais amargo, maior concentra\u00e7\u00e3o de cafe\u00edna e corpo mais intenso. \u00c9 amplamente utilizado na produ\u00e7\u00e3o de caf\u00e9 sol\u00favel e blends comerciais. Seus principais polos produtores s\u00e3o o Esp\u00edrito Santo e Rond\u00f4nia, e seu pre\u00e7o costuma ser mais baixo em compara\u00e7\u00e3o ao ar\u00e1bica, por conta do perfil mais industrial.\u00a0<\/p>\n<h2>Como \u00e9 calculada a saca de a\u00e7\u00facar cristal?<\/h2>\n<p><strong>A saca de a\u00e7\u00facar cristal no Brasil \u00e9 padronizada em 50 quilos, especialmente para comercializa\u00e7\u00e3o no mercado atacadista e para uso na ind\u00fastria aliment\u00edcia. Essa unidade de medida \u00e9 adotada pelo Cepea\/Esalq-USP, principal fonte de cota\u00e7\u00f5es di\u00e1rias do a\u00e7\u00facar cristal no pa\u00eds.<\/strong><\/p>\n<h2>Qual o peso da saca de milho no Brasil?<\/h2>\n<p>A saca de milho equivale a 60 kg de gr\u00e3os, mesmo padr\u00e3o utilizado para soja e trigo. Essa medida \u00e9 oficializada por institui\u00e7\u00f5es como a Companhia Nacional de Abastecimento (Conab), o Minist\u00e9rio da Agricultura (MAPA) e o Cepea, sendo amplamente usada em negocia\u00e7\u00f5es e relat\u00f3rios de pre\u00e7o do milho. \u00a0<br \/>\n\u00a0<\/p>\n<p>\t\t\t\t\t\t\t\t\t\t<img decoding=\"async\" src=\"https:\/\/brasil61.com\/api\/v1\/serve_pixel\/22254\/89159\" alt=\"Pixel Brasil 61\" class=\"b61_pixel\" width=\"0\" height=\"0\"><\/p>\n<div class=\"br61_backlink\">\n<p>\n\t\t\t\tFonte: <a href=\"https:\/\/brasil61.com\/cafe-hoje-confira-as-cotacoes-para-esta-terca-feira-28-pagr266249\" title=\"Artigo Original: Caf\u00e9 hoje: confira as cota\u00e7\u00f5es para esta ter\u00e7a-feira (28)\" target=\"_blank\" rel=\"noopener\">Brasil 61<\/a>\n\t\t\t<\/p>\n<\/p><\/div>\n<input type=\"hidden\" id=\"baseurl\" value=\"https:\/\/noticiasregionais.com.br\"><input type=\"hidden\" id=\"audio_nonce\" value=\"51537c5ade\">","protected":false},"excerpt":{"rendered":"<p>Pre\u00e7os do caf\u00e9 ar\u00e1bica e a\u00e7\u00facar apresentam queda<\/p>\n","protected":false},"author":1,"featured_media":14029,"comment_status":"","ping_status":"open","sticky":false,"template":"","format":"standard","meta":{"sfsi_plus_gutenberg_text_before_share":"","sfsi_plus_gutenberg_show_text_before_share":"","sfsi_plus_gutenberg_icon_type":"","sfsi_plus_gutenberg_icon_alignemt":"","sfsi_plus_gutenburg_max_per_row":"","footnotes":""},"categories":[8],"tags":[],"class_list":["post-14028","post","type-post","status-publish","format-standard","has-post-thumbnail","hentry","category-brasil"],"_links":{"self":[{"href":"https:\/\/noticiasregionais.com.br\/index.php?rest_route=\/wp\/v2\/posts\/14028","targetHints":{"allow":["GET"]}}],"collection":[{"href":"https:\/\/noticiasregionais.com.br\/index.php?rest_route=\/wp\/v2\/posts"}],"about":[{"href":"https:\/\/noticiasregionais.com.br\/index.php?rest_route=\/wp\/v2\/types\/post"}],"author":[{"embeddable":true,"href":"https:\/\/noticiasregionais.com.br\/index.php?rest_route=\/wp\/v2\/users\/1"}],"replies":[{"embeddable":true,"href":"https:\/\/noticiasregionais.com.br\/index.php?rest_route=%2Fwp%2Fv2%2Fcomments&post=14028"}],"version-history":[{"count":0,"href":"https:\/\/noticiasregionais.com.br\/index.php?rest_route=\/wp\/v2\/posts\/14028\/revisions"}],"wp:featuredmedia":[{"embeddable":true,"href":"https:\/\/noticiasregionais.com.br\/index.php?rest_route=\/wp\/v2\/media\/14029"}],"wp:attachment":[{"href":"https:\/\/noticiasregionais.com.br\/index.php?rest_route=%2Fwp%2Fv2%2Fmedia&parent=14028"}],"wp:term":[{"taxonomy":"category","embeddable":true,"href":"https:\/\/noticiasregionais.com.br\/index.php?rest_route=%2Fwp%2Fv2%2Fcategories&post=14028"},{"taxonomy":"post_tag","embeddable":true,"href":"https:\/\/noticiasregionais.com.br\/index.php?rest_route=%2Fwp%2Fv2%2Ftags&post=14028"}],"curies":[{"name":"wp","href":"https:\/\/api.w.org\/{rel}","templated":true}]}}