{"id":14030,"date":"2026-04-28T04:05:00","date_gmt":"2026-04-28T07:05:00","guid":{"rendered":"https:\/\/noticiasregionais.com.br\/?p=14030"},"modified":"2026-04-28T04:05:00","modified_gmt":"2026-04-28T07:05:00","slug":"soja-e-trigo-confira-os-precos-dos-graos-nesta-terca-feira-28","status":"publish","type":"post","link":"https:\/\/noticiasregionais.com.br\/?p=14030","title":{"rendered":"SOJA E TRIGO: confira os pre\u00e7os dos gr\u00e3os nesta ter\u00e7a-feira (28)"},"content":{"rendered":"<p>\t\t\t\t\t\t\t\t\t\t\t<audio controls class=\"b61_audio_player\" data-noticia=\"89160\" src=\"https:\/\/brasil61.com\/rails\/active_storage\/blobs\/eyJfcmFpbHMiOnsibWVzc2FnZSI6IkJBaHBBM0FhQkE9PSIsImV4cCI6bnVsbCwicHVyIjoiYmxvYl9pZCJ9fQ==--16bbe95f1fb894d62948a931ff50129cf6bf7f8f\/PAGR266250A\"><\/audio><\/p>\n<p><strong>O valor da saca de 60 kg da soja abre esta ter\u00e7a-feira (28) em alta no interior do Paran\u00e1 e queda no litoral do estado, em Paranagu\u00e1.\u00a0<\/strong><\/p>\n<p>Na primeira regi\u00e3o, o gr\u00e3o teve valoriza\u00e7\u00e3o de 0,17% e \u00e9 negociado a R$ 121,12; na segunda, a mercadoria teve baixa de 0,06% e \u00e9 cotada a R$ 127,66.<\/p>\n<p><strong>INDICADOR DA SOJA CEPEA\/ESALQ &#8211; PARAN\u00c1\u00a0<\/strong><\/p>\n<table>\n<thead>\n<tr>\n<th>DATA<\/th>\n<th>VALOR R$*<\/th>\n<th>VAR.\/DIA<\/th>\n<th>VAR.\/M\u00caS<\/th>\n<th>VALOR US$*<\/th>\n<\/tr>\n<\/thead>\n<tbody>\n<tr>\n<td>27\/04\/2026<\/td>\n<td>121,12<\/td>\n<td>0,17%<\/td>\n<td>-1,38%<\/td>\n<td>24,32<\/td>\n<\/tr>\n<tr>\n<td>24\/04\/2026<\/td>\n<td>120,91<\/td>\n<td>0,35%<\/td>\n<td>-1,55%<\/td>\n<td>24,19<\/td>\n<\/tr>\n<tr>\n<td>23\/04\/2026<\/td>\n<td>120,49<\/td>\n<td>-0,11%<\/td>\n<td>-1,89%<\/td>\n<td>24,05<\/td>\n<\/tr>\n<tr>\n<td>22\/04\/2026<\/td>\n<td>120,62<\/td>\n<td>0,37%<\/td>\n<td>-1,78%<\/td>\n<td>24,25<\/td>\n<\/tr>\n<tr>\n<td>20\/04\/2026<\/td>\n<td>120,17<\/td>\n<td>-0,20%<\/td>\n<td>-2,15%<\/td>\n<td>24,16<\/td>\n<\/tr>\n<\/tbody>\n<\/table>\n<p><strong>INDICADOR DA SOJA CEPEA\/ESALQ &#8211; PARANAGU\u00c1<\/strong><\/p>\n<table>\n<thead>\n<tr>\n<th>DATA<\/th>\n<th>VALOR R$*<\/th>\n<th>VAR.\/DIA<\/th>\n<th>VAR.\/M\u00caS<\/th>\n<th>VALOR US$*<\/th>\n<\/tr>\n<\/thead>\n<tbody>\n<tr>\n<td>27\/04\/2026<\/td>\n<td>127,66<\/td>\n<td>-0,06%<\/td>\n<td>-1,22%<\/td>\n<td>25,63<\/td>\n<\/tr>\n<tr>\n<td>24\/04\/2026<\/td>\n<td>127,74<\/td>\n<td>0,66%<\/td>\n<td>-1,16%<\/td>\n<td>25,55<\/td>\n<\/tr>\n<tr>\n<td>23\/04\/2026<\/td>\n<td>126,90<\/td>\n<td>-0,42%<\/td>\n<td>-1,81%<\/td>\n<td>25,33<\/td>\n<\/tr>\n<tr>\n<td>22\/04\/2026<\/td>\n<td>127,43<\/td>\n<td>1,19%<\/td>\n<td>-1,40%<\/td>\n<td>25,63<\/td>\n<\/tr>\n<tr>\n<td>20\/04\/2026<\/td>\n<td>125,93<\/td>\n<td>-0,41%<\/td>\n<td>-2,56%<\/td>\n<td>25,32<\/td>\n<\/tr>\n<\/tbody>\n<\/table>\n<h2>Trigo<\/h2>\n<p><strong>O pre\u00e7o do trigo, por sua vez, registra valoriza\u00e7\u00e3o de 0,18% no Paran\u00e1; e de 0,79% no Rio Grande do Sul. <\/strong>No primeiro estado, a tonelada \u00e9 vendida a R$ 1.338,20, enquanto no segundo \u00e9 comercializada a R$ 1.269,96.<\/p>\n<p><strong>PRE\u00c7O M\u00c9DIO DO TRIGO CEPEA\/ESALQ &#8211; PARAN\u00c1\u00a0<\/strong><\/p>\n<table>\n<thead>\n<tr>\n<th>DATA<\/th>\n<th>VALOR R$\/T*<\/th>\n<th>VAR.\/DIA<\/th>\n<th>VAR.\/M\u00caS<\/th>\n<th>VALOR US$\/T*<\/th>\n<\/tr>\n<\/thead>\n<tbody>\n<tr>\n<td>27\/04\/2026<\/td>\n<td>1.338,20<\/td>\n<td>0,18%<\/td>\n<td>4,15%<\/td>\n<td>268,71<\/td>\n<\/tr>\n<tr>\n<td>24\/04\/2026<\/td>\n<td>1.335,79<\/td>\n<td>-0,18%<\/td>\n<td>3,96%<\/td>\n<td>267,21<\/td>\n<\/tr>\n<tr>\n<td>23\/04\/2026<\/td>\n<td>1.338,21<\/td>\n<td>-0,30%<\/td>\n<td>4,15%<\/td>\n<td>267,16<\/td>\n<\/tr>\n<tr>\n<td>22\/04\/2026<\/td>\n<td>1.342,19<\/td>\n<td>0,19%<\/td>\n<td>4,46%<\/td>\n<td>269,89<\/td>\n<\/tr>\n<tr>\n<td>20\/04\/2026<\/td>\n<td>1.339,61<\/td>\n<td>0,77%<\/td>\n<td>4,26%<\/td>\n<td>269,32<\/td>\n<\/tr>\n<\/tbody>\n<\/table>\n<p><strong>PRE\u00c7O M\u00c9DIO DO TRIGO CEPEA\/ESALQ &#8211; RIO GRANDE DO SUL<\/strong><\/p>\n<table>\n<thead>\n<tr>\n<th>DATA<\/th>\n<th>VALOR R$\/T*<\/th>\n<th>VAR.\/DIA<\/th>\n<th>VAR.\/M\u00caS<\/th>\n<th>VALOR US$\/T*<\/th>\n<\/tr>\n<\/thead>\n<tbody>\n<tr>\n<td>27\/04\/2026<\/td>\n<td>1.269,96<\/td>\n<td>0,79%<\/td>\n<td>10,17%<\/td>\n<td>255,01<\/td>\n<\/tr>\n<tr>\n<td>24\/04\/2026<\/td>\n<td>1.260,04<\/td>\n<td>1,28%<\/td>\n<td>9,31%<\/td>\n<td>252,06<\/td>\n<\/tr>\n<tr>\n<td>23\/04\/2026<\/td>\n<td>1.244,12<\/td>\n<td>0,70%<\/td>\n<td>7,93%<\/td>\n<td>248,38<\/td>\n<\/tr>\n<tr>\n<td>22\/04\/2026<\/td>\n<td>1.235,52<\/td>\n<td>0,67%<\/td>\n<td>7,19%<\/td>\n<td>248,45<\/td>\n<\/tr>\n<tr>\n<td>20\/04\/2026<\/td>\n<td>1.227,34<\/td>\n<td>0,01%<\/td>\n<td>6,48%<\/td>\n<td>246,75<\/td>\n<\/tr>\n<\/tbody>\n<\/table>\n<p>Os valores s\u00e3o do <a href=\"https:\/\/cepea.org.br\/br\/indicador\/trigo.aspx\" target=\"_blank\" rel=\"noopener\">Cepea<\/a>.<\/p>\n<h2>O que \u00e9 uma saca de soja ou de trigo? Entenda a unidade de medida no mercado de gr\u00e3os<\/h2>\n<p><strong>A saca de soja e a saca de trigo s\u00e3o as principais unidades de comercializa\u00e7\u00e3o de gr\u00e3os no Brasil. Cada saca equivale a 60 quilos, padr\u00e3o adotado por \u00f3rg\u00e3os oficiais como a Companhia Nacional de Abastecimento (Conab), o Minist\u00e9rio da Agricultura (MAPA) e o Centro de Estudos Avan\u00e7ados em Economia Aplicada (Cepea).<\/strong><\/p>\n<p>Esse formato padronizado facilita o com\u00e9rcio da soja e do trigo, al\u00e9m de permitir um acompanhamento mais preciso das cota\u00e7\u00f5es e varia\u00e7\u00f5es de pre\u00e7os no mercado nacional. \u00a0<br \/>\n\u00a0<\/p>\n<p>\t\t\t\t\t\t\t\t\t\t<img decoding=\"async\" src=\"https:\/\/brasil61.com\/api\/v1\/serve_pixel\/22254\/89160\" alt=\"Pixel Brasil 61\" class=\"b61_pixel\" width=\"0\" height=\"0\"><\/p>\n<div class=\"br61_backlink\">\n<p>\n\t\t\t\tFonte: <a href=\"https:\/\/brasil61.com\/soja-e-trigo-confira-os-precos-dos-graos-nesta-terca-feira-28-pagr266250\" title=\"Artigo Original: SOJA E TRIGO: confira os pre\u00e7os dos gr\u00e3os nesta ter\u00e7a-feira (28)\" target=\"_blank\" rel=\"noopener\">Brasil 61<\/a>\n\t\t\t<\/p>\n<\/p><\/div>\n<input type=\"hidden\" id=\"baseurl\" value=\"https:\/\/noticiasregionais.com.br\"><input type=\"hidden\" id=\"audio_nonce\" value=\"3cdc555a10\">","protected":false},"excerpt":{"rendered":"<p>O pre\u00e7o do trigo registra alta de 0,18% no Paran\u00e1; e de 0,79% no Rio Grande do Sul<\/p>\n","protected":false},"author":1,"featured_media":14031,"comment_status":"","ping_status":"open","sticky":false,"template":"","format":"standard","meta":{"sfsi_plus_gutenberg_text_before_share":"","sfsi_plus_gutenberg_show_text_before_share":"","sfsi_plus_gutenberg_icon_type":"","sfsi_plus_gutenberg_icon_alignemt":"","sfsi_plus_gutenburg_max_per_row":"","footnotes":""},"categories":[8],"tags":[],"class_list":["post-14030","post","type-post","status-publish","format-standard","has-post-thumbnail","hentry","category-brasil"],"_links":{"self":[{"href":"https:\/\/noticiasregionais.com.br\/index.php?rest_route=\/wp\/v2\/posts\/14030","targetHints":{"allow":["GET"]}}],"collection":[{"href":"https:\/\/noticiasregionais.com.br\/index.php?rest_route=\/wp\/v2\/posts"}],"about":[{"href":"https:\/\/noticiasregionais.com.br\/index.php?rest_route=\/wp\/v2\/types\/post"}],"author":[{"embeddable":true,"href":"https:\/\/noticiasregionais.com.br\/index.php?rest_route=\/wp\/v2\/users\/1"}],"replies":[{"embeddable":true,"href":"https:\/\/noticiasregionais.com.br\/index.php?rest_route=%2Fwp%2Fv2%2Fcomments&post=14030"}],"version-history":[{"count":0,"href":"https:\/\/noticiasregionais.com.br\/index.php?rest_route=\/wp\/v2\/posts\/14030\/revisions"}],"wp:featuredmedia":[{"embeddable":true,"href":"https:\/\/noticiasregionais.com.br\/index.php?rest_route=\/wp\/v2\/media\/14031"}],"wp:attachment":[{"href":"https:\/\/noticiasregionais.com.br\/index.php?rest_route=%2Fwp%2Fv2%2Fmedia&parent=14030"}],"wp:term":[{"taxonomy":"category","embeddable":true,"href":"https:\/\/noticiasregionais.com.br\/index.php?rest_route=%2Fwp%2Fv2%2Fcategories&post=14030"},{"taxonomy":"post_tag","embeddable":true,"href":"https:\/\/noticiasregionais.com.br\/index.php?rest_route=%2Fwp%2Fv2%2Ftags&post=14030"}],"curies":[{"name":"wp","href":"https:\/\/api.w.org\/{rel}","templated":true}]}}