{"id":14032,"date":"2026-04-28T04:20:00","date_gmt":"2026-04-28T07:20:00","guid":{"rendered":"https:\/\/noticiasregionais.com.br\/?p=14032"},"modified":"2026-04-28T04:20:00","modified_gmt":"2026-04-28T07:20:00","slug":"eleicoes-2026-lula-tem-empate-tecnico-com-flavio-zema-e-caiado-no-2o-turno-aponta-nexus","status":"publish","type":"post","link":"https:\/\/noticiasregionais.com.br\/?p=14032","title":{"rendered":"Elei\u00e7\u00f5es 2026: Lula tem empate t\u00e9cnico com Fl\u00e1vio, Zema e Caiado no 2\u00ba turno, aponta Nexus"},"content":{"rendered":"<p>\t\t\t\t\t\t\t\t\t\t\t<audio controls class=\"b61_audio_player\" data-noticia=\"89146\" src=\"https:\/\/brasil61.com\/rails\/active_storage\/blobs\/eyJfcmFpbHMiOnsibWVzc2FnZSI6IkJBaHBBMkFhQkE9PSIsImV4cCI6bnVsbCwicHVyIjoiYmxvYl9pZCJ9fQ==--5c94ee80cca501b87d84093218acef4814a96daf\/BRAS2616312A\"><\/audio><\/p>\n<p>Em um eventual <strong>segundo turno na disputa pela Presid\u00eancia da Rep\u00fablica<\/strong>, o atual presidente <strong>Luiz In\u00e1cio Lula da Silva (PT)<\/strong> aparece em <strong>empate t\u00e9cnico <\/strong>com os pr\u00e9-candidatos: o senador <strong>Fl\u00e1vio Bolsonaro (PL) <\/strong>e os ex-governadores<strong> Romeu Zema (Novo) <\/strong>e <strong>Ronaldo Caiado (PSD)<\/strong>. Os dados s\u00e3o da <a href=\"https:\/\/www.nexus.fsb.com.br\/estudos-divulgados\/pesquisa-btg-nexus-de-intencao-de-votos-para-presidente-no-brasil-edicao-de-abril-2026\/\" target=\"_blank\" rel=\"noopener\">pesquisa Nexus\/BTG<\/a>, divulgada nesta segunda-feira (27).<\/p>\n<p>Na simula\u00e7\u00e3o entre <strong>Lula e Fl\u00e1vio Bolsonaro<\/strong>, o <strong>petista ficou com 46% das inten\u00e7\u00f5es de voto<\/strong>, enquanto o<strong> senador registrou 45%<\/strong>, configurando empate t\u00e9cnico dentro da margem de erro.<\/p>\n<p>Os<strong> votos em branco, nulo ou em nenhum<\/strong> dos dois candidatos somaram <strong>8%<\/strong>, e <strong>1%<\/strong> dos entrevistados<strong> n\u00e3o soube<\/strong> ou preferiu <strong>n\u00e3o responder<\/strong>.<\/p>\n<p>O levantamento tamb\u00e9m faz uma compara\u00e7\u00e3o com os resultados de <strong>mar\u00e7o<\/strong>, quando <strong>Lula e Fl\u00e1vio empataram em 46%<\/strong>.<\/p>\n<p>Nos cen\u00e1rios com os demais pr\u00e9-candidatos, o levantamento aponta os seguintes resultados para o segundo turno:<\/p>\n<p><strong>Lula e Zema<\/strong><\/p>\n<ul>\n<li>Lula: <strong>45%<\/strong><\/li>\n<li>Zema: <strong>41%<\/strong><\/li>\n<li>Branco, nulo ou nenhum: <strong>12%<\/strong><\/li>\n<li>N\u00e3o sabem ou n\u00e3o responderam: <strong>2%<\/strong><\/li>\n<\/ul>\n<p>Em mar\u00e7o, Lula tinha<strong> 46% <\/strong>e Zema <strong>40%<\/strong>.<\/p>\n<p><strong>Lula e Caiado<\/strong><\/p>\n<ul>\n<li>Lula: <strong>45%<\/strong><\/li>\n<li>Caiado: <strong>41%<\/strong><\/li>\n<li>Branco, nulo ou nenhum:<strong> 11%<\/strong><\/li>\n<li>N\u00e3o sabem ou n\u00e3o responderam: <strong>2%<\/strong><\/li>\n<\/ul>\n<p>Em mar\u00e7o, Lula tinha <strong>46%<\/strong> e Caiado <strong>41%<\/strong>.<\/p>\n<p>O levantamento da Nexus\/BTG ouviu 2.028 eleitores entre 24 e 26 de abril. A <strong>margem de erro \u00e9 de 2 pontos percentuais (p.p.), para mais ou para menos<\/strong>, com n\u00edvel de confian\u00e7a de 95%.<\/p>\n<h2>Voto espont\u00e2neo no primeiro turno<\/h2>\n<p>Apesar das simula\u00e7\u00f5es com nomes considerados de terceira via, apenas Fl\u00e1vio Bolsonaro fica pr\u00f3ximo de disputar o segundo turno com o atual presidente. Segundo o levantamento, no voto espont\u00e2neo para o <strong>primeiro turno, Lula manteve 41%<\/strong>. J\u00e1 <strong>Fl\u00e1vio Bolsonaro <\/strong>oscilou dentro da margem de erro, recuando de<strong> 38% em mar\u00e7o para 36% em abril<\/strong>.<\/p>\n<p>Entre os demais pr\u00e9-candidatos, as varia\u00e7\u00f5es de inten\u00e7\u00e3o de votos entre mar\u00e7o e abril foram:<\/p>\n<ul>\n<li>Zema: de <strong>4% para 5%<\/strong><\/li>\n<li>Caiado: manteve <strong>4%<\/strong><\/li>\n<li>Renan Santos: de <strong>2% para 4%<\/strong><\/li>\n<li>Aldo Rebelo: de <strong>0% para 1%<\/strong><\/li>\n<\/ul>\n<h2>Rejei\u00e7\u00e3o e aprova\u00e7\u00e3o<\/h2>\n<p>O \u00edndice de <strong>rejei\u00e7\u00e3o <\/strong>\u2014 que mede o percentual de eleitores que afirmam n\u00e3o votar em determinado candidato de jeito nenhum \u2014 ficou numericamente empatado entre <strong>Lula e Fl\u00e1vio Bolsonaro, ambos com 48%<\/strong>. H\u00e1 quatro semanas, a rejei\u00e7\u00e3o ao presidente Lula era de 49%.<\/p>\n<p>J\u00e1 entre os eleitores que<strong> votariam apenas em Lula<\/strong>, o \u00edndice \u00e9 de <strong>34%<\/strong>, e o de<strong> Fl\u00e1vio \u00e9 de 27%<\/strong>; sem varia\u00e7\u00f5es em rela\u00e7\u00e3o ao levantamento anterior.<\/p>\n<p>A pesquisa tamb\u00e9m aponta <strong>avan\u00e7o<\/strong>, dentro da margem de erro, na <strong>avalia\u00e7\u00e3o do governo federal<\/strong>. A taxa de <strong>aprova\u00e7\u00e3o subiu de 45% para 46%<\/strong>, enquanto a <strong>desaprova\u00e7\u00e3o caiu de 51% para 49%<\/strong>. Com isso, o saldo negativo do governo passou de -6 p.p. para -3 p.p.<\/p>\n<h2>Endividamento e inten\u00e7\u00e3o de voto<\/h2>\n<p>O levantamento investigou ainda o <strong>n\u00edvel de endividamento dos brasileiros<\/strong>. Segundo os dados, <strong>59%<\/strong> dos entrevistados afirmaram <strong>possuir alguma d\u00edvida<\/strong>, sendo que<strong> 24% t\u00eam d\u00e9bitos em atraso h\u00e1 mais de 30 dias<\/strong>.<\/p>\n<p>Al\u00e9m disso, ao considerar uma cesta composta por nove itens \u2014 incluindo contas, servi\u00e7os e produtos \u2014, cerca de<strong> metade dos eleitores relatou ter maior dificuldade de consumo hoje em compara\u00e7\u00e3o com o governo anterior<\/strong>, encerrado em dezembro de 2022. Essa percep\u00e7\u00e3o inclui desde a compra de roupas, celulares e medicamentos at\u00e9 o pagamento de contas e aquisi\u00e7\u00e3o de alimentos.<\/p>\n<p>De acordo com a an\u00e1lise, essa percep\u00e7\u00e3o econ\u00f4mica influencia o<strong> comportamento eleitoral<\/strong>. Entre os entrevistados que afirmam ter <strong>pouca ou nenhuma dificuldade de consumo atualmente<\/strong>, h\u00e1 <strong>prefer\u00eancia <\/strong>significativamente <strong>maior por Lula <\/strong>em um eventual segundo turno contra Fl\u00e1vio Bolsonaro.<\/p>\n<p>Por outro lado, entre aqueles que relatam<strong> maior dificuldade para comprar produtos e pagar contas<\/strong>, a <strong>prefer\u00eancia <\/strong>eleitoral se concentra mais em <strong>Fl\u00e1vio Bolsonaro<\/strong>.<\/p>\n<p>A pesquisa completa est\u00e1 dispon\u00edvel no <a href=\"https:\/\/www.nexus.fsb.com.br\/estudos-divulgados\/pesquisa-btg-nexus-de-intencao-de-votos-para-presidente-no-brasil-edicao-de-abril-2026\/\" target=\"_blank\" rel=\"noopener\">site da Nexus<\/a>.<\/p>\n<p><strong>VEJA MAIS:<\/strong><\/p>\n<ul>\n<li><a href=\"https:\/\/brasil61.com\/n\/eleicoes-2026-veja-como-funciona-a-sequencia-de-votacao-na-urna-eletronica-bras2616254\" target=\"_blank\" rel=\"noopener\">Elei\u00e7\u00f5es 2026: veja como funciona a sequ\u00eancia de vota\u00e7\u00e3o na urna eletr\u00f4nica<\/a><\/li>\n<li><a href=\"https:\/\/brasil61.com\/n\/eleicoes-2026-confira-prazos-e-regras-para-eleitores-e-candidatos-bras2616213\" target=\"_blank\" rel=\"noopener\">Elei\u00e7\u00f5es 2026: confira prazos e regras para eleitores e candidatos<\/a><\/li>\n<\/ul>\n<p>\t\t\t\t\t\t\t\t\t\t<img decoding=\"async\" src=\"https:\/\/brasil61.com\/api\/v1\/serve_pixel\/22254\/89146\" alt=\"Pixel Brasil 61\" class=\"b61_pixel\" width=\"0\" height=\"0\"><\/p>\n<div class=\"br61_backlink\">\n<p>\n\t\t\t\tFonte: <a href=\"https:\/\/brasil61.com\/eleicoes-2026-lula-tem-empate-tecnico-com-flavio-zema-e-caiado-no-2-turno-aponta-nexus-bras2616312\" title=\"Artigo Original: Elei\u00e7\u00f5es 2026: Lula tem empate t\u00e9cnico com Fl\u00e1vio, Zema e Caiado no 2\u00ba turno, aponta Nexus\" target=\"_blank\" rel=\"noopener\">Brasil 61<\/a>\n\t\t\t<\/p>\n<\/p><\/div>\n<input type=\"hidden\" id=\"baseurl\" value=\"https:\/\/noticiasregionais.com.br\"><input type=\"hidden\" id=\"audio_nonce\" value=\"3cdc555a10\">","protected":false},"excerpt":{"rendered":"<p>Levantamento tamb\u00e9m indica rejei\u00e7\u00e3o igual entre Lula e Fl\u00e1vio e avan\u00e7o discreto na aprova\u00e7\u00e3o do atual governo<\/p>\n","protected":false},"author":1,"featured_media":14033,"comment_status":"","ping_status":"open","sticky":false,"template":"","format":"standard","meta":{"sfsi_plus_gutenberg_text_before_share":"","sfsi_plus_gutenberg_show_text_before_share":"","sfsi_plus_gutenberg_icon_type":"","sfsi_plus_gutenberg_icon_alignemt":"","sfsi_plus_gutenburg_max_per_row":"","footnotes":""},"categories":[8],"tags":[],"class_list":["post-14032","post","type-post","status-publish","format-standard","has-post-thumbnail","hentry","category-brasil"],"_links":{"self":[{"href":"https:\/\/noticiasregionais.com.br\/index.php?rest_route=\/wp\/v2\/posts\/14032","targetHints":{"allow":["GET"]}}],"collection":[{"href":"https:\/\/noticiasregionais.com.br\/index.php?rest_route=\/wp\/v2\/posts"}],"about":[{"href":"https:\/\/noticiasregionais.com.br\/index.php?rest_route=\/wp\/v2\/types\/post"}],"author":[{"embeddable":true,"href":"https:\/\/noticiasregionais.com.br\/index.php?rest_route=\/wp\/v2\/users\/1"}],"replies":[{"embeddable":true,"href":"https:\/\/noticiasregionais.com.br\/index.php?rest_route=%2Fwp%2Fv2%2Fcomments&post=14032"}],"version-history":[{"count":0,"href":"https:\/\/noticiasregionais.com.br\/index.php?rest_route=\/wp\/v2\/posts\/14032\/revisions"}],"wp:featuredmedia":[{"embeddable":true,"href":"https:\/\/noticiasregionais.com.br\/index.php?rest_route=\/wp\/v2\/media\/14033"}],"wp:attachment":[{"href":"https:\/\/noticiasregionais.com.br\/index.php?rest_route=%2Fwp%2Fv2%2Fmedia&parent=14032"}],"wp:term":[{"taxonomy":"category","embeddable":true,"href":"https:\/\/noticiasregionais.com.br\/index.php?rest_route=%2Fwp%2Fv2%2Fcategories&post=14032"},{"taxonomy":"post_tag","embeddable":true,"href":"https:\/\/noticiasregionais.com.br\/index.php?rest_route=%2Fwp%2Fv2%2Ftags&post=14032"}],"curies":[{"name":"wp","href":"https:\/\/api.w.org\/{rel}","templated":true}]}}