{"id":14034,"date":"2026-04-28T04:15:00","date_gmt":"2026-04-28T07:15:00","guid":{"rendered":"https:\/\/noticiasregionais.com.br\/?p=14034"},"modified":"2026-04-28T04:15:00","modified_gmt":"2026-04-28T07:15:00","slug":"amazonia-consegue-se-regenerar-mesmo-apos-queimadas-mas-se-torna-mais-vulneravel-aponta-estudo","status":"publish","type":"post","link":"https:\/\/noticiasregionais.com.br\/?p=14034","title":{"rendered":"Amaz\u00f4nia consegue se regenerar mesmo ap\u00f3s queimadas, mas se torna mais vulner\u00e1vel, aponta estudo"},"content":{"rendered":"<p>\t\t\t\t\t\t\t\t\t\t\t<audio controls class=\"b61_audio_player\" data-noticia=\"89148\" src=\"https:\/\/brasil61.com\/rails\/active_storage\/blobs\/eyJfcmFpbHMiOnsibWVzc2FnZSI6IkJBaHBBMDRhQkE9PSIsImV4cCI6bnVsbCwicHVyIjoiYmxvYl9pZCJ9fQ==--fd66219de7bce9f6227d3ad6460fb8b32ad0acae\/BRAS2616314A\"><\/audio><\/p>\n<p><strong>A Floresta Amaz\u00f4nica consegue se recuperar mesmo ap\u00f3s sofrer impactos expressivos, como queimadas, per\u00edodos prolongados de seca e tempestades intensas. \u00c1rvores voltam a crescer e processos ecol\u00f3gicos se restabelecem. Por\u00e9m, essa regenera\u00e7\u00e3o n\u00e3o ocorre exatamente como antes, j\u00e1 que a floresta se recomp\u00f5e com menor variedade de esp\u00e9cies e maior sensibilidade a novos dist\u00farbios.<\/strong><\/p>\n<p>Essa \u00e9 a principal conclus\u00e3o de uma <a href=\"https:\/\/www.pnas.org\/doi\/10.1073\/pnas.2532833123\" target=\"_blank\" rel=\"noopener\">pesquisa<\/a> publicada na revista PNAS e baseada em duas d\u00e9cadas de observa\u00e7\u00e3o em campo, conduzida por cientistas brasileiros. O estudo mostra que, ap\u00f3s os danos, algumas esp\u00e9cies mais sens\u00edveis desaparecem ou se tornam raras, enquanto outras, mais resistentes e capazes de lidar com ambientes dif\u00edceis, passam a dominar.<\/p>\n<h2>Efeito n\u00e3o leva \u00e0 transforma\u00e7\u00e3o em savana\u00a0<\/h2>\n<p><strong>Os autores entendem que esse efeito sobre a vegeta\u00e7\u00e3o n\u00e3o leva \u00e0 transforma\u00e7\u00e3o da Amaz\u00f4nia em savana, como algumas hip\u00f3teses sugeriam. Confirme o estudo, a floresta continua existindo, mas com composi\u00e7\u00e3o mais simplificada e homog\u00eanea em determinadas \u00e1reas.<\/strong><\/p>\n<p>Mas ao mesmo tempo que demonstra capacidade de recupera\u00e7\u00e3o, o estudo chama aten\u00e7\u00e3o para um ponto cr\u00edtico: a floresta\u00a0alterada\u00a0fica\u00a0mais exposta\u00a0a eventos extremos.\u00a0<\/p>\n<p><strong>VEJA MAIS:<\/strong><\/p>\n<ul>\n<li><a href=\"https:\/\/brasil61.com\/n\/cabotagem-pode-reduzir-em-ate-8-2-as-emissoes-de-co-do-transporte-de-cargas-aponta-cni-pind264740\" target=\"_blank\" rel=\"noopener\">Cabotagem pode reduzir em at\u00e9 8,2% as emiss\u00f5es de CO\u2082 do transporte de cargas, aponta CNI<\/a><\/li>\n<li><a href=\"https:\/\/brasil61.com\/n\/conama-atualiza-regra-para-transferencia-de-abelhas-de-area-desmatada-bras2616249\" target=\"_blank\" rel=\"noopener\">Conama atualiza regra para transfer\u00eancia de abelhas de \u00e1rea desmatada<\/a><\/li>\n<\/ul>\n<p>Secas mais intensas, inc\u00eandios frequentes e o avan\u00e7o do desmatamento tornam o sistema mais fr\u00e1gil. As mudan\u00e7as clim\u00e1ticas globais agravam este cen\u00e1rio, afetando fun\u00e7\u00f5es essenciais da floresta, como o armazenamento de carbono e a regula\u00e7\u00e3o das chuvas.<\/p>\n<p><strong>Fen\u00f4menos clim\u00e1ticos de grande escala, como o El Ni\u00f1o \u2014 respons\u00e1vel por alterar padr\u00f5es de chuva ao aquecer o oceano Pac\u00edfico \u2014 tamb\u00e9m interferem nesse equil\u00edbrio, influenciando a frequ\u00eancia e a intensidade dos impactos.<\/strong><\/p>\n<h2>Impactos s\u00e3o maiores nas bordas das florestas\u00a0<\/h2>\n<p>Os pesquisadores observaram diferen\u00e7as importantes dentro da pr\u00f3pria floresta. Nas \u00e1reas mais internas, longe das bordas, a vegeta\u00e7\u00e3o se recomp\u00f5e com mais rapidez quando o fogo \u00e9 controlado, mantendo n\u00edveis relativamente est\u00e1veis de diversidade.<\/p>\n<p><strong>J\u00e1 nas regi\u00f5es pr\u00f3ximas a \u00e1reas abertas, como pastos, estradas ou planta\u00e7\u00f5es, a recupera\u00e7\u00e3o \u00e9 mais lenta e incompleta. Entre 2004 e 2024, essas bordas perderam parte significativa da variedade de esp\u00e9cies, com redu\u00e7\u00f5es que chegaram a quase metade em alguns casos. A diversidade de esp\u00e9cies diminuiu entre 20% e 46% no per\u00edodo de 2004 a 2024.<\/strong><\/p>\n<p>Isso ocorre porque o contato com \u00e1reas abertas altera temperatura, umidade e outros aspectos do microclima.<\/p>\n<p>Outro elemento que influenciou esse processo foi a presen\u00e7a de gram\u00edneas. Elas se espalharam principalmente nas bordas ap\u00f3s inc\u00eandios mais severos e contribu\u00edram para a ocorr\u00eancia de novos focos de fogo mais intensos, dificultando a regenera\u00e7\u00e3o de \u00e1rvores. Algumas dessas plantas s\u00e3o de origem africana, como a\u00a0<em>Andropogon gayanus<\/em>, al\u00e9m de esp\u00e9cies como <em>Imperata <\/em>e <em>Aristida longifolia<\/em>, associadas a ambientes de pastagem.<\/p>\n<p>Com o avan\u00e7o da vegeta\u00e7\u00e3o arb\u00f3rea ao longo do tempo \u2014 especialmente a partir de meados da d\u00e9cada de 2010 \u2014 essas gram\u00edneas foram perdendo espa\u00e7o. Hoje, sobrevivem apenas em pequenas \u00e1reas mais sombreadas. Isso indica que, apesar das mudan\u00e7as profundas, n\u00e3o h\u00e1 evid\u00eancias de uma convers\u00e3o permanente da floresta em um ambiente semelhante ao de savana.<br \/>\n\u00a0<\/p>\n<p>\t\t\t\t\t\t\t\t\t\t<img decoding=\"async\" src=\"https:\/\/brasil61.com\/api\/v1\/serve_pixel\/22254\/89148\" alt=\"Pixel Brasil 61\" class=\"b61_pixel\" width=\"0\" height=\"0\"><\/p>\n<div class=\"br61_backlink\">\n<p>\n\t\t\t\tFonte: <a href=\"https:\/\/brasil61.com\/amazonia-consegue-se-regenerar-mesmo-apos-queimadas-mas-se-torna-mais-vulneravel-aponta-estudo-bras2616314\" title=\"Artigo Original: Amaz\u00f4nia consegue se regenerar mesmo ap\u00f3s queimadas, mas se torna mais vulner\u00e1vel, aponta estudo\" target=\"_blank\" rel=\"noopener\">Brasil 61<\/a>\n\t\t\t<\/p>\n<\/p><\/div>\n<input type=\"hidden\" id=\"baseurl\" value=\"https:\/\/noticiasregionais.com.br\"><input type=\"hidden\" id=\"audio_nonce\" value=\"3cdc555a10\">","protected":false},"excerpt":{"rendered":"<p>Algumas esp\u00e9cies mais sens\u00edveis desaparecem ou se tornam raras, enquanto outras, mais resistentes, passam a dominar<\/p>\n","protected":false},"author":1,"featured_media":14035,"comment_status":"","ping_status":"open","sticky":false,"template":"","format":"standard","meta":{"sfsi_plus_gutenberg_text_before_share":"","sfsi_plus_gutenberg_show_text_before_share":"","sfsi_plus_gutenberg_icon_type":"","sfsi_plus_gutenberg_icon_alignemt":"","sfsi_plus_gutenburg_max_per_row":"","footnotes":""},"categories":[8],"tags":[],"class_list":["post-14034","post","type-post","status-publish","format-standard","has-post-thumbnail","hentry","category-brasil"],"_links":{"self":[{"href":"https:\/\/noticiasregionais.com.br\/index.php?rest_route=\/wp\/v2\/posts\/14034","targetHints":{"allow":["GET"]}}],"collection":[{"href":"https:\/\/noticiasregionais.com.br\/index.php?rest_route=\/wp\/v2\/posts"}],"about":[{"href":"https:\/\/noticiasregionais.com.br\/index.php?rest_route=\/wp\/v2\/types\/post"}],"author":[{"embeddable":true,"href":"https:\/\/noticiasregionais.com.br\/index.php?rest_route=\/wp\/v2\/users\/1"}],"replies":[{"embeddable":true,"href":"https:\/\/noticiasregionais.com.br\/index.php?rest_route=%2Fwp%2Fv2%2Fcomments&post=14034"}],"version-history":[{"count":0,"href":"https:\/\/noticiasregionais.com.br\/index.php?rest_route=\/wp\/v2\/posts\/14034\/revisions"}],"wp:featuredmedia":[{"embeddable":true,"href":"https:\/\/noticiasregionais.com.br\/index.php?rest_route=\/wp\/v2\/media\/14035"}],"wp:attachment":[{"href":"https:\/\/noticiasregionais.com.br\/index.php?rest_route=%2Fwp%2Fv2%2Fmedia&parent=14034"}],"wp:term":[{"taxonomy":"category","embeddable":true,"href":"https:\/\/noticiasregionais.com.br\/index.php?rest_route=%2Fwp%2Fv2%2Fcategories&post=14034"},{"taxonomy":"post_tag","embeddable":true,"href":"https:\/\/noticiasregionais.com.br\/index.php?rest_route=%2Fwp%2Fv2%2Ftags&post=14034"}],"curies":[{"name":"wp","href":"https:\/\/api.w.org\/{rel}","templated":true}]}}