{"id":14036,"date":"2026-04-28T04:50:00","date_gmt":"2026-04-28T07:50:00","guid":{"rendered":"https:\/\/noticiasregionais.com.br\/?p=14036"},"modified":"2026-04-28T04:50:00","modified_gmt":"2026-04-28T07:50:00","slug":"apexbrasil-lanca-jornada-para-levar-artesanato-brasileiro-ao-mercado-global","status":"publish","type":"post","link":"https:\/\/noticiasregionais.com.br\/?p=14036","title":{"rendered":"ApexBrasil lan\u00e7a jornada para levar artesanato brasileiro ao mercado global"},"content":{"rendered":"<p>\t\t\t\t\t\t\t\t\t\t\t<audio controls class=\"b61_audio_player\" data-noticia=\"89145\" src=\"https:\/\/brasil61.com\/rails\/active_storage\/blobs\/eyJfcmFpbHMiOnsibWVzc2FnZSI6IkJBaHBBOE1aQkE9PSIsImV4cCI6bnVsbCwicHVyIjoiYmxvYl9pZCJ9fQ==--95dd5aa27c938cbf66594fa144f696fd38728c29\/APEX260124A\"><\/audio><\/p>\n<p><strong>Mais de 200 artes\u00e3os de diferentes regi\u00f5es do Brasil come\u00e7aram, no \u00faltimo dia 15 de abril, uma jornada de capacita\u00e7\u00e3o voltada \u00e0 exporta\u00e7\u00e3o. A iniciativa integra a Trilha do Conhecimento para Exporta\u00e7\u00e3o do Artesanato Brasileiro, promovida pela Ag\u00eancia Brasileira de Promo\u00e7\u00e3o de Exporta\u00e7\u00f5es e Investimentos <a href=\"https:\/\/apexbrasil.com.br\/content\/apexbrasil\/br\/pt.html\" target=\"_blank\" rel=\"noopener\">(ApexBrasil)<\/a>. O objetivo \u00e9 preparar o setor para atuar no com\u00e9rcio exterior.<\/strong><\/p>\n<p>A a\u00e7\u00e3o faz parte do Programa Brasil Feito \u00e0 M\u00e3o, que busca aproximar artes\u00e3os do mercado global, incentivando pr\u00e1ticas sustent\u00e1veis, o empreendedorismo e a valoriza\u00e7\u00e3o da identidade cultural brasileira.<\/p>\n<p><strong>O projeto \u00e9 realizado em parceria com o Programa do Artesanato Brasileiro (PAB), vinculado ao Minist\u00e9rio do Empreendedorismo, da Microempresa e da Empresa de Pequeno Porte <a href=\"https:\/\/www.gov.br\/memp\/pt-br\" target=\"_blank\" rel=\"noopener\">(MEMP)<\/a>, e com o Servi\u00e7o Brasileiro de Apoio \u00e0s Micro e Pequenas Empresas <a href=\"https:\/\/sebrae.com.br\/\" target=\"_blank\" rel=\"noopener\">(Sebrae)<\/a>.<\/strong><\/p>\n<p>A proposta \u00e9 qualificar os profissionais para o com\u00e9rcio internacional, ampliando a presen\u00e7a do artesanato brasileiro no exterior e promovendo gera\u00e7\u00e3o de renda com base em princ\u00edpios de sustentabilidade e com\u00e9rcio justo.<\/p>\n<h2>Primeira etapa apresenta cen\u00e1rio e oportunidades globais<\/h2>\n<p>A etapa inicial da trilha teve in\u00edcio com um webinar conduzido pelas equipes de Competitividade e Intelig\u00eancia de Mercado da ApexBrasil. Durante o encontro, foram apresentados dados sobre o posicionamento do artesanato brasileiro no cen\u00e1rio internacional, al\u00e9m de tend\u00eancias, oportunidades e orienta\u00e7\u00f5es pr\u00e1ticas sobre mercados com potencial para o setor.<\/p>\n<p>Na abertura, a coordenadora de Competitividade da ApexBrasil, Rafaella Paolinelli, ressaltou a relev\u00e2ncia cultural e econ\u00f4mica do artesanato nacional.<\/p>\n<p>\u201cO que voc\u00eas produzem n\u00e3o \u00e9 s\u00f3 um produto, \u00e9 cultura, \u00e9 identidade, \u00e9 hist\u00f3ria. E isso tem muito valor no mundo inteiro, especialmente para os compradores internacionais. A gente sabe que a exporta\u00e7\u00e3o n\u00e3o acontece da noite para o dia, n\u00e3o \u00e9 imediata. Isso tudo \u00e9 uma constru\u00e7\u00e3o e \u00e9 por meio dessa Trilha que a gente gostaria de mostrar isso para voc\u00eas\u201d, destacou.<\/p>\n<p>A programa\u00e7\u00e3o incluiu ainda a participa\u00e7\u00e3o de representantes do PAB\/MEMP e do Sebrae Nacional, al\u00e9m da apresenta\u00e7\u00e3o de um caso de sucesso: a marca paraense Seiva Amazon Design, sediada em Ananindeua (PA).<\/p>\n<p><strong>Criada oficialmente em 2021, ap\u00f3s experimenta\u00e7\u00f5es iniciadas em 2018, a empresa desenvolve biojoias a partir de borracha nativa amaz\u00f4nica e res\u00edduos reaproveitados, como o caro\u00e7o de a\u00e7a\u00ed transformado em p\u00f3. O modelo de produ\u00e7\u00e3o \u00e9 descentralizado e envolve mulheres de comunidades extrativistas, promovendo gera\u00e7\u00e3o de renda aliada \u00e0 valoriza\u00e7\u00e3o da biodiversidade regional.<\/strong><\/p>\n<p>A CEO da marca, Lidia Abrahim, compartilhou a experi\u00eancia de internacionaliza\u00e7\u00e3o do neg\u00f3cio e destacou o papel das institui\u00e7\u00f5es parceiras.<\/p>\n<p>\u201cDesde o in\u00edcio, a gente sonhou com um neg\u00f3cio que j\u00e1 nascesse com voca\u00e7\u00e3o para exportar, mas entendendo que esse caminho seria constru\u00eddo passo a passo, com qualifica\u00e7\u00e3o e prepara\u00e7\u00e3o\u201d, pontuou.<\/p>\n<p>Ao longo dessa trajet\u00f3ria, o apoio do Sebrae e da ApexBrasil foi fundamental para que eu entendesse melhor o mercado internacional, aprimorasse meus processos e chegasse mais preparada \u00e0s rodadas de neg\u00f3cios. Foi esse processo que nos permitiu construir uma cultura de exporta\u00e7\u00e3o dentro do neg\u00f3cio e concretizar a primeira venda internacional\u201d, acrescentou.<\/p>\n<p><strong>VEJA MAIS:<\/strong><\/p>\n<ul>\n<li><a href=\"https:\/\/brasil61.com\/n\/apexbrasil-expande-peiex-em-sao-paulo-e-atende-mais-de-480-empresas-apex260117\" target=\"_blank\" rel=\"noopener\">ApexBrasil expande PEIEX em S\u00e3o Paulo e atende mais de 480 empresas<\/a><\/li>\n<li><a href=\"https:\/\/brasil61.com\/n\/apexbrasil-e-ministerio-da-saude-promovem-dialogos-estrategicos-com-reino-unido-e-america-latina-apex260116\" target=\"_blank\" rel=\"noopener\">ApexBrasil e Minist\u00e9rio da Sa\u00fade promovem di\u00e1logos estrat\u00e9gicos com Reino Unido e Am\u00e9rica Latina<\/a><\/li>\n<\/ul>\n<p>Outra empresa participante \u00e9 a Amarjon Biojoias, que desde 2008 fabrica semijoias a partir de elementos da natureza, como folhas, flores e sementes. Para Isabel Ribeiro, s\u00f3cia-diretora do empreendimento, a evolu\u00e7\u00e3o dos neg\u00f3cios foi evidente, sobretudo por participar de iniciativas promovidas pela ApexBrasil.\u00a0<\/p>\n<p>\u00a0\u201cSem a base da ApexBrasil, n\u00f3s n\u00e3o conseguir\u00edamos chegar onde n\u00f3s chegamos atualmente. N\u00f3s estamos j\u00e1 em nove pa\u00edses, ent\u00e3o s\u00e3o v\u00e1rios clientes e tamb\u00e9m agora n\u00f3s fechamos uma parceria com a Turquia. Ent\u00e3o aconselho a todas as empresas que t\u00eam o desejo de expandir no mercado internacional, que procurem a ApexBrasil. Realmente, isso s\u00f3 vai agregar o prazer com os resultados\u201d, afirmou.<\/p>\n<h2>Trilha estruturada em etapas progressivas<\/h2>\n<p><strong>A Trilha do Conhecimento foi desenhada para desenvolver compet\u00eancias em exporta\u00e7\u00e3o e habilidades comerciais estrat\u00e9gicas, com foco em negocia\u00e7\u00e3o e gest\u00e3o de vendas internacionais. A iniciativa tamb\u00e9m busca conectar artes\u00e3os e grupos produtivos a oportunidades reais de neg\u00f3cios.<\/strong><\/p>\n<p>O percurso \u00e9 dividido em tr\u00eas fases sequenciais e eliminat\u00f3rias. A primeira aborda conceitos introdut\u00f3rios sobre exporta\u00e7\u00e3o, com cursos \u00e0 dist\u00e2ncia e webinars. J\u00e1 a segunda etapa \u00e9 dedicada \u00e0 prepara\u00e7\u00e3o pr\u00e1tica, com quatro encontros online. A terceira, por sua vez, inclui mentoria individual, concess\u00e3o de bolsa exporta\u00e7\u00e3o e divulga\u00e7\u00e3o dos participantes na plataforma Buy Brazil.<\/p>\n<p>Ao combinar conte\u00fado t\u00e9cnico, experi\u00eancias reais e articula\u00e7\u00e3o com institui\u00e7\u00f5es de apoio, o programa inaugura uma nova fase de prepara\u00e7\u00e3o do artesanato brasileiro para o mercado internacional. A expectativa \u00e9 ampliar as oportunidades para empreendedores que transformam cultura, identidade e territ\u00f3rio em produtos com potencial de alcance global.<\/p>\n<h2>Agenda<\/h2>\n<p>Ao longo do ano, a iniciativa segue com uma s\u00e9rie de a\u00e7\u00f5es voltadas \u00e0 promo\u00e7\u00e3o e \u00e0 internacionaliza\u00e7\u00e3o do artesanato brasileiro. Em maio, est\u00e1 prevista uma palestra no Sal\u00e3o do Artesanato, em S\u00e3o Paulo (SP). J\u00e1 em julho, ocorre a Rodada de Neg\u00f3cios Exporta Mais Brasil Artesanato, durante a Fenearte, em Olinda (PE), ainda com confirma\u00e7\u00e3o pendente.<\/p>\n<p>Para o m\u00eas de setembro, est\u00e1 programada a Miss\u00e3o de Neg\u00f3cios da Jornada Exportadora do Artesanato, em Paris, na Fran\u00e7a, com inscri\u00e7\u00f5es a serem abertas em breve. J\u00e1 em dezembro, os artes\u00e3os participar\u00e3o da Feira Internacional Expoartesan\u00edas, em Bogot\u00e1, na Col\u00f4mbia, por meio do Programa +Feiras, ampliando a presen\u00e7a do setor em mercados estrat\u00e9gicos internacionais.<\/p>\n<p>\t\t\t\t\t\t\t\t\t\t<img decoding=\"async\" src=\"https:\/\/brasil61.com\/api\/v1\/serve_pixel\/22254\/89145\" alt=\"Pixel Brasil 61\" class=\"b61_pixel\" width=\"0\" height=\"0\"><\/p>\n<div class=\"br61_backlink\">\n<p>\n\t\t\t\tFonte: <a href=\"https:\/\/brasil61.com\/apexbrasil-lanca-jornada-para-levar-artesanato-brasileiro-ao-mercado-global-apex260124\" title=\"Artigo Original: ApexBrasil lan\u00e7a jornada para levar artesanato brasileiro ao mercado global\" target=\"_blank\" rel=\"noopener\">Brasil 61<\/a>\n\t\t\t<\/p>\n<\/p><\/div>\n<input type=\"hidden\" id=\"baseurl\" value=\"https:\/\/noticiasregionais.com.br\"><input type=\"hidden\" id=\"audio_nonce\" value=\"3cdc555a10\">","protected":false},"excerpt":{"rendered":"<p>Programa Brasil Feito \u00e0 M\u00e3o re\u00fane mais de 200 artes\u00e3os em capacita\u00e7\u00e3o voltada \u00e0 exporta\u00e7\u00e3o e conex\u00e3o com compradores internacionais<\/p>\n","protected":false},"author":1,"featured_media":14037,"comment_status":"","ping_status":"open","sticky":false,"template":"","format":"standard","meta":{"sfsi_plus_gutenberg_text_before_share":"","sfsi_plus_gutenberg_show_text_before_share":"","sfsi_plus_gutenberg_icon_type":"","sfsi_plus_gutenberg_icon_alignemt":"","sfsi_plus_gutenburg_max_per_row":"","footnotes":""},"categories":[8],"tags":[],"class_list":["post-14036","post","type-post","status-publish","format-standard","has-post-thumbnail","hentry","category-brasil"],"_links":{"self":[{"href":"https:\/\/noticiasregionais.com.br\/index.php?rest_route=\/wp\/v2\/posts\/14036","targetHints":{"allow":["GET"]}}],"collection":[{"href":"https:\/\/noticiasregionais.com.br\/index.php?rest_route=\/wp\/v2\/posts"}],"about":[{"href":"https:\/\/noticiasregionais.com.br\/index.php?rest_route=\/wp\/v2\/types\/post"}],"author":[{"embeddable":true,"href":"https:\/\/noticiasregionais.com.br\/index.php?rest_route=\/wp\/v2\/users\/1"}],"replies":[{"embeddable":true,"href":"https:\/\/noticiasregionais.com.br\/index.php?rest_route=%2Fwp%2Fv2%2Fcomments&post=14036"}],"version-history":[{"count":0,"href":"https:\/\/noticiasregionais.com.br\/index.php?rest_route=\/wp\/v2\/posts\/14036\/revisions"}],"wp:featuredmedia":[{"embeddable":true,"href":"https:\/\/noticiasregionais.com.br\/index.php?rest_route=\/wp\/v2\/media\/14037"}],"wp:attachment":[{"href":"https:\/\/noticiasregionais.com.br\/index.php?rest_route=%2Fwp%2Fv2%2Fmedia&parent=14036"}],"wp:term":[{"taxonomy":"category","embeddable":true,"href":"https:\/\/noticiasregionais.com.br\/index.php?rest_route=%2Fwp%2Fv2%2Fcategories&post=14036"},{"taxonomy":"post_tag","embeddable":true,"href":"https:\/\/noticiasregionais.com.br\/index.php?rest_route=%2Fwp%2Fv2%2Ftags&post=14036"}],"curies":[{"name":"wp","href":"https:\/\/api.w.org\/{rel}","templated":true}]}}