{"id":14038,"date":"2026-04-28T04:10:00","date_gmt":"2026-04-28T07:10:00","guid":{"rendered":"https:\/\/noticiasregionais.com.br\/?p=14038"},"modified":"2026-04-28T04:10:00","modified_gmt":"2026-04-28T07:10:00","slug":"boi-gordo-hoje-confira-as-cotacoes-para-esta-terca-feira-28-2","status":"publish","type":"post","link":"https:\/\/noticiasregionais.com.br\/?p=14038","title":{"rendered":"Boi gordo hoje: confira as cota\u00e7\u00f5es para esta ter\u00e7a-feira (28)"},"content":{"rendered":"<p>\t\t\t\t\t\t\t\t\t\t\t<audio controls class=\"b61_audio_player\" data-noticia=\"89161\" src=\"https:\/\/brasil61.com\/rails\/active_storage\/blobs\/eyJfcmFpbHMiOnsibWVzc2FnZSI6IkJBaHBBM01hQkE9PSIsImV4cCI6bnVsbCwicHVyIjoiYmxvYl9pZCJ9fQ==--39dffc8c67fac08f0127c4ff8885ccb336fe8b0f\/PAGR266251A\"><\/audio><\/p>\n<p><strong>O pre\u00e7o do boi gordo nesta ter\u00e7a-feira (28)\u00a0apresenta queda de 0,36%; a arroba est\u00e1 sendo negociada a R$ 360,70, no estado de S\u00e3o Paulo.\u00a0<\/strong><\/p>\n<p><strong>INDICADOR DO BOI GORDO CEPEA\/ESALQ<\/strong><\/p>\n<table>\n<thead>\n<tr>\n<th>DATA<\/th>\n<th>VALOR R$*<\/th>\n<th>VAR.\/DIA<\/th>\n<th>VAR.\/M\u00caS<\/th>\n<th>VALOR US$*<\/th>\n<\/tr>\n<\/thead>\n<tbody>\n<tr>\n<td>27\/04\/2026<\/td>\n<td>360,70<\/td>\n<td>-0,36%<\/td>\n<td>1,32%<\/td>\n<td>72,43<\/td>\n<\/tr>\n<tr>\n<td>24\/04\/2026<\/td>\n<td>362,00<\/td>\n<td>-0,11%<\/td>\n<td>1,69%<\/td>\n<td>72,41<\/td>\n<\/tr>\n<tr>\n<td>23\/04\/2026<\/td>\n<td>362,40<\/td>\n<td>-0,40%<\/td>\n<td>1,80%<\/td>\n<td>72,35<\/td>\n<\/tr>\n<tr>\n<td>22\/04\/2026<\/td>\n<td>363,85<\/td>\n<td>-0,59%<\/td>\n<td>2,21%<\/td>\n<td>73,17<\/td>\n<\/tr>\n<tr>\n<td>20\/04\/2026<\/td>\n<td>366,00<\/td>\n<td>0,25%<\/td>\n<td>2,81%<\/td>\n<td>73,58<\/td>\n<\/tr>\n<\/tbody>\n<\/table>\n<p><strong>Na Grande S\u00e3o Paulo, em S\u00e3o Jos\u00e9 do Rio Preto e em Descalvado, os pre\u00e7os do frango apresentam queda de 0,42%. <\/strong>O frango congelado \u00e9 negociado a R$ 7,16, e o frango resfriado\u00a0 \u00e9 vendido a R$ 7,17.<\/p>\n<p><strong>PRE\u00c7OS DO FRANGO CONGELADO CEPEA\/ESALQ &#8211; ESTADO SP<\/strong><\/p>\n<table>\n<thead>\n<tr>\n<th>DATA<\/th>\n<th>VALOR R$<\/th>\n<th>VAR.\/DIA<\/th>\n<th>VAR.\/M\u00caS<\/th>\n<\/tr>\n<\/thead>\n<tbody>\n<tr>\n<td>27\/04\/2026<\/td>\n<td>7,16<\/td>\n<td>-0,42%<\/td>\n<td>-1,10%<\/td>\n<\/tr>\n<tr>\n<td>24\/04\/2026<\/td>\n<td>7,19<\/td>\n<td>-0,55%<\/td>\n<td>-0,69%<\/td>\n<\/tr>\n<tr>\n<td>23\/04\/2026<\/td>\n<td>7,23<\/td>\n<td>0,00%<\/td>\n<td>-0,14%<\/td>\n<\/tr>\n<tr>\n<td>22\/04\/2026<\/td>\n<td>7,23<\/td>\n<td>-1,50%<\/td>\n<td>-0,14%<\/td>\n<\/tr>\n<tr>\n<td>20\/04\/2026<\/td>\n<td>7,34<\/td>\n<td>0,00%<\/td>\n<td>1,38%<\/td>\n<\/tr>\n<\/tbody>\n<\/table>\n<p><strong>PRE\u00c7OS DO FRANGO RESFRIADO CEPEA\/ESALQ &#8211; ESTADO SP<\/strong><\/p>\n<table>\n<thead>\n<tr>\n<th>DATA<\/th>\n<th>VALOR R$<\/th>\n<th>VAR.\/DIA<\/th>\n<th>VAR.\/M\u00caS<\/th>\n<\/tr>\n<\/thead>\n<tbody>\n<tr>\n<td>27\/04\/2026<\/td>\n<td>7,17<\/td>\n<td>-0,42%<\/td>\n<td>-1,38%<\/td>\n<\/tr>\n<tr>\n<td>24\/04\/2026<\/td>\n<td>7,20<\/td>\n<td>-0,55%<\/td>\n<td>-0,96%<\/td>\n<\/tr>\n<tr>\n<td>23\/04\/2026<\/td>\n<td>7,24<\/td>\n<td>0,00%<\/td>\n<td>-0,41%<\/td>\n<\/tr>\n<tr>\n<td>22\/04\/2026<\/td>\n<td>7,24<\/td>\n<td>-1,63%<\/td>\n<td>-0,41%<\/td>\n<\/tr>\n<tr>\n<td>20\/04\/2026<\/td>\n<td>7,36<\/td>\n<td>0,00%<\/td>\n<td>1,24%<\/td>\n<\/tr>\n<\/tbody>\n<\/table>\n<h2>Pre\u00e7o da carca\u00e7a su\u00edna especial e su\u00edno vivo<\/h2>\n<p><strong>A carca\u00e7a su\u00edna especial apresenta baixa de 0,93%, sendo negociada a R$ 8,54, por quilo, nos atacados da Grande S\u00e3o Paulo.<\/strong><\/p>\n<p>O su\u00edno vivo tamb\u00e9m\u00a0registra queda em todos os estados analisados, com \u00e9 o caso de Minas Gerais, onde o produto \u00e9 comercializado a R$ 5,66.<\/p>\n<p><strong>PRE\u00c7OS DA CARCA\u00c7A SU\u00cdNA ESPECIAL (R$\/kg)<\/strong><\/p>\n<table id=\"imagenet-indicador3\">\n<thead>\n<tr>\n<th>DATA<\/th>\n<th>M\u00c9DIA<\/th>\n<th>VAR.\/DIA<\/th>\n<th>VAR.\/M\u00caS<\/th>\n<\/tr>\n<\/thead>\n<tbody>\n<tr>\n<td>27\/04\/2026<\/td>\n<td>8,54<\/td>\n<td>-0,93%<\/td>\n<td>-11,41%<\/td>\n<\/tr>\n<tr>\n<td>24\/04\/2026<\/td>\n<td>8,62<\/td>\n<td>0,00%<\/td>\n<td>-10,58%<\/td>\n<\/tr>\n<tr>\n<td>23\/04\/2026<\/td>\n<td>8,62<\/td>\n<td>-0,23%<\/td>\n<td>-10,58%<\/td>\n<\/tr>\n<tr>\n<td>22\/04\/2026<\/td>\n<td>8,64<\/td>\n<td>-1,93%<\/td>\n<td>-10,37%<\/td>\n<\/tr>\n<tr>\n<td>20\/04\/2026<\/td>\n<td>8,81<\/td>\n<td>-1,78%<\/td>\n<td>-8,61%<\/td>\n<\/tr>\n<\/tbody>\n<\/table>\n<p><strong>INDICADOR DO SU\u00cdNO VIVO CEPEA\/ESALQ (R$\/kg)<\/strong><\/p>\n<table id=\"imagenet-indicador2\">\n<thead>\n<tr>\n<th>DATA<\/th>\n<th>ESTADO<\/th>\n<th>VALOR R$*<\/th>\n<th>VAR.\/DIA<\/th>\n<th>VAR.\/M\u00caS<\/th>\n<\/tr>\n<\/thead>\n<tbody>\n<tr>\n<td>27\/04\/2026<\/td>\n<td>MG &#8211; posto<\/td>\n<td>5,66<\/td>\n<td>-0,35%<\/td>\n<td>-13,85%<\/td>\n<\/tr>\n<tr>\n<td>27\/04\/2026<\/td>\n<td>PR &#8211; a retirar<\/td>\n<td>4,93<\/td>\n<td>-2,57%<\/td>\n<td>-19,84%<\/td>\n<\/tr>\n<tr>\n<td>27\/04\/2026<\/td>\n<td>RS &#8211; a retirar<\/td>\n<td>5,14<\/td>\n<td>-3,02%<\/td>\n<td>-18,28%<\/td>\n<\/tr>\n<tr>\n<td>27\/04\/2026<\/td>\n<td>SC &#8211; a retirar<\/td>\n<td>4,94<\/td>\n<td>-0,80%<\/td>\n<td>-19,81%<\/td>\n<\/tr>\n<tr>\n<td>27\/04\/2026<\/td>\n<td>SP &#8211; posto<\/td>\n<td>5,41<\/td>\n<td>-1,64%<\/td>\n<td>-18,15%<\/td>\n<\/tr>\n<\/tbody>\n<\/table>\n<p>Os dados s\u00e3o do <a href=\"https:\/\/cepea.org.br\/br\" target=\"_blank\" rel=\"noopener\">Cepea<\/a>.<\/p>\n<h2>O que \u00e9 o boi gordo? Entenda o termo do mercado bovino<\/h2>\n<p>O boi gordo \u00e9 o bovino macho pronto para o abate, com peso m\u00ednimo de 16 arrobas l\u00edquidas de carca\u00e7a (aproximadamente 240 kg) e at\u00e9 42 meses de idade. Atende aos padr\u00f5es do mercado nacional e internacional, incluindo exporta\u00e7\u00f5es para Europa, China e cota Hilton.<\/p>\n<h2>Diferen\u00e7as entre frango congelado e frango resfriado<\/h2>\n<p>O frango congelado passa por congelamento r\u00e1pido, com temperaturas abaixo de -12\u00b0C, garantindo maior vida \u00fatil para armazenamento e transporte a longas dist\u00e2ncias.<\/p>\n<p>J\u00e1 o frango resfriado \u00e9 mantido entre 0\u00b0C e 4\u00b0C, com validade de 5 a 7 dias, oferecendo textura e sabor mais pr\u00f3ximos do fresco, ideal para consumidores exigentes e restaurantes. \u00a0<br \/>\n\u00a0<\/p>\n<p>\t\t\t\t\t\t\t\t\t\t<img decoding=\"async\" src=\"https:\/\/brasil61.com\/api\/v1\/serve_pixel\/22254\/89161\" alt=\"Pixel Brasil 61\" class=\"b61_pixel\" width=\"0\" height=\"0\"><\/p>\n<div class=\"br61_backlink\">\n<p>\n\t\t\t\tFonte: <a href=\"https:\/\/brasil61.com\/boi-gordo-hoje-confira-as-cotacoes-para-esta-terca-feira-28-pagr266251\" title=\"Artigo Original: Boi gordo hoje: confira as cota\u00e7\u00f5es para esta ter\u00e7a-feira (28)\" target=\"_blank\" rel=\"noopener\">Brasil 61<\/a>\n\t\t\t<\/p>\n<\/p><\/div>\n<input type=\"hidden\" id=\"baseurl\" value=\"https:\/\/noticiasregionais.com.br\"><input type=\"hidden\" id=\"audio_nonce\" value=\"3cdc555a10\">","protected":false},"excerpt":{"rendered":"<p>A carca\u00e7a su\u00edna especial apresenta baixa de 0,93%, sendo negociada a R$ 8,54, por quilo, nos atacados da Grande S\u00e3o Paulo<\/p>\n","protected":false},"author":1,"featured_media":14039,"comment_status":"","ping_status":"open","sticky":false,"template":"","format":"standard","meta":{"sfsi_plus_gutenberg_text_before_share":"","sfsi_plus_gutenberg_show_text_before_share":"","sfsi_plus_gutenberg_icon_type":"","sfsi_plus_gutenberg_icon_alignemt":"","sfsi_plus_gutenburg_max_per_row":"","footnotes":""},"categories":[8],"tags":[],"class_list":["post-14038","post","type-post","status-publish","format-standard","has-post-thumbnail","hentry","category-brasil"],"_links":{"self":[{"href":"https:\/\/noticiasregionais.com.br\/index.php?rest_route=\/wp\/v2\/posts\/14038","targetHints":{"allow":["GET"]}}],"collection":[{"href":"https:\/\/noticiasregionais.com.br\/index.php?rest_route=\/wp\/v2\/posts"}],"about":[{"href":"https:\/\/noticiasregionais.com.br\/index.php?rest_route=\/wp\/v2\/types\/post"}],"author":[{"embeddable":true,"href":"https:\/\/noticiasregionais.com.br\/index.php?rest_route=\/wp\/v2\/users\/1"}],"replies":[{"embeddable":true,"href":"https:\/\/noticiasregionais.com.br\/index.php?rest_route=%2Fwp%2Fv2%2Fcomments&post=14038"}],"version-history":[{"count":0,"href":"https:\/\/noticiasregionais.com.br\/index.php?rest_route=\/wp\/v2\/posts\/14038\/revisions"}],"wp:featuredmedia":[{"embeddable":true,"href":"https:\/\/noticiasregionais.com.br\/index.php?rest_route=\/wp\/v2\/media\/14039"}],"wp:attachment":[{"href":"https:\/\/noticiasregionais.com.br\/index.php?rest_route=%2Fwp%2Fv2%2Fmedia&parent=14038"}],"wp:term":[{"taxonomy":"category","embeddable":true,"href":"https:\/\/noticiasregionais.com.br\/index.php?rest_route=%2Fwp%2Fv2%2Fcategories&post=14038"},{"taxonomy":"post_tag","embeddable":true,"href":"https:\/\/noticiasregionais.com.br\/index.php?rest_route=%2Fwp%2Fv2%2Ftags&post=14038"}],"curies":[{"name":"wp","href":"https:\/\/api.w.org\/{rel}","templated":true}]}}