{"id":14046,"date":"2026-04-29T04:00:00","date_gmt":"2026-04-29T07:00:00","guid":{"rendered":"https:\/\/noticiasregionais.com.br\/?p=14046"},"modified":"2026-04-29T04:00:00","modified_gmt":"2026-04-29T07:00:00","slug":"soja-e-trigo-confira-os-precos-dos-graos-nesta-quarta-feira-29","status":"publish","type":"post","link":"https:\/\/noticiasregionais.com.br\/?p=14046","title":{"rendered":"SOJA E TRIGO: confira os pre\u00e7os dos gr\u00e3os nesta quarta-feira (29)"},"content":{"rendered":"<p>\t\t\t\t\t\t\t\t\t\t\t<audio controls class=\"b61_audio_player\" data-noticia=\"89183\" src=\"https:\/\/brasil61.com\/rails\/active_storage\/blobs\/eyJfcmFpbHMiOnsibWVzc2FnZSI6IkJBaHBBNUFiQkE9PSIsImV4cCI6bnVsbCwicHVyIjoiYmxvYl9pZCJ9fQ==--211970cdae851749f9a508b3e7650e80325049ee\/PAGR266253A\"><\/audio><\/p>\n<p><strong>O valor da saca de 60 kg da soja abre esta quarta-feira (29) em alta no interior do Paran\u00e1 e\u00a0no litoral do estado, em Paranagu\u00e1.\u00a0<\/strong><\/p>\n<p>Na primeira regi\u00e3o, o gr\u00e3o registra valoriza\u00e7\u00e3o de 0,63% e \u00e9 negociado a R$ 128,47; na segunda, a mercadoria tem alta de 0,59% e \u00e9 cotada a R$ 121,83.<\/p>\n<p><strong>INDICADOR DA SOJA CEPEA\/ESALQ &#8211; PARAN\u00c1\u00a0<\/strong><\/p>\n<table>\n<thead>\n<tr>\n<th>DATA<\/th>\n<th>VALOR R$*<\/th>\n<th>VAR.\/DIA<\/th>\n<th>VAR.\/M\u00caS<\/th>\n<th>VALOR US$*<\/th>\n<\/tr>\n<\/thead>\n<tbody>\n<tr>\n<td>28\/04\/2026<\/td>\n<td>121,83<\/td>\n<td>0,59%<\/td>\n<td>-0,80%<\/td>\n<td>24,46<\/td>\n<\/tr>\n<tr>\n<td>27\/04\/2026<\/td>\n<td>121,12<\/td>\n<td>0,17%<\/td>\n<td>-1,38%<\/td>\n<td>24,32<\/td>\n<\/tr>\n<tr>\n<td>24\/04\/2026<\/td>\n<td>120,91<\/td>\n<td>0,35%<\/td>\n<td>-1,55%<\/td>\n<td>24,19<\/td>\n<\/tr>\n<tr>\n<td>23\/04\/2026<\/td>\n<td>120,49<\/td>\n<td>-0,11%<\/td>\n<td>-1,89%<\/td>\n<td>24,05<\/td>\n<\/tr>\n<tr>\n<td>22\/04\/2026<\/td>\n<td>120,62<\/td>\n<td>0,37%<\/td>\n<td>-1,78%<\/td>\n<td>24,25<\/td>\n<\/tr>\n<\/tbody>\n<\/table>\n<p><strong>INDICADOR DA SOJA CEPEA\/ESALQ &#8211; PARANAGU\u00c1<\/strong><\/p>\n<table>\n<thead>\n<tr>\n<th>DATA<\/th>\n<th>VALOR R$*<\/th>\n<th>VAR.\/DIA<\/th>\n<th>VAR.\/M\u00caS<\/th>\n<th>VALOR US$*<\/th>\n<\/tr>\n<\/thead>\n<tbody>\n<tr>\n<td>28\/04\/2026<\/td>\n<td>128,47<\/td>\n<td>0,63%<\/td>\n<td>-0,60%<\/td>\n<td>25,80<\/td>\n<\/tr>\n<tr>\n<td>27\/04\/2026<\/td>\n<td>127,66<\/td>\n<td>-0,06%<\/td>\n<td>-1,22%<\/td>\n<td>25,63<\/td>\n<\/tr>\n<tr>\n<td>24\/04\/2026<\/td>\n<td>127,74<\/td>\n<td>0,66%<\/td>\n<td>-1,16%<\/td>\n<td>25,55<\/td>\n<\/tr>\n<tr>\n<td>23\/04\/2026<\/td>\n<td>126,90<\/td>\n<td>-0,42%<\/td>\n<td>-1,81%<\/td>\n<td>25,33<\/td>\n<\/tr>\n<tr>\n<td>22\/04\/2026<\/td>\n<td>127,43<\/td>\n<td>1,19%<\/td>\n<td>-1,40%<\/td>\n<td>25,63<\/td>\n<\/tr>\n<\/tbody>\n<\/table>\n<h2>Trigo<\/h2>\n<p><strong>O pre\u00e7o do trigo, por sua vez, registra valoriza\u00e7\u00e3o de 0,16% no Paran\u00e1\u00a0e de 0,45% no Rio Grande do Sul. <\/strong>No primeiro estado, a tonelada \u00e9 vendida a R$ 1.340,34, enquanto no segundo \u00e9 comercializada a R$ 1.275,64.<\/p>\n<p><strong>PRE\u00c7O M\u00c9DIO DO TRIGO CEPEA\/ESALQ &#8211; PARAN\u00c1\u00a0<\/strong><\/p>\n<table>\n<thead>\n<tr>\n<th>DATA<\/th>\n<th>VALOR R$\/T*<\/th>\n<th>VAR.\/DIA<\/th>\n<th>VAR.\/M\u00caS<\/th>\n<th>VALOR US$\/T*<\/th>\n<\/tr>\n<\/thead>\n<tbody>\n<tr>\n<td>28\/04\/2026<\/td>\n<td>1.340,34<\/td>\n<td>0,16%<\/td>\n<td>4,31%<\/td>\n<td>269,15<\/td>\n<\/tr>\n<tr>\n<td>27\/04\/2026<\/td>\n<td>1.338,20<\/td>\n<td>0,18%<\/td>\n<td>4,15%<\/td>\n<td>268,71<\/td>\n<\/tr>\n<tr>\n<td>24\/04\/2026<\/td>\n<td>1.335,79<\/td>\n<td>-0,18%<\/td>\n<td>3,96%<\/td>\n<td>267,21<\/td>\n<\/tr>\n<tr>\n<td>23\/04\/2026<\/td>\n<td>1.338,21<\/td>\n<td>-0,30%<\/td>\n<td>4,15%<\/td>\n<td>267,16<\/td>\n<\/tr>\n<tr>\n<td>22\/04\/2026<\/td>\n<td>1.342,19<\/td>\n<td>0,19%<\/td>\n<td>4,46%<\/td>\n<td>269,89<\/td>\n<\/tr>\n<\/tbody>\n<\/table>\n<p><strong>PRE\u00c7O M\u00c9DIO DO TRIGO CEPEA\/ESALQ &#8211; RIO GRANDE DO SUL<\/strong><\/p>\n<table>\n<thead>\n<tr>\n<th>DATA<\/th>\n<th>VALOR R$\/T*<\/th>\n<th>VAR.\/DIA<\/th>\n<th>VAR.\/M\u00caS<\/th>\n<th>VALOR US$\/T*<\/th>\n<\/tr>\n<\/thead>\n<tbody>\n<tr>\n<td>28\/04\/2026<\/td>\n<td>1.275,64<\/td>\n<td>0,45%<\/td>\n<td>10,67%<\/td>\n<td>256,15<\/td>\n<\/tr>\n<tr>\n<td>27\/04\/2026<\/td>\n<td>1.269,96<\/td>\n<td>0,79%<\/td>\n<td>10,17%<\/td>\n<td>255,01<\/td>\n<\/tr>\n<tr>\n<td>24\/04\/2026<\/td>\n<td>1.260,04<\/td>\n<td>1,28%<\/td>\n<td>9,31%<\/td>\n<td>252,06<\/td>\n<\/tr>\n<tr>\n<td>23\/04\/2026<\/td>\n<td>1.244,12<\/td>\n<td>0,70%<\/td>\n<td>7,93%<\/td>\n<td>248,38<\/td>\n<\/tr>\n<tr>\n<td>22\/04\/2026<\/td>\n<td>1.235,52<\/td>\n<td>0,67%<\/td>\n<td>7,19%<\/td>\n<td>248,45<\/td>\n<\/tr>\n<\/tbody>\n<\/table>\n<p>Os valores s\u00e3o do <a href=\"https:\/\/cepea.org.br\/br\/indicador\/trigo.aspx\" target=\"_blank\" rel=\"noopener\">Cepea<\/a>.<\/p>\n<h2>O que \u00e9 uma saca de soja ou de trigo? Entenda a unidade de medida no mercado de gr\u00e3os<\/h2>\n<p><strong>A saca de soja e a saca de trigo s\u00e3o as principais unidades de comercializa\u00e7\u00e3o de gr\u00e3os no Brasil. Cada saca equivale a 60 quilos, padr\u00e3o adotado por \u00f3rg\u00e3os oficiais como a Companhia Nacional de Abastecimento (Conab), o Minist\u00e9rio da Agricultura (MAPA) e o Centro de Estudos Avan\u00e7ados em Economia Aplicada (Cepea).<\/strong><\/p>\n<p>Esse formato padronizado facilita o com\u00e9rcio da soja e do trigo, al\u00e9m de permitir um acompanhamento mais preciso das cota\u00e7\u00f5es e varia\u00e7\u00f5es de pre\u00e7os no mercado nacional. \u00a0<br \/>\n\u00a0<\/p>\n<p>\t\t\t\t\t\t\t\t\t\t<img decoding=\"async\" src=\"https:\/\/brasil61.com\/api\/v1\/serve_pixel\/22254\/89183\" alt=\"Pixel Brasil 61\" class=\"b61_pixel\" width=\"0\" height=\"0\"><\/p>\n<div class=\"br61_backlink\">\n<p>\n\t\t\t\tFonte: <a href=\"https:\/\/brasil61.com\/soja-e-trigo-confira-os-precos-dos-graos-nesta-quarta-feira-29-pagr266253\" title=\"Artigo Original: SOJA E TRIGO: confira os pre\u00e7os dos gr\u00e3os nesta quarta-feira (29)\" target=\"_blank\" rel=\"noopener\">Brasil 61<\/a>\n\t\t\t<\/p>\n<\/p><\/div>\n<input type=\"hidden\" id=\"baseurl\" value=\"https:\/\/noticiasregionais.com.br\"><input type=\"hidden\" id=\"audio_nonce\" value=\"296231ceac\">","protected":false},"excerpt":{"rendered":"<p>O trigo registra valoriza\u00e7\u00e3o no Paran\u00e1 e no Rio Grande do Sul<\/p>\n","protected":false},"author":1,"featured_media":14047,"comment_status":"","ping_status":"open","sticky":false,"template":"","format":"standard","meta":{"sfsi_plus_gutenberg_text_before_share":"","sfsi_plus_gutenberg_show_text_before_share":"","sfsi_plus_gutenberg_icon_type":"","sfsi_plus_gutenberg_icon_alignemt":"","sfsi_plus_gutenburg_max_per_row":"","footnotes":""},"categories":[8],"tags":[],"class_list":["post-14046","post","type-post","status-publish","format-standard","has-post-thumbnail","hentry","category-brasil"],"_links":{"self":[{"href":"https:\/\/noticiasregionais.com.br\/index.php?rest_route=\/wp\/v2\/posts\/14046","targetHints":{"allow":["GET"]}}],"collection":[{"href":"https:\/\/noticiasregionais.com.br\/index.php?rest_route=\/wp\/v2\/posts"}],"about":[{"href":"https:\/\/noticiasregionais.com.br\/index.php?rest_route=\/wp\/v2\/types\/post"}],"author":[{"embeddable":true,"href":"https:\/\/noticiasregionais.com.br\/index.php?rest_route=\/wp\/v2\/users\/1"}],"replies":[{"embeddable":true,"href":"https:\/\/noticiasregionais.com.br\/index.php?rest_route=%2Fwp%2Fv2%2Fcomments&post=14046"}],"version-history":[{"count":0,"href":"https:\/\/noticiasregionais.com.br\/index.php?rest_route=\/wp\/v2\/posts\/14046\/revisions"}],"wp:featuredmedia":[{"embeddable":true,"href":"https:\/\/noticiasregionais.com.br\/index.php?rest_route=\/wp\/v2\/media\/14047"}],"wp:attachment":[{"href":"https:\/\/noticiasregionais.com.br\/index.php?rest_route=%2Fwp%2Fv2%2Fmedia&parent=14046"}],"wp:term":[{"taxonomy":"category","embeddable":true,"href":"https:\/\/noticiasregionais.com.br\/index.php?rest_route=%2Fwp%2Fv2%2Fcategories&post=14046"},{"taxonomy":"post_tag","embeddable":true,"href":"https:\/\/noticiasregionais.com.br\/index.php?rest_route=%2Fwp%2Fv2%2Ftags&post=14046"}],"curies":[{"name":"wp","href":"https:\/\/api.w.org\/{rel}","templated":true}]}}