{"id":14052,"date":"2026-04-29T04:45:00","date_gmt":"2026-04-29T07:45:00","guid":{"rendered":"https:\/\/noticiasregionais.com.br\/?p=14052"},"modified":"2026-04-29T04:45:00","modified_gmt":"2026-04-29T07:45:00","slug":"ministerio-da-agricultura-discute-parceria-em-genetica-bovina-e-negocia-abertura-de-mercado-com-a-mauritania","status":"publish","type":"post","link":"https:\/\/noticiasregionais.com.br\/?p=14052","title":{"rendered":"Minist\u00e9rio da Agricultura discute parceria em gen\u00e9tica bovina e negocia abertura de mercado com a Maurit\u00e2nia"},"content":{"rendered":"<p>\t\t\t\t\t\t\t\t\t\t\t<audio controls class=\"b61_audio_player\" data-noticia=\"89180\" src=\"https:\/\/brasil61.com\/rails\/active_storage\/blobs\/eyJfcmFpbHMiOnsibWVzc2FnZSI6IkJBaHBBNFViQkE9PSIsImV4cCI6bnVsbCwicHVyIjoiYmxvYl9pZCJ9fQ==--aaa3bf465c29bef5bdde7de792ebf280db16e82f\/MAPA260061A\"><\/audio><\/p>\n<p><strong>O Brasil e a Maurit\u00e2nia deram um novo passo para fortalecer a coopera\u00e7\u00e3o no setor agropecu\u00e1rio durante reuni\u00e3o realizada na segunda-feira (27), em Bras\u00edlia. O encontro reuniu os ministros da Agricultura dos dois pa\u00edses e teve como foco ampliar o interc\u00e2mbio t\u00e9cnico e as rela\u00e7\u00f5es comerciais.<\/strong><\/p>\n<p>Durante a agenda bilateral, o <a href=\"https:\/\/www.gov.br\/agricultura\/pt-br\/\" target=\"_blank\" rel=\"noopener\">ministro brasileiro<\/a>, Andr\u00e9 de Paula, destacou o interesse em aprofundar a colabora\u00e7\u00e3o e colocar a expertise nacional \u00e0 disposi\u00e7\u00e3o.<\/p>\n<p>\u201cO Brasil coloca toda a sua experi\u00eancia \u00e0 disposi\u00e7\u00e3o para fortalecer essa coopera\u00e7\u00e3o. Institui\u00e7\u00f5es como a Embrapa est\u00e3o inteiramente dispon\u00edveis para apoiar parcerias e contribuir com o desenvolvimento de solu\u00e7\u00f5es adaptadas \u00e0s necessidades da Maurit\u00e2nia\u201d, afirmou.<\/p>\n<h2>Gen\u00e9tica bovina e transfer\u00eancia de tecnologia<\/h2>\n<p><strong>Entre os principais temas discutidos est\u00e1 a amplia\u00e7\u00e3o da coopera\u00e7\u00e3o em material gen\u00e9tico bovino. Atualmente, o Brasil j\u00e1 exporta animais vivos e s\u00eamen para o pa\u00eds africano. As equipes t\u00e9cnicas dos dois pa\u00edses tamb\u00e9m negociam a abertura do mercado para embri\u00f5es bovinos brasileiros.<\/strong><\/p>\n<p><strong>VEJA MAIS:<\/strong><\/p>\n<p><a href=\"https:\/\/brasil61.com\/n\/novo-ministro-da-agricultura-reforca-compromisso-com-a-embrapa-mapa260054\" target=\"_blank\" rel=\"noopener\">Novo ministro da Agricultura refor\u00e7a compromisso com a Embrapa<\/a><\/p>\n<p>Outro ponto em pauta foi a poss\u00edvel assinatura de um memorando de entendimento, com o objetivo de estruturar a coopera\u00e7\u00e3o cient\u00edfica e institucional. A proposta prev\u00ea a cria\u00e7\u00e3o de um marco formal para facilitar o compartilhamento de tecnologias desenvolvidas no Brasil, al\u00e9m da defini\u00e7\u00e3o de planos de trabalho conjuntos em \u00e1reas de interesse comum.<\/p>\n<h2>Interc\u00e2mbio e oportunidades comerciais<\/h2>\n<p><strong>A visita da delega\u00e7\u00e3o mauritana ao Brasil inclui ainda participa\u00e7\u00e3o em uma das maiores feiras de pecu\u00e1ria do mundo, a Expozebu, que chega a 91\u00aa edi\u00e7\u00e3o. A exposi\u00e7\u00e3o foi realizada em Uberaba (MG) e \u00e9 reconhecida pelos avan\u00e7os em melhoramento gen\u00e9tico bovino.<\/strong><\/p>\n<p>Na avalia\u00e7\u00e3o do ministro da Maurit\u00e2nia, Sid\u2019Ahmed Ould Mohamed, o encontro representa uma oportunidade estrat\u00e9gica de aproxima\u00e7\u00e3o. \u201cO Brasil possui uma reputa\u00e7\u00e3o s\u00f3lida na pecu\u00e1ria bovina e na produ\u00e7\u00e3o de carne. Por isso, temos grande interesse em aprofundar essa coopera\u00e7\u00e3o e ampliar o interc\u00e2mbio t\u00e9cnico entre nossos pa\u00edses\u201d, disse.<\/p>\n<p>Ele tamb\u00e9m destacou o potencial de expans\u00e3o das rela\u00e7\u00f5es comerciais no setor. \u201cAcreditamos que essa reuni\u00e3o abre novas portas para fortalecer o com\u00e9rcio entre nossos pa\u00edses, especialmente no setor de produtos de origem animal\u201d, enfatizou Sid\u2019Ahmed Ould Mohamed.<\/p>\n<p>\t\t\t\t\t\t\t\t\t\t<img decoding=\"async\" src=\"https:\/\/brasil61.com\/api\/v1\/serve_pixel\/22254\/89180\" alt=\"Pixel Brasil 61\" class=\"b61_pixel\" width=\"0\" height=\"0\"><\/p>\n<div class=\"br61_backlink\">\n<p>\n\t\t\t\tFonte: <a href=\"https:\/\/brasil61.com\/ministerio-da-agricultura-discute-parceria-em-genetica-bovina-e-negocia-abertura-de-mercado-com-a-mauritania-mapa260061\" title=\"Artigo Original: Minist\u00e9rio da Agricultura discute parceria em gen\u00e9tica bovina e negocia abertura de mercado com a Maurit\u00e2nia\" target=\"_blank\" rel=\"noopener\">Brasil 61<\/a>\n\t\t\t<\/p>\n<\/p><\/div>\n<input type=\"hidden\" id=\"baseurl\" value=\"https:\/\/noticiasregionais.com.br\"><input type=\"hidden\" id=\"audio_nonce\" value=\"296231ceac\">","protected":false},"excerpt":{"rendered":"<p>Encontro entre os ministros Andr\u00e9 de Paula e Sid\u2019Ahmed Ould Mohamed abordou a expans\u00e3o da coopera\u00e7\u00e3o em material gen\u00e9tico bovino e as negocia\u00e7\u00f5es para viabilizar a exporta\u00e7\u00e3o de embri\u00f5es<\/p>\n","protected":false},"author":1,"featured_media":14053,"comment_status":"","ping_status":"open","sticky":false,"template":"","format":"standard","meta":{"sfsi_plus_gutenberg_text_before_share":"","sfsi_plus_gutenberg_show_text_before_share":"","sfsi_plus_gutenberg_icon_type":"","sfsi_plus_gutenberg_icon_alignemt":"","sfsi_plus_gutenburg_max_per_row":"","footnotes":""},"categories":[8],"tags":[],"class_list":["post-14052","post","type-post","status-publish","format-standard","has-post-thumbnail","hentry","category-brasil"],"_links":{"self":[{"href":"https:\/\/noticiasregionais.com.br\/index.php?rest_route=\/wp\/v2\/posts\/14052","targetHints":{"allow":["GET"]}}],"collection":[{"href":"https:\/\/noticiasregionais.com.br\/index.php?rest_route=\/wp\/v2\/posts"}],"about":[{"href":"https:\/\/noticiasregionais.com.br\/index.php?rest_route=\/wp\/v2\/types\/post"}],"author":[{"embeddable":true,"href":"https:\/\/noticiasregionais.com.br\/index.php?rest_route=\/wp\/v2\/users\/1"}],"replies":[{"embeddable":true,"href":"https:\/\/noticiasregionais.com.br\/index.php?rest_route=%2Fwp%2Fv2%2Fcomments&post=14052"}],"version-history":[{"count":0,"href":"https:\/\/noticiasregionais.com.br\/index.php?rest_route=\/wp\/v2\/posts\/14052\/revisions"}],"wp:featuredmedia":[{"embeddable":true,"href":"https:\/\/noticiasregionais.com.br\/index.php?rest_route=\/wp\/v2\/media\/14053"}],"wp:attachment":[{"href":"https:\/\/noticiasregionais.com.br\/index.php?rest_route=%2Fwp%2Fv2%2Fmedia&parent=14052"}],"wp:term":[{"taxonomy":"category","embeddable":true,"href":"https:\/\/noticiasregionais.com.br\/index.php?rest_route=%2Fwp%2Fv2%2Fcategories&post=14052"},{"taxonomy":"post_tag","embeddable":true,"href":"https:\/\/noticiasregionais.com.br\/index.php?rest_route=%2Fwp%2Fv2%2Ftags&post=14052"}],"curies":[{"name":"wp","href":"https:\/\/api.w.org\/{rel}","templated":true}]}}