{"id":14072,"date":"2026-04-30T04:40:00","date_gmt":"2026-04-30T07:40:00","guid":{"rendered":"https:\/\/noticiasregionais.com.br\/?p=14072"},"modified":"2026-04-30T04:40:00","modified_gmt":"2026-04-30T07:40:00","slug":"ministro-andre-de-paula-se-reune-com-mariangela-hungria-e-destaca-projecao-internacional-da-ciencia-brasileira","status":"publish","type":"post","link":"https:\/\/noticiasregionais.com.br\/?p=14072","title":{"rendered":"Ministro Andr\u00e9 de Paula se re\u00fane com Mariangela Hungria e destaca proje\u00e7\u00e3o internacional da ci\u00eancia brasileira"},"content":{"rendered":"<p>\t\t\t\t\t\t\t\t\t\t\t<audio controls class=\"b61_audio_player\" data-noticia=\"89221\" src=\"https:\/\/brasil61.com\/rails\/active_storage\/blobs\/eyJfcmFpbHMiOnsibWVzc2FnZSI6IkJBaHBBMWtjQkE9PSIsImV4cCI6bnVsbCwicHVyIjoiYmxvYl9pZCJ9fQ==--c06b8248fd1330e9fa39c23a7fdf9f4556da4175\/MAPA260064A\"><\/audio><\/p>\n<p><strong>O ministro da <a href=\"https:\/\/www.gov.br\/agricultura\/pt-br\" target=\"_blank\" rel=\"noopener\">Agricultura e Pecu\u00e1ria<\/a>, Andr\u00e9 de Paula, recebeu na ter\u00e7a-feira (28) a pesquisadora da Embrapa, Mariangela Hungria, para parabeniz\u00e1-la pelos reconhecimentos de destaque que recebeu no cen\u00e1rio internacional.<\/strong><\/p>\n<p>A cientista passou a integrar a lista das 100 pessoas mais influentes do mundo da Time e tamb\u00e9m foi agraciada com o World Food Prize de 2025, conhecido como o \u201cNobel da Agricultura\u201d.<\/p>\n<p><strong>Durante o encontro, o ministro ressaltou a relev\u00e2ncia da trajet\u00f3ria da cientista e o impacto internacional de seu trabalho, afirmando que o reconhecimento representa um marco para o pa\u00eds.<\/strong><\/p>\n<p>\u201cPara todos n\u00f3s, brasileiros, \u00e9 motivo de orgulho ver algu\u00e9m do nosso pa\u00eds chegar a um n\u00edvel de reconhecimento internacional como o que voc\u00ea alcan\u00e7ou. Isso n\u00e3o \u00e9 pouca coisa. Para dimensionar, \u00e9 quase como uma Copa do Mundo\u201d, declarou.<\/p>\n<p>\u201c\u00c9 uma conquista que projeta o pa\u00eds. N\u00f3s temos muito orgulho de tudo o que voc\u00ea representa, de toda a trajet\u00f3ria que construiu e da forma como elevou o nome da ci\u00eancia brasileira\u201d, complementou.<\/p>\n<p><strong>O reconhecimento recebido por Mariangela em 2025 nos Estados Unidos, no World Food Prize, destaca mais de quatro d\u00e9cadas de pesquisas dedicadas ao uso de microrganismos capazes de substituir fertilizantes qu\u00edmicos na agricultura.<\/strong><\/p>\n<h2>Impacto na produ\u00e7\u00e3o de soja<\/h2>\n<p>As tecnologias desenvolvidas pela pesquisadora j\u00e1 s\u00e3o aplicadas em cerca de 85% das lavouras de soja no Brasil, contribuindo para reduzir custos de produ\u00e7\u00e3o e aumentar a sustentabilidade no campo.<\/p>\n<p><strong>VEJA MAIS:<\/strong><\/p>\n<ul>\n<li><a href=\"https:\/\/brasil61.com\/n\/ministerio-da-agricultura-discute-parceria-em-genetica-bovina-e-negocia-abertura-de-mercado-com-a-mauritania-mapa260061\" target=\"_blank\" rel=\"noopener\">Minist\u00e9rio da Agricultura discute parceria em gen\u00e9tica bovina e negocia abertura de mercado com a Maurit\u00e2nia<\/a><\/li>\n<li><a href=\"https:\/\/brasil61.com\/n\/em-celebracao-dos-53-anos-da-embrapa-lula-defende-sofisticacao-e-diversificacao-para-agro-conquistar-mais-mercados-mapa260060\" target=\"_blank\" rel=\"noopener\">Em celebra\u00e7\u00e3o dos 53 anos da Embrapa, Lula defende sofistica\u00e7\u00e3o e diversifica\u00e7\u00e3o para agro conquistar mais mercados<\/a><\/li>\n<\/ul>\n<p>Acompanhada pela presidente da Embrapa, Silvia Massruh\u00e1, Mariangela afirmou que a homenagem vai al\u00e9m de sua trajet\u00f3ria individual. \u201cO reconhecimento que estou recebendo hoje n\u00e3o \u00e9 um reconhecimento pessoal. \u00c9 um reconhecimento da Embrapa e da ci\u00eancia brasileira. Eu apenas carrego essa bandeira\u201d, disse.<\/p>\n<p><strong>Ela tamb\u00e9m lembrou que o avan\u00e7o dos bioinsumos no pa\u00eds \u00e9 resultado de d\u00e9cadas de pesquisa cont\u00ednua. \u201cQuando muitos apostavam apenas em fertilizantes qu\u00edmicos, n\u00f3s j\u00e1 defend\u00edamos outro caminho. Hoje existe uma base de dados robusta, constru\u00edda ao longo de d\u00e9cadas. Inova\u00e7\u00e3o precisa ser s\u00f3lida e baseada em evid\u00eancias\u201d, afirmou.<\/strong><\/p>\n<h2>Integra\u00e7\u00e3o na lista TIME100<\/h2>\n<p><strong>Em abril de 2026, Mariangela passou a integrar a lista TIME100, na categoria \u201cPioneiros\u201d, dedicada a personalidades com contribui\u00e7\u00f5es cient\u00edficas e tecnol\u00f3gicas de impacto global. Seu trabalho com fixa\u00e7\u00e3o biol\u00f3gica de nitrog\u00eanio permite reduzir o uso de fertilizantes e gerar economia bilion\u00e1ria anual para o agroneg\u00f3cio brasileiro.<\/strong><\/p>\n<p>Al\u00e9m do World Food Prize, a cientista acumula outras distin\u00e7\u00f5es recentes, como o Grande Colar do M\u00e9rito do Tribunal de Contas da Uni\u00e3o (TCU), concedido em 2025, a Medalha de M\u00e9rito Apol\u00f4nio Salles, do Minist\u00e9rio da Agricultura, e a Ordem do Pinheiro, maior honraria do estado do Paran\u00e1.<\/p>\n<p>Com mais de 40 anos de atua\u00e7\u00e3o na Embrapa, Mariangela Hungria tamb\u00e9m integra a Academia Brasileira de Ci\u00eancias e aparece em rankings internacionais de impacto cient\u00edfico nas \u00e1reas de microbiologia e fitotecnia. Seu trabalho \u00e9 refer\u00eancia no desenvolvimento de solu\u00e7\u00f5es biol\u00f3gicas voltadas a uma agricultura mais produtiva e de baixo carbono.<br \/>\n\u00a0<\/p>\n<p>\t\t\t\t\t\t\t\t\t\t<img decoding=\"async\" src=\"https:\/\/brasil61.com\/api\/v1\/serve_pixel\/22254\/89221\" alt=\"Pixel Brasil 61\" class=\"b61_pixel\" width=\"0\" height=\"0\"><\/p>\n<div class=\"br61_backlink\">\n<p>\n\t\t\t\tFonte: <a href=\"https:\/\/brasil61.com\/ministro-andre-de-paula-se-reune-com-mariangela-hungria-e-destaca-projecao-internacional-da-ciencia-brasileira-mapa260064\" title=\"Artigo Original: Ministro Andr\u00e9 de Paula se re\u00fane com Mariangela Hungria e destaca proje\u00e7\u00e3o internacional da ci\u00eancia brasileira\" target=\"_blank\" rel=\"noopener\">Brasil 61<\/a>\n\t\t\t<\/p>\n<\/p><\/div>\n<input type=\"hidden\" id=\"baseurl\" value=\"https:\/\/noticiasregionais.com.br\"><input type=\"hidden\" id=\"audio_nonce\" value=\"d7ad76df66\">","protected":false},"excerpt":{"rendered":"<p>Pesquisadora da Embrapa entrou para a TIME100 e recebeu o World Food Prize, um dos maiores pr\u00eamios da agricultura mundial<\/p>\n","protected":false},"author":1,"featured_media":14073,"comment_status":"","ping_status":"open","sticky":false,"template":"","format":"standard","meta":{"sfsi_plus_gutenberg_text_before_share":"","sfsi_plus_gutenberg_show_text_before_share":"","sfsi_plus_gutenberg_icon_type":"","sfsi_plus_gutenberg_icon_alignemt":"","sfsi_plus_gutenburg_max_per_row":"","footnotes":""},"categories":[8],"tags":[],"class_list":["post-14072","post","type-post","status-publish","format-standard","has-post-thumbnail","hentry","category-brasil"],"_links":{"self":[{"href":"https:\/\/noticiasregionais.com.br\/index.php?rest_route=\/wp\/v2\/posts\/14072","targetHints":{"allow":["GET"]}}],"collection":[{"href":"https:\/\/noticiasregionais.com.br\/index.php?rest_route=\/wp\/v2\/posts"}],"about":[{"href":"https:\/\/noticiasregionais.com.br\/index.php?rest_route=\/wp\/v2\/types\/post"}],"author":[{"embeddable":true,"href":"https:\/\/noticiasregionais.com.br\/index.php?rest_route=\/wp\/v2\/users\/1"}],"replies":[{"embeddable":true,"href":"https:\/\/noticiasregionais.com.br\/index.php?rest_route=%2Fwp%2Fv2%2Fcomments&post=14072"}],"version-history":[{"count":0,"href":"https:\/\/noticiasregionais.com.br\/index.php?rest_route=\/wp\/v2\/posts\/14072\/revisions"}],"wp:featuredmedia":[{"embeddable":true,"href":"https:\/\/noticiasregionais.com.br\/index.php?rest_route=\/wp\/v2\/media\/14073"}],"wp:attachment":[{"href":"https:\/\/noticiasregionais.com.br\/index.php?rest_route=%2Fwp%2Fv2%2Fmedia&parent=14072"}],"wp:term":[{"taxonomy":"category","embeddable":true,"href":"https:\/\/noticiasregionais.com.br\/index.php?rest_route=%2Fwp%2Fv2%2Fcategories&post=14072"},{"taxonomy":"post_tag","embeddable":true,"href":"https:\/\/noticiasregionais.com.br\/index.php?rest_route=%2Fwp%2Fv2%2Ftags&post=14072"}],"curies":[{"name":"wp","href":"https:\/\/api.w.org\/{rel}","templated":true}]}}