{"id":14074,"date":"2026-04-30T12:00:00","date_gmt":"2026-04-30T15:00:00","guid":{"rendered":"https:\/\/noticiasregionais.com.br\/?p=14074"},"modified":"2026-04-30T12:00:00","modified_gmt":"2026-04-30T15:00:00","slug":"brasil-e-uruguai-reforcam-parceria-no-agronegocio-com-foco-em-inovacao-e-comercio","status":"publish","type":"post","link":"https:\/\/noticiasregionais.com.br\/?p=14074","title":{"rendered":"Brasil e Uruguai refor\u00e7am parceria no agroneg\u00f3cio com foco em inova\u00e7\u00e3o e com\u00e9rcio"},"content":{"rendered":"<p>\t\t\t\t\t\t\t\t\t\t\t<audio controls class=\"b61_audio_player\" data-noticia=\"89217\" src=\"https:\/\/brasil61.com\/rails\/active_storage\/blobs\/eyJfcmFpbHMiOnsibWVzc2FnZSI6IkJBaHBBejRjQkE9PSIsImV4cCI6bnVsbCwicHVyIjoiYmxvYl9pZCJ9fQ==--ba8278875e2b2bba3aa13444457b083a2673d6ec\/MAPA260062A\"><\/audio><\/p>\n<p>Em meio a discuss\u00f5es sobre integra\u00e7\u00e3o regional e expans\u00e3o de mercados no agroneg\u00f3cio sul-americano, Brasil e Uruguai voltaram a alinhar estrat\u00e9gias para fortalecer a coopera\u00e7\u00e3o no setor.<\/p>\n<p><strong>Na ter\u00e7a-feira (28), o ministro da <a href=\"https:\/\/www.gov.br\/agricultura\/pt-br\" target=\"_blank\" rel=\"noopener\">Agricultura e Pecu\u00e1ria<\/a>, Andr\u00e9 de Paula, recebeu o ministro da Pecu\u00e1ria, Agricultura e Pesca do Uruguai, Alfredo Fratti. O intuito da reuni\u00e3o foi discutir pautas priorit\u00e1rias do agroneg\u00f3cio regional. O encontro ocorreu na sede do Minist\u00e9rio da Agricultura e Pecu\u00e1ria (Mapa), em Bras\u00edlia.<\/strong><\/p>\n<p>Ao longo da agenda, os dois pa\u00edses reiteraram o peso da parceria constru\u00edda ao longo dos anos, marcada por integra\u00e7\u00e3o regional, por um intenso interc\u00e2mbio comercial e pela colabora\u00e7\u00e3o t\u00e9cnica cont\u00ednua. Nesse contexto, Andr\u00e9 de Paula apontou o Uruguai como um parceiro estrat\u00e9gico para o Brasil em diferentes frentes, enquanto Fratti destacou a import\u00e2ncia de os dois pa\u00edses manterem canais permanentes de di\u00e1logo e coopera\u00e7\u00e3o.<\/p>\n<p><strong>Entre os assuntos abordados, estiveram temas relacionados ao setor leiteiro, o acordo entre Mercosul e Uni\u00e3o Europeia e iniciativas voltadas \u00e0 amplia\u00e7\u00e3o das oportunidades comerciais.<\/strong><\/p>\n<p>Segundo o ministro brasileiro, o governo acompanha os assuntos apresentados com aten\u00e7\u00e3o, levando em conta crit\u00e9rios t\u00e9cnicos e instrumentos legais, em busca de solu\u00e7\u00f5es equilibradas que contribuam para o fortalecimento da rela\u00e7\u00e3o bilateral.<\/p>\n<h2>Avan\u00e7os em ci\u00eancia e tecnologia<\/h2>\n<p><strong>A agenda tamb\u00e9m evidenciou avan\u00e7os na \u00e1rea de ci\u00eancia e tecnologia. Um dos destaques foi a cria\u00e7\u00e3o da primeira Unidade Mista de Pesquisa e Inova\u00e7\u00e3o internacional, resultado da parceria entre a Empresa Brasileira de Pesquisa Agropecu\u00e1ria (Embrapa), o Instituto Nacional de Investiga\u00e7\u00e3o Agropecu\u00e1ria do Uruguai (Inia) e os minist\u00e9rios da Agricultura de Brasil e Uruguai.<\/strong><\/p>\n<p>Outro ponto tratado foi o Memorando de Entendimento firmado em dezembro de 2025, voltado ao desenvolvimento de pol\u00edticas, processos, produtos e tecnologias de base biol\u00f3gica para melhorar a produ\u00e7\u00e3o agropecu\u00e1ria.<\/p>\n<p><strong>VEJA MAIS:<\/strong><\/p>\n<ul>\n<li><a href=\"https:\/\/brasil61.com\/n\/ministerio-da-agricultura-discute-parceria-em-genetica-bovina-e-negocia-abertura-de-mercado-com-a-mauritania-mapa260061\" target=\"_blank\" rel=\"noopener\">Minist\u00e9rio da Agricultura discute parceria em gen\u00e9tica bovina e negocia abertura de mercado com a Maurit\u00e2nia<\/a><\/li>\n<li><a href=\"https:\/\/brasil61.com\/n\/em-celebracao-dos-53-anos-da-embrapa-lula-defende-sofisticacao-e-diversificacao-para-agro-conquistar-mais-mercados-mapa260060\" target=\"_blank\" rel=\"noopener\">Em celebra\u00e7\u00e3o dos 53 anos da Embrapa, Lula defende sofistica\u00e7\u00e3o e diversifica\u00e7\u00e3o para agro conquistar mais mercados<\/a><\/li>\n<\/ul>\n<p>Durante o encontro, Fratti tamb\u00e9m chamou aten\u00e7\u00e3o para o avan\u00e7o da agenda de bioinsumos entre os dois pa\u00edses. O Brasil indicou que segue aberto a ampliar a troca de conhecimento nessa \u00e1rea, considerada estrat\u00e9gica por combinar inova\u00e7\u00e3o com pr\u00e1ticas mais sustent\u00e1veis.<\/p>\n<h2>Dados da rela\u00e7\u00e3o comercial entre Brasil e Uruguai<\/h2>\n<p><strong>A rela\u00e7\u00e3o entre Brasil e Uruguai se estende, ainda, a espa\u00e7os como o Mercosul, o Conselho Agropecu\u00e1rio do Sul (CAS) e outros f\u00f3runs regionais. Em 2025, o interc\u00e2mbio comercial bilateral atingiu cerca de US$ 2,22 bilh\u00f5es, com exporta\u00e7\u00f5es brasileiras de aproximadamente US$ 989,9 milh\u00f5es e importa\u00e7\u00f5es vindas do Uruguai na casa de US$ 1,23 bilh\u00e3o.<\/strong><br \/>\n\u00a0<\/p>\n<p>\t\t\t\t\t\t\t\t\t\t<img decoding=\"async\" src=\"https:\/\/brasil61.com\/api\/v1\/serve_pixel\/22254\/89217\" alt=\"Pixel Brasil 61\" class=\"b61_pixel\" width=\"0\" height=\"0\"><\/p>\n<div class=\"br61_backlink\">\n<p>\n\t\t\t\tFonte: <a href=\"https:\/\/brasil61.com\/brasil-e-uruguai-reforcam-parceria-no-agronegocio-com-foco-em-inovacao-e-comercio-mapa260062\" title=\"Artigo Original: Brasil e Uruguai refor\u00e7am parceria no agroneg\u00f3cio com foco em inova\u00e7\u00e3o e com\u00e9rcio\" target=\"_blank\" rel=\"noopener\">Brasil 61<\/a>\n\t\t\t<\/p>\n<\/p><\/div>\n<input type=\"hidden\" id=\"baseurl\" value=\"https:\/\/noticiasregionais.com.br\"><input type=\"hidden\" id=\"audio_nonce\" value=\"9ddf44ba02\">","protected":false},"excerpt":{"rendered":"<p>Entre os assuntos considerados importantes para o setor est\u00e3o temas relacionados ao setor leiteiro, as tratativas do acordo entre Mercosul e Uni\u00e3o Europeia e iniciativas para ampliar o com\u00e9rcio entre os dois pa\u00edses<\/p>\n","protected":false},"author":1,"featured_media":14075,"comment_status":"","ping_status":"open","sticky":false,"template":"","format":"standard","meta":{"sfsi_plus_gutenberg_text_before_share":"","sfsi_plus_gutenberg_show_text_before_share":"","sfsi_plus_gutenberg_icon_type":"","sfsi_plus_gutenberg_icon_alignemt":"","sfsi_plus_gutenburg_max_per_row":"","footnotes":""},"categories":[8],"tags":[],"class_list":["post-14074","post","type-post","status-publish","format-standard","has-post-thumbnail","hentry","category-brasil"],"_links":{"self":[{"href":"https:\/\/noticiasregionais.com.br\/index.php?rest_route=\/wp\/v2\/posts\/14074","targetHints":{"allow":["GET"]}}],"collection":[{"href":"https:\/\/noticiasregionais.com.br\/index.php?rest_route=\/wp\/v2\/posts"}],"about":[{"href":"https:\/\/noticiasregionais.com.br\/index.php?rest_route=\/wp\/v2\/types\/post"}],"author":[{"embeddable":true,"href":"https:\/\/noticiasregionais.com.br\/index.php?rest_route=\/wp\/v2\/users\/1"}],"replies":[{"embeddable":true,"href":"https:\/\/noticiasregionais.com.br\/index.php?rest_route=%2Fwp%2Fv2%2Fcomments&post=14074"}],"version-history":[{"count":0,"href":"https:\/\/noticiasregionais.com.br\/index.php?rest_route=\/wp\/v2\/posts\/14074\/revisions"}],"wp:featuredmedia":[{"embeddable":true,"href":"https:\/\/noticiasregionais.com.br\/index.php?rest_route=\/wp\/v2\/media\/14075"}],"wp:attachment":[{"href":"https:\/\/noticiasregionais.com.br\/index.php?rest_route=%2Fwp%2Fv2%2Fmedia&parent=14074"}],"wp:term":[{"taxonomy":"category","embeddable":true,"href":"https:\/\/noticiasregionais.com.br\/index.php?rest_route=%2Fwp%2Fv2%2Fcategories&post=14074"},{"taxonomy":"post_tag","embeddable":true,"href":"https:\/\/noticiasregionais.com.br\/index.php?rest_route=%2Fwp%2Fv2%2Ftags&post=14074"}],"curies":[{"name":"wp","href":"https:\/\/api.w.org\/{rel}","templated":true}]}}