{"id":14076,"date":"2026-04-30T17:00:00","date_gmt":"2026-04-30T20:00:00","guid":{"rendered":"https:\/\/noticiasregionais.com.br\/?p=14076"},"modified":"2026-04-30T20:31:17","modified_gmt":"2026-04-30T23:31:17","slug":"governo-e-setor-produtivo-alinham-demandas-para-o-novo-plano-safra","status":"publish","type":"post","link":"https:\/\/noticiasregionais.com.br\/?p=14076","title":{"rendered":"Governo e setor produtivo alinham demandas para o novo Plano Safra"},"content":{"rendered":"<p>\t\t\t\t\t\t\t\t\t\t<audio controls class=\"b61_audio_player\" data-noticia=\"89223\" src=\"https:\/\/brasil61.com\/rails\/active_storage\/blobs\/eyJfcmFpbHMiOnsibWVzc2FnZSI6IkJBaHBBMWNjQkE9PSIsImV4cCI6bnVsbCwicHVyIjoiYmxvYl9pZCJ9fQ==--e92252f7cfb3c84652a795b0cd09d0985194e2b1\/MAPA260065A\"><\/audio><\/p>\n<p><strong>Com a aproxima\u00e7\u00e3o do pr\u00f3ximo Plano Safra, governo e setor produtivo come\u00e7aram a alinhar propostas para o ciclo 2026\/2027. Na ter\u00e7a-feira (28), em Bras\u00edlia, o ministro da <a href=\"https:\/\/www.gov.br\/agricultura\/pt-br\" target=\"_blank\" rel=\"noopener\">Agricultura e Pecu\u00e1ria<\/a>, Andr\u00e9 de Paula, se reuniu com o presidente da Confedera\u00e7\u00e3o da Agricultura e Pecu\u00e1ria do Brasil <a href=\"https:\/\/cnabrasil.org.br\/?utm_campaign=institucional-grants&amp;utm_source=google&amp;utm_medium=cpc&amp;gad_source=1&amp;gad_campaignid=21071234134&amp;gbraid=0AAAAAqwS2eZUp4n0I14M17fFgakygiDcN&amp;gclid=Cj0KCQjw2MbPBhCSARIsAP3jP9yZwyC1xn7lqa8iCRiGwuOp1LM61_c7XLROPNe52woyWfRaUgzxHUAaAhPZEALw_wcB\" target=\"_blank\" rel=\"noopener\">(CNA)<\/a>, Jo\u00e3o Martins, na sede da entidade. No encontro, a confedera\u00e7\u00e3o entregou um conjunto de dez propostas para o novo plano.<\/strong><\/p>\n<p>A reuni\u00e3o refor\u00e7ou a defesa de uma rela\u00e7\u00e3o mais pr\u00f3xima entre o governo federal e o setor agropecu\u00e1rio. O ministro destacou a import\u00e2ncia desse di\u00e1logo cont\u00ednuo.<\/p>\n<p>\u201cQuero marcar minha passagem como um ministro que buscou compreender, dialogar e contribuir para o fortalecimento do setor. Essa \u00e9 uma parceria permanente, org\u00e2nica e necess\u00e1ria, e me coloco \u00e0 disposi\u00e7\u00e3o para avan\u00e7armos juntos\u201d, afirmou.<\/p>\n<p>O presidente da CNA, por sua vez, enfatizou a necessidade de coopera\u00e7\u00e3o para transformar as demandas do campo em a\u00e7\u00f5es concretas. \u201cA CNA e o Senar sempre estiveram abertos \u00e0 parceria em benef\u00edcio do produtor rural. Precisamos trabalhar em conjunto, propor solu\u00e7\u00f5es e buscar a\u00e7\u00f5es que realmente sejam impactantes. Este \u00e9 um momento importante, de deixar uma marca\u201d, disse Jo\u00e3o Martins.<\/p>\n<p><strong>Na ocasi\u00e3o, foram apresentadas as propostas da entidade para o Plano Safra 2026\/2027. Segundo a CNA, as propostas foram elaboradas a partir de reuni\u00f5es regionais com produtores, federa\u00e7\u00f5es, associa\u00e7\u00f5es e institui\u00e7\u00f5es financeiras em todas as regi\u00f5es do pa\u00eds.<\/strong><\/p>\n<p><strong>VEJA MAIS:<\/strong><\/p>\n<ul>\n<li><a href=\"https:\/\/brasil61.com\/n\/ministerio-da-agricultura-discute-parceria-em-genetica-bovina-e-negocia-abertura-de-mercado-com-a-mauritania-mapa260061\" target=\"_blank\" rel=\"noopener\">Minist\u00e9rio da Agricultura discute parceria em gen\u00e9tica bovina e negocia abertura de mercado com a Maurit\u00e2nia<\/a><\/li>\n<li><a href=\"https:\/\/brasil61.com\/n\/em-celebracao-dos-53-anos-da-embrapa-lula-defende-sofisticacao-e-diversificacao-para-agro-conquistar-mais-mercados-mapa260060\" target=\"_blank\" rel=\"noopener\">Em celebra\u00e7\u00e3o dos 53 anos da Embrapa, Lula defende sofistica\u00e7\u00e3o e diversifica\u00e7\u00e3o para agro conquistar mais mercados<\/a><\/li>\n<\/ul>\n<p>A Confedera\u00e7\u00e3o defende ainda que o plano passe a ter car\u00e1ter plurianual, ampliando a previsibilidade e o planejamento da pol\u00edtica agr\u00edcola.<\/p>\n<h2>Pontos priorit\u00e1rios<\/h2>\n<p><strong>Entre os principais pontos apresentados est\u00e3o a previsibilidade or\u00e7ament\u00e1ria, o fortalecimento do planejamento de longo prazo, a melhoria da sa\u00fade financeira dos produtores, o aprimoramento dos mecanismos de renegocia\u00e7\u00e3o de d\u00edvidas, a amplia\u00e7\u00e3o do acesso ao cr\u00e9dito e o refor\u00e7o de recursos para o seguro rural.<\/strong><\/p>\n<p>As sugest\u00f5es tamb\u00e9m t\u00eam como foco a sustentabilidade econ\u00f4mica do setor e a manuten\u00e7\u00e3o da posi\u00e7\u00e3o do Brasil como um dos principais produtores e exportadores de alimentos do mundo.<\/p>\n<p>Durante o encontro, representantes de federa\u00e7\u00f5es estaduais ainda apresentaram outras pautas consideradas priorit\u00e1rias, como securitiza\u00e7\u00e3o, cria\u00e7\u00e3o de fundo fitossanit\u00e1rio para a fruticultura, fortalecimento da defesa agropecu\u00e1ria, sustentabilidade e sequestro de carbono, cadeia produtiva do arroz e o Programa de Monitoramento do Desmatamento por Sat\u00e9lite (Prodes).<br \/>\n\u00a0<\/p>\n<p>\t\t\t\t\t\t\t\t\t<img decoding=\"async\" src=\"https:\/\/brasil61.com\/api\/v1\/serve_pixel\/22254\/89223\" alt=\"Pixel Brasil 61\" class=\"b61_pixel\" width=\"0\" height=\"0\"><\/p>\n<div class=\"br61_backlink\">\n<p>\n\t\t\t\tFonte: <a href=\"https:\/\/brasil61.com\/governo-e-setor-produtivo-alinham-demandas-para-o-novo-plano-safra-mapa260065\" title=\"Artigo Original: Governo e setor produtivo alinham demandas para o novo Plano Safra\" target=\"_blank\" rel=\"noopener\">Brasil 61<\/a>\n\t\t\t<\/p>\n<\/p><\/div>\n<input type=\"hidden\" id=\"baseurl\" value=\"https:\/\/noticiasregionais.com.br\"><input type=\"hidden\" id=\"audio_nonce\" value=\"9ddf44ba02\">","protected":false},"excerpt":{"rendered":"<p>Ministro Andr\u00e9 de Paula e presidente da CNA discutem propostas para fortalecer a pol\u00edtica agr\u00edcola<\/p>\n","protected":false},"author":1,"featured_media":14079,"comment_status":"closed","ping_status":"open","sticky":false,"template":"","format":"standard","meta":{"sfsi_plus_gutenberg_text_before_share":"","sfsi_plus_gutenberg_show_text_before_share":"","sfsi_plus_gutenberg_icon_type":"","sfsi_plus_gutenberg_icon_alignemt":"","sfsi_plus_gutenburg_max_per_row":"","footnotes":""},"categories":[8],"tags":[],"class_list":["post-14076","post","type-post","status-publish","format-standard","has-post-thumbnail","hentry","category-brasil"],"_links":{"self":[{"href":"https:\/\/noticiasregionais.com.br\/index.php?rest_route=\/wp\/v2\/posts\/14076","targetHints":{"allow":["GET"]}}],"collection":[{"href":"https:\/\/noticiasregionais.com.br\/index.php?rest_route=\/wp\/v2\/posts"}],"about":[{"href":"https:\/\/noticiasregionais.com.br\/index.php?rest_route=\/wp\/v2\/types\/post"}],"author":[{"embeddable":true,"href":"https:\/\/noticiasregionais.com.br\/index.php?rest_route=\/wp\/v2\/users\/1"}],"replies":[{"embeddable":true,"href":"https:\/\/noticiasregionais.com.br\/index.php?rest_route=%2Fwp%2Fv2%2Fcomments&post=14076"}],"version-history":[{"count":1,"href":"https:\/\/noticiasregionais.com.br\/index.php?rest_route=\/wp\/v2\/posts\/14076\/revisions"}],"predecessor-version":[{"id":14078,"href":"https:\/\/noticiasregionais.com.br\/index.php?rest_route=\/wp\/v2\/posts\/14076\/revisions\/14078"}],"wp:featuredmedia":[{"embeddable":true,"href":"https:\/\/noticiasregionais.com.br\/index.php?rest_route=\/wp\/v2\/media\/14079"}],"wp:attachment":[{"href":"https:\/\/noticiasregionais.com.br\/index.php?rest_route=%2Fwp%2Fv2%2Fmedia&parent=14076"}],"wp:term":[{"taxonomy":"category","embeddable":true,"href":"https:\/\/noticiasregionais.com.br\/index.php?rest_route=%2Fwp%2Fv2%2Fcategories&post=14076"},{"taxonomy":"post_tag","embeddable":true,"href":"https:\/\/noticiasregionais.com.br\/index.php?rest_route=%2Fwp%2Fv2%2Ftags&post=14076"}],"curies":[{"name":"wp","href":"https:\/\/api.w.org\/{rel}","templated":true}]}}