{"id":14087,"date":"2026-05-01T04:00:00","date_gmt":"2026-05-01T07:00:00","guid":{"rendered":"https:\/\/noticiasregionais.com.br\/?p=14087"},"modified":"2026-05-01T04:00:00","modified_gmt":"2026-05-01T07:00:00","slug":"ministerio-inaugura-laboratorio-de-informatica-em-escola-rural-de-manaus-am","status":"publish","type":"post","link":"https:\/\/noticiasregionais.com.br\/?p=14087","title":{"rendered":"Minist\u00e9rio inaugura laborat\u00f3rio de inform\u00e1tica em escola rural de Manaus (AM)"},"content":{"rendered":"<p>\t\t\t\t\t\t\t\t\t\t\t<audio controls class=\"b61_audio_player\" data-noticia=\"89246\" src=\"https:\/\/brasil61.com\/rails\/active_storage\/blobs\/eyJfcmFpbHMiOnsibWVzc2FnZSI6IkJBaHBBeFVkQkE9PSIsImV4cCI6bnVsbCwicHVyIjoiYmxvYl9pZCJ9fQ==--228966b4eddfeb2fead28618511eeb56fbbb554a\/MCOM260360A\"><\/audio><\/p>\n<p><strong>Mais de 120 estudantes da Escola Municipal Prof\u00aa Joana Vieira, localizada na zona rural de Manaus, passaram a contar com um novo laborat\u00f3rio de inform\u00e1tica,<\/strong> inaugurado no dia 28 de abril. A entrega foi realizada pelo <a href=\"https:\/\/www.gov.br\/mcom\/pt-br\" target=\"_blank\" rel=\"noopener\">Minist\u00e9rio das Comunica\u00e7\u00f5es (MCom) <\/a>e integra as a\u00e7\u00f5es do governo federal voltadas \u00e0 amplia\u00e7\u00e3o da inclus\u00e3o digital em escolas p\u00fablicas, especialmente em regi\u00f5es remotas.<\/p>\n<p><strong>O espa\u00e7o foi equipado com dez computadores doados pelo programa Computadores para Inclus\u00e3o e j\u00e1 est\u00e1 em funcionamento. Os equipamentos foram recondicionados a partir de m\u00e1quinas descartadas por \u00f3rg\u00e3os p\u00fablicos. O processo de recupera\u00e7\u00e3o ocorre nos Centros de Recondicionamento de Computadores (CRCs), que aliam sustentabilidade \u00e0 capacita\u00e7\u00e3o profissional.<\/strong><\/p>\n<p>O ministro das Comunica\u00e7\u00f5es, Frederico de Siqueira Filho, destacou a import\u00e2ncia da iniciativa para promover a inclus\u00e3o social de estudantes e moradores de \u00e1reas remotas do pa\u00eds.<\/p>\n<p>\u201cA gente tem um compromisso at\u00e9 o final do ano de concluir todo o projeto fazendo isso aqui. Levando a internet, preparando toda a infraestrutura de wi-fi para que os alunos possam acessar, beneficiar a comunidade no contraturno, porque hoje n\u00e3o existe mais inclus\u00e3o social sem inclus\u00e3o digital\u201d, disse o ministro.<\/p>\n<p>No Amazonas, o CRC funciona em Manaus. Al\u00e9m de recuperar m\u00e1quinas que seriam descartadas como lixo eletr\u00f4nico, a unidade oferta cursos gratuitos de inform\u00e1tica e manuten\u00e7\u00e3o para pessoas de baixa renda. Segundo o Mcom, a medida capacita os alunos para o mercado de trabalho e amplia oportunidades por meio da tecnologia.<\/p>\n<h2>Expans\u00e3o da conectividade<\/h2>\n<p><strong>Durante a agenda em Manaus, o ministro tamb\u00e9m visitou a Escola Municipal Monte Horebe, que atende mais de 330 alunos, para acompanhar de perto os impactos da conectividade na rotina escolar. A unidade est\u00e1 entre as mais de 99 mil escolas p\u00fablicas atendidas pelo programa Escolas Conectadas \u2013 que oferece internet gratuita em todo o pa\u00eds.<\/strong><\/p>\n<p>Segundo o ministro, a meta do governo federal \u00e9 levar internet de qualidade a todas as <strong>138 mil escolas p\u00fablicas brasileiras<\/strong> at\u00e9 o fim do projeto. Hoje, cerca d<strong>e 24 milh\u00f5es de estudantes j\u00e1 s\u00e3o beneficiados pelo programa Escolas Conectadas.<\/strong><\/p>\n<p>No Amazonas, quase tr\u00eas mil unidades p\u00fablicas j\u00e1 contam com conectividade. No entanto, ainda h\u00e1 o desafio de expandir e qualificar o servi\u00e7o, sobretudo em regi\u00f5es remotas. Durante as visitas, tamb\u00e9m foram verificadas se a qualidade do sinal e a cobertura wi-fi, atendem as necessidades dos alunos e professores.<\/p>\n<p>As a\u00e7\u00f5es contam com a parceria da prefeitura de Manaus e da Entidade Administradora da Conectividade de Escolas (Eace). O foco vai al\u00e9m da chegada do sinal e abrange a melhoria da infraestrutura tecnol\u00f3gica das unidades de ensino.<br \/>\n\u00a0<\/p>\n<p>\t\t\t\t\t\t\t\t\t\t<img decoding=\"async\" src=\"https:\/\/brasil61.com\/api\/v1\/serve_pixel\/22254\/89246\" alt=\"Pixel Brasil 61\" class=\"b61_pixel\" width=\"0\" height=\"0\"><\/p>\n<div class=\"br61_backlink\">\n<p>\n\t\t\t\tFonte: <a href=\"https:\/\/brasil61.com\/ministerio-inaugura-laboratorio-de-informatica-em-escola-rural-de-manaus-am-mcom260360\" title=\"Artigo Original: Minist\u00e9rio inaugura laborat\u00f3rio de inform\u00e1tica em escola rural de Manaus (AM)\" target=\"_blank\" rel=\"noopener\">Brasil 61<\/a>\n\t\t\t<\/p>\n<\/p><\/div>\n<input type=\"hidden\" id=\"baseurl\" value=\"https:\/\/noticiasregionais.com.br\"><input type=\"hidden\" id=\"audio_nonce\" value=\"d83e465ad3\">","protected":false},"excerpt":{"rendered":"<p>Entrega de computadores pelo Minist\u00e9rio das Comunica\u00e7\u00f5es beneficia mais de 120 alunos da Escola Municipal Prof\u00aa Joana Vieira e impacta rotina de professores, alunos e comunidade; iniciativa refor\u00e7a conectividade e amplia acesso \u00e0 internet<\/p>\n","protected":false},"author":1,"featured_media":14088,"comment_status":"","ping_status":"open","sticky":false,"template":"","format":"standard","meta":{"sfsi_plus_gutenberg_text_before_share":"","sfsi_plus_gutenberg_show_text_before_share":"","sfsi_plus_gutenberg_icon_type":"","sfsi_plus_gutenberg_icon_alignemt":"","sfsi_plus_gutenburg_max_per_row":"","footnotes":""},"categories":[8],"tags":[],"class_list":["post-14087","post","type-post","status-publish","format-standard","has-post-thumbnail","hentry","category-brasil"],"_links":{"self":[{"href":"https:\/\/noticiasregionais.com.br\/index.php?rest_route=\/wp\/v2\/posts\/14087","targetHints":{"allow":["GET"]}}],"collection":[{"href":"https:\/\/noticiasregionais.com.br\/index.php?rest_route=\/wp\/v2\/posts"}],"about":[{"href":"https:\/\/noticiasregionais.com.br\/index.php?rest_route=\/wp\/v2\/types\/post"}],"author":[{"embeddable":true,"href":"https:\/\/noticiasregionais.com.br\/index.php?rest_route=\/wp\/v2\/users\/1"}],"replies":[{"embeddable":true,"href":"https:\/\/noticiasregionais.com.br\/index.php?rest_route=%2Fwp%2Fv2%2Fcomments&post=14087"}],"version-history":[{"count":0,"href":"https:\/\/noticiasregionais.com.br\/index.php?rest_route=\/wp\/v2\/posts\/14087\/revisions"}],"wp:featuredmedia":[{"embeddable":true,"href":"https:\/\/noticiasregionais.com.br\/index.php?rest_route=\/wp\/v2\/media\/14088"}],"wp:attachment":[{"href":"https:\/\/noticiasregionais.com.br\/index.php?rest_route=%2Fwp%2Fv2%2Fmedia&parent=14087"}],"wp:term":[{"taxonomy":"category","embeddable":true,"href":"https:\/\/noticiasregionais.com.br\/index.php?rest_route=%2Fwp%2Fv2%2Fcategories&post=14087"},{"taxonomy":"post_tag","embeddable":true,"href":"https:\/\/noticiasregionais.com.br\/index.php?rest_route=%2Fwp%2Fv2%2Ftags&post=14087"}],"curies":[{"name":"wp","href":"https:\/\/api.w.org\/{rel}","templated":true}]}}