{"id":1413,"date":"2023-12-05T07:57:29","date_gmt":"2023-12-05T10:57:29","guid":{"rendered":"https:\/\/noticiasregionais.com.br\/?p=1413"},"modified":"2023-12-05T07:57:41","modified_gmt":"2023-12-05T10:57:41","slug":"sae-realiza-sipat-2023-com-participacao-macica-de-seus-colaboradores","status":"publish","type":"post","link":"https:\/\/noticiasregionais.com.br\/?p=1413","title":{"rendered":"SAE realiza SIPAT 2023 com participa\u00e7\u00e3o maci\u00e7a de seus colaboradores"},"content":{"rendered":"\n<p>Entre os dias 27 de novembro e 01 de dezembro a CIPA (Comiss\u00e3o Interna de Preven\u00e7\u00e3o a Acidentes) da SAE promoveu a Sipat (Semana Interna de Preven\u00e7\u00e3o a Acidentes de Trabalho) 2023. Os eventos e palestras se mostraram um sucesso com participa\u00e7\u00e3o maci\u00e7a de servidores, que lotaram o audit\u00f3rio da SAE. A programa\u00e7\u00e3o deste ano contou com cinco palestras, abordando temas como sa\u00fade, ass\u00e9dio e manuseio de produtos.<\/p>\n\n\n\n<figure class=\"wp-block-gallery has-nested-images columns-default is-cropped wp-block-gallery-1 is-layout-flex wp-block-gallery-is-layout-flex\">\n<figure class=\"wp-block-image size-medium\"><img decoding=\"async\" width=\"300\" height=\"178\" data-id=\"1415\" src=\"https:\/\/noticiasregionais.com.br\/wp-content\/uploads\/2023\/12\/WhatsApp-Image-2023-12-01-at-13.52.43-300x178.webp\" alt=\"\" class=\"wp-image-1415\" srcset=\"https:\/\/noticiasregionais.com.br\/wp-content\/uploads\/2023\/12\/WhatsApp-Image-2023-12-01-at-13.52.43-300x178.webp 300w, https:\/\/noticiasregionais.com.br\/wp-content\/uploads\/2023\/12\/WhatsApp-Image-2023-12-01-at-13.52.43.webp 600w\" sizes=\"(max-width: 300px) 100vw, 300px\" \/><\/figure>\n\n\n\n<figure class=\"wp-block-image size-medium\"><img decoding=\"async\" width=\"300\" height=\"225\" data-id=\"1414\" src=\"https:\/\/noticiasregionais.com.br\/wp-content\/uploads\/2023\/12\/WhatsApp-Image-2023-12-01-at-13.52.44-1-1024x768-1-300x225.webp\" alt=\"\" class=\"wp-image-1414\" srcset=\"https:\/\/noticiasregionais.com.br\/wp-content\/uploads\/2023\/12\/WhatsApp-Image-2023-12-01-at-13.52.44-1-1024x768-1-300x225.webp 300w, https:\/\/noticiasregionais.com.br\/wp-content\/uploads\/2023\/12\/WhatsApp-Image-2023-12-01-at-13.52.44-1-1024x768-1-768x576.webp 768w, https:\/\/noticiasregionais.com.br\/wp-content\/uploads\/2023\/12\/WhatsApp-Image-2023-12-01-at-13.52.44-1-1024x768-1.webp 1024w\" sizes=\"(max-width: 300px) 100vw, 300px\" \/><\/figure>\n\n\n\n<figure class=\"wp-block-image size-medium\"><img decoding=\"async\" width=\"300\" height=\"225\" data-id=\"1416\" src=\"https:\/\/noticiasregionais.com.br\/wp-content\/uploads\/2023\/12\/WhatsApp-Image-2023-12-01-at-13.52.44-1024x768-1-300x225.webp\" alt=\"\" class=\"wp-image-1416\" srcset=\"https:\/\/noticiasregionais.com.br\/wp-content\/uploads\/2023\/12\/WhatsApp-Image-2023-12-01-at-13.52.44-1024x768-1-300x225.webp 300w, https:\/\/noticiasregionais.com.br\/wp-content\/uploads\/2023\/12\/WhatsApp-Image-2023-12-01-at-13.52.44-1024x768-1-768x576.webp 768w, https:\/\/noticiasregionais.com.br\/wp-content\/uploads\/2023\/12\/WhatsApp-Image-2023-12-01-at-13.52.44-1024x768-1.webp 1024w\" sizes=\"(max-width: 300px) 100vw, 300px\" \/><\/figure>\n<\/figure>\n\n\n\n<p>As palestras come\u00e7aram segunda-feira (27) com o enfermeiro Bruno Porf\u00edrio orientando os servidores sobre primeiros socorros no ambiente de trabalho. No dia 29, Sa\u00fade e Vida de Qualidade do Trabalhador foi o tema da palestra com o Cardiologista Alexandre S\u00e1vio Gomes de Mattos. Dia 30, Giovanni Fantinati Lazanha e Vinicius Masiero Oliveira falaram sobre Riscos e Cuidados no Manuseio de Produtos Quimicos.<\/p>\n\n\n\n<p>Na sequ\u00eancia, o Ass\u00e9dio no Trabalho foi abordado pelo Advogado Diogo Mariano Carvalho de Oliveira. A \u00faltima palestra do evento foi do T\u00e9cnico em Seguran\u00e7a do Trabalho An\u00edbal de Moura J\u00fanior sobre Preven\u00e7\u00e3o no Ambiente do Trabalho.<\/p>\n<input type=\"hidden\" id=\"baseurl\" value=\"https:\/\/noticiasregionais.com.br\"><input type=\"hidden\" id=\"audio_nonce\" value=\"533fbb67b1\">","protected":false},"excerpt":{"rendered":"<p>Entre os dias 27 de novembro e 01 de dezembro a CIPA (Comiss\u00e3o Interna de Preven\u00e7\u00e3o a Acidentes) da SAE&hellip;<\/p>\n","protected":false},"author":1,"featured_media":1417,"comment_status":"closed","ping_status":"open","sticky":false,"template":"","format":"standard","meta":{"sfsi_plus_gutenberg_text_before_share":"","sfsi_plus_gutenberg_show_text_before_share":"","sfsi_plus_gutenberg_icon_type":"","sfsi_plus_gutenberg_icon_alignemt":"","sfsi_plus_gutenburg_max_per_row":"","footnotes":""},"categories":[5,12,1],"tags":[],"class_list":["post-1413","post","type-post","status-publish","format-standard","has-post-thumbnail","hentry","category-ourinhos","category-capa","category-noticias"],"_links":{"self":[{"href":"https:\/\/noticiasregionais.com.br\/index.php?rest_route=\/wp\/v2\/posts\/1413","targetHints":{"allow":["GET"]}}],"collection":[{"href":"https:\/\/noticiasregionais.com.br\/index.php?rest_route=\/wp\/v2\/posts"}],"about":[{"href":"https:\/\/noticiasregionais.com.br\/index.php?rest_route=\/wp\/v2\/types\/post"}],"author":[{"embeddable":true,"href":"https:\/\/noticiasregionais.com.br\/index.php?rest_route=\/wp\/v2\/users\/1"}],"replies":[{"embeddable":true,"href":"https:\/\/noticiasregionais.com.br\/index.php?rest_route=%2Fwp%2Fv2%2Fcomments&post=1413"}],"version-history":[{"count":1,"href":"https:\/\/noticiasregionais.com.br\/index.php?rest_route=\/wp\/v2\/posts\/1413\/revisions"}],"predecessor-version":[{"id":1418,"href":"https:\/\/noticiasregionais.com.br\/index.php?rest_route=\/wp\/v2\/posts\/1413\/revisions\/1418"}],"wp:featuredmedia":[{"embeddable":true,"href":"https:\/\/noticiasregionais.com.br\/index.php?rest_route=\/wp\/v2\/media\/1417"}],"wp:attachment":[{"href":"https:\/\/noticiasregionais.com.br\/index.php?rest_route=%2Fwp%2Fv2%2Fmedia&parent=1413"}],"wp:term":[{"taxonomy":"category","embeddable":true,"href":"https:\/\/noticiasregionais.com.br\/index.php?rest_route=%2Fwp%2Fv2%2Fcategories&post=1413"},{"taxonomy":"post_tag","embeddable":true,"href":"https:\/\/noticiasregionais.com.br\/index.php?rest_route=%2Fwp%2Fv2%2Ftags&post=1413"}],"curies":[{"name":"wp","href":"https:\/\/api.w.org\/{rel}","templated":true}]}}