{"id":1422,"date":"2023-12-06T07:39:59","date_gmt":"2023-12-06T10:39:59","guid":{"rendered":"https:\/\/noticiasregionais.com.br\/?p=1422"},"modified":"2023-12-06T07:40:10","modified_gmt":"2023-12-06T10:40:10","slug":"governo-lula-estuda-proibir-cursos-de-licenciatura-100-ead","status":"publish","type":"post","link":"https:\/\/noticiasregionais.com.br\/?p=1422","title":{"rendered":"Governo Lula estuda proibir cursos de licenciatura 100% EAD"},"content":{"rendered":"\n<p>O ministro da Educa\u00e7\u00e3o Camilo Santana afirmou, nesta ter\u00e7a-feira (5), que o governo Lula cogita proibir que cursos de licenciatura tenham 100% da carga hor\u00e1ria na modalidade de ensino \u00e0 dist\u00e2ncia (EaD) e planeja outras mudan\u00e7as nos de forma\u00e7\u00e3o de professores online.<\/p>\n\n\n\n<p>Para o ministro, o momento \u00e9 de avalia\u00e7\u00e3o dos cursos de licenciatura n\u00e3o presenciais, que em novembro tiveram as autoriza\u00e7\u00f5es para novos cursos 100% EaD suspensas por 90 dias.<\/p>\n\n\n\n<p>\u201cA ideia do minist\u00e9rio \u00e9 n\u00e3o permitir mais cursos sempre EAD. Ent\u00e3o, vamos definir se v\u00e3o ser 50%, 30% [da carga hor\u00e1ria].\u201d<\/p>\n\n\n\n<p>A informa\u00e7\u00e3o foi manifestada pelo ministro em entrevista coletiva \u00e0 imprensa ontem (5) ap\u00f3s a divulga\u00e7\u00e3o do Pisa 2022, que analisou a evolu\u00e7\u00e3o dos estudantes entre os anos de 2018 a 2022.<\/p>\n\n\n\n<p>Segundo o ministro, uma das suas propostas para o Brasil melhorar os resultados de aprendizagem dos alunos \u00e9 valorizar a forma\u00e7\u00e3o de professores.<\/p>\n\n\n\n<p>Para isso, ele acredita, seria necess\u00e1rio acabar com cursos \u00e0 dist\u00e2ncia nessa \u00e1rea. Atualmente, 6 em 10 professores formados no pa\u00eds fizeram curso a dist\u00e2ncia.<\/p>\n\n\n\n<p>Estamos com uma equipe t\u00e9cnica avaliando, mas pelo menos a ideia do minist\u00e9rio \u00e9 n\u00e3o permitir mais curso 100% EAD nas Licenciaturas. Vamos definir, vai ser 50%, 30%\u201d, disse o ministro.<\/p>\n\n\n\n<p>\u201cO problema da forma\u00e7\u00e3o inicial \u00e9 em todas as universidades \u2013 n\u00e3o h\u00e1 distin\u00e7\u00e3o de privada, p\u00fablica \u2013 \u00e9 um problema que precisamos enfrentar\u201d, completou. Ele disse ainda que \u00e9 preciso avaliar os est\u00e1gios que s\u00e3o obrigat\u00f3rios para preparar professores e tamb\u00e9m reformular as diretrizes curriculares da forma\u00e7\u00e3o docente.<\/p>\n\n\n\n<p>O Minist\u00e9rio da Educa\u00e7\u00e3o (MEC) publicou na semana passada portaria que suspende os processos de autoriza\u00e7\u00e3o de novos cursos a dist\u00e2ncia de 17 \u00e1reas, entre elas Direito, Medicina e todas as licenciaturas.<\/p>\n\n\n\n<p>O ritmo de cria\u00e7\u00e3o de novos cursos superiores \u00e0 dist\u00e2ncia aumentou a partir de 2018, impulsionado pela edi\u00e7\u00e3o de decreto do ex-presidente Michel Temer (MDB) no ano anterior. A norma flexibilizou a abertura faculdades \u00e0 dist\u00e2ncia dist\u00e2ncia. Desde ent\u00e3o, houve crescimento de 189,1% na oferta de cursos nessa modalidade.<\/p>\n\n\n\n<p>A presidente do Semesp, L\u00facia Teixeira, contestou: \u201c\u00c9 preciso avaliar e supervisionar as institui\u00e7\u00f5es que n\u00e3o oferecem qualidade, mas \u00e9 preciso valorizar aquelas que praticam um ensino de excel\u00eancia\u201d, declarou, em nota a representante da entidade que representa mantenedoras de ensino superior privado.<\/p>\n\n\n\n<p>\u201cO Pa\u00eds tamb\u00e9m n\u00e3o pode ignorar que h\u00e1 2 mil munic\u00edpios brasileiros que possuem apenas a modalidade EAD como alternativa de ensino superior, e as popula\u00e7\u00f5es dessas comunidades n\u00e3o podem ser prejudicadas por qualquer decis\u00e3o intempestiva.\u201d<\/p>\n\n\n\n<p>Associa\u00e7\u00f5es que integram o movimento eadinclui.org.br, de defesa da educa\u00e7\u00e3o a dist\u00e2ncia, pedem que o MEC reavalie a decis\u00e3o e \u201cpromova di\u00e1logo mais amplo com as institui\u00e7\u00f5es\u201d. Para elas, a medida \u201csuscita incertezas\u201d e deixa \u201cem alerta mais de 2 milh\u00f5es de estudantes das \u00e1reas afetadas\u201d.<\/p>\n\n\n\n<p>Outro ponto \u00e9 que o resultado ruim do Pisa n\u00e3o \u00e9 um \u2018fen\u00f4meno\u2019 que surgiu ap\u00f3s a prolifera\u00e7\u00e3o de cursos \u00e0 dist\u00e2ncia. Basicamente, o Brasil ocupa as \u00faltimas posi\u00e7\u00f5es da avalia\u00e7\u00e3o desde a primeira vez que se submeteu ao teste, no fim dos anos 90, mesmo aumentando o or\u00e7amento para educa\u00e7\u00e3o.<\/p>\n<input type=\"hidden\" id=\"baseurl\" value=\"https:\/\/noticiasregionais.com.br\"><input type=\"hidden\" id=\"audio_nonce\" value=\"533fbb67b1\">","protected":false},"excerpt":{"rendered":"<p>O ministro da Educa\u00e7\u00e3o Camilo Santana afirmou, nesta ter\u00e7a-feira (5), que o governo Lula cogita proibir que cursos de licenciatura&hellip;<\/p>\n","protected":false},"author":1,"featured_media":1423,"comment_status":"closed","ping_status":"open","sticky":false,"template":"","format":"standard","meta":{"sfsi_plus_gutenberg_text_before_share":"","sfsi_plus_gutenberg_show_text_before_share":"","sfsi_plus_gutenberg_icon_type":"","sfsi_plus_gutenberg_icon_alignemt":"","sfsi_plus_gutenburg_max_per_row":"","footnotes":""},"categories":[8,10,1],"tags":[],"class_list":["post-1422","post","type-post","status-publish","format-standard","has-post-thumbnail","hentry","category-brasil","category-destaques","category-noticias"],"_links":{"self":[{"href":"https:\/\/noticiasregionais.com.br\/index.php?rest_route=\/wp\/v2\/posts\/1422","targetHints":{"allow":["GET"]}}],"collection":[{"href":"https:\/\/noticiasregionais.com.br\/index.php?rest_route=\/wp\/v2\/posts"}],"about":[{"href":"https:\/\/noticiasregionais.com.br\/index.php?rest_route=\/wp\/v2\/types\/post"}],"author":[{"embeddable":true,"href":"https:\/\/noticiasregionais.com.br\/index.php?rest_route=\/wp\/v2\/users\/1"}],"replies":[{"embeddable":true,"href":"https:\/\/noticiasregionais.com.br\/index.php?rest_route=%2Fwp%2Fv2%2Fcomments&post=1422"}],"version-history":[{"count":1,"href":"https:\/\/noticiasregionais.com.br\/index.php?rest_route=\/wp\/v2\/posts\/1422\/revisions"}],"predecessor-version":[{"id":1424,"href":"https:\/\/noticiasregionais.com.br\/index.php?rest_route=\/wp\/v2\/posts\/1422\/revisions\/1424"}],"wp:featuredmedia":[{"embeddable":true,"href":"https:\/\/noticiasregionais.com.br\/index.php?rest_route=\/wp\/v2\/media\/1423"}],"wp:attachment":[{"href":"https:\/\/noticiasregionais.com.br\/index.php?rest_route=%2Fwp%2Fv2%2Fmedia&parent=1422"}],"wp:term":[{"taxonomy":"category","embeddable":true,"href":"https:\/\/noticiasregionais.com.br\/index.php?rest_route=%2Fwp%2Fv2%2Fcategories&post=1422"},{"taxonomy":"post_tag","embeddable":true,"href":"https:\/\/noticiasregionais.com.br\/index.php?rest_route=%2Fwp%2Fv2%2Ftags&post=1422"}],"curies":[{"name":"wp","href":"https:\/\/api.w.org\/{rel}","templated":true}]}}