{"id":1425,"date":"2023-12-06T09:38:20","date_gmt":"2023-12-06T12:38:20","guid":{"rendered":"https:\/\/noticiasregionais.com.br\/?p=1425"},"modified":"2023-12-06T09:38:32","modified_gmt":"2023-12-06T12:38:32","slug":"prefeitura-inicia-entrega-dos-cordoes-de-girassois-para-pessoas-com-deficiencia","status":"publish","type":"post","link":"https:\/\/noticiasregionais.com.br\/?p=1425","title":{"rendered":"Prefeitura inicia entrega dos cord\u00f5es de girass\u00f3is para pessoas com defici\u00eancia"},"content":{"rendered":"\n<p>A Secretaria de Inclus\u00e3o j\u00e1 iniciou a entrega dos cord\u00f5es de girass\u00f3is para as pessoas com defici\u00eancia oculta do munic\u00edpio. Os cord\u00f5es servem para identificar pessoas que possuem defici\u00eancia oculta ou que n\u00e3o podem ser identificadas de forma imediata.<\/p>\n\n\n\n<p>A aquisi\u00e7\u00e3o dos cord\u00f5es foi feita em parceria com a R\u00e1dio Melodia e a distribui\u00e7\u00e3o est\u00e1 sendo realizada de forma totalmente gratuita e est\u00e1 prevista na Lei 14.624, sancionada em julho de 2023, que formaliza o uso nacional da fita com desenhos de girass\u00f3is como s\u00edmbolo de identifica\u00e7\u00e3o das pessoas com autismo e defici\u00eancias ocultas.<\/p>\n\n\n\n<p>J\u00e1 na primeira semana houve uma grande procura pelos cord\u00f5es que sinalizam a prefer\u00eancia de atendimento e suporte diferenciado a pessoas em caso de surdez, Transtorno do Espectro Autista (TEA), Transtorno de D\u00e9ficit de Aten\u00e7\u00e3o e Hiperatividade (TDAH) entre outras defici\u00eancias ocultas.<\/p>\n\n\n\n<p>As pessoas com defici\u00eancia interessados precisam apresentar uma c\u00f3pia do laudo m\u00e9dico podendo retirar o cord\u00e3o na Secretaria de Inclus\u00e3o situada \u00e0 Avenida Ant\u00f4nio de Almeida, 685.<\/p>\n<input type=\"hidden\" id=\"baseurl\" value=\"https:\/\/noticiasregionais.com.br\"><input type=\"hidden\" id=\"audio_nonce\" value=\"533fbb67b1\">","protected":false},"excerpt":{"rendered":"<p>A Secretaria de Inclus\u00e3o j\u00e1 iniciou a entrega dos cord\u00f5es de girass\u00f3is para as pessoas com defici\u00eancia oculta do munic\u00edpio.&hellip;<\/p>\n","protected":false},"author":1,"featured_media":1426,"comment_status":"closed","ping_status":"open","sticky":false,"template":"","format":"standard","meta":{"sfsi_plus_gutenberg_text_before_share":"","sfsi_plus_gutenberg_show_text_before_share":"","sfsi_plus_gutenberg_icon_type":"","sfsi_plus_gutenberg_icon_alignemt":"","sfsi_plus_gutenburg_max_per_row":"","footnotes":""},"categories":[5,10,1],"tags":[],"class_list":["post-1425","post","type-post","status-publish","format-standard","has-post-thumbnail","hentry","category-ourinhos","category-destaques","category-noticias"],"_links":{"self":[{"href":"https:\/\/noticiasregionais.com.br\/index.php?rest_route=\/wp\/v2\/posts\/1425","targetHints":{"allow":["GET"]}}],"collection":[{"href":"https:\/\/noticiasregionais.com.br\/index.php?rest_route=\/wp\/v2\/posts"}],"about":[{"href":"https:\/\/noticiasregionais.com.br\/index.php?rest_route=\/wp\/v2\/types\/post"}],"author":[{"embeddable":true,"href":"https:\/\/noticiasregionais.com.br\/index.php?rest_route=\/wp\/v2\/users\/1"}],"replies":[{"embeddable":true,"href":"https:\/\/noticiasregionais.com.br\/index.php?rest_route=%2Fwp%2Fv2%2Fcomments&post=1425"}],"version-history":[{"count":1,"href":"https:\/\/noticiasregionais.com.br\/index.php?rest_route=\/wp\/v2\/posts\/1425\/revisions"}],"predecessor-version":[{"id":1427,"href":"https:\/\/noticiasregionais.com.br\/index.php?rest_route=\/wp\/v2\/posts\/1425\/revisions\/1427"}],"wp:featuredmedia":[{"embeddable":true,"href":"https:\/\/noticiasregionais.com.br\/index.php?rest_route=\/wp\/v2\/media\/1426"}],"wp:attachment":[{"href":"https:\/\/noticiasregionais.com.br\/index.php?rest_route=%2Fwp%2Fv2%2Fmedia&parent=1425"}],"wp:term":[{"taxonomy":"category","embeddable":true,"href":"https:\/\/noticiasregionais.com.br\/index.php?rest_route=%2Fwp%2Fv2%2Fcategories&post=1425"},{"taxonomy":"post_tag","embeddable":true,"href":"https:\/\/noticiasregionais.com.br\/index.php?rest_route=%2Fwp%2Fv2%2Ftags&post=1425"}],"curies":[{"name":"wp","href":"https:\/\/api.w.org\/{rel}","templated":true}]}}