{"id":1431,"date":"2023-12-06T11:07:58","date_gmt":"2023-12-06T14:07:58","guid":{"rendered":"https:\/\/noticiasregionais.com.br\/?p=1431"},"modified":"2023-12-06T11:08:01","modified_gmt":"2023-12-06T14:08:01","slug":"novembro-bate-recorde-de-calor-para-o-mes-e-2023-sera-ano-mais-quente-da-historia","status":"publish","type":"post","link":"https:\/\/noticiasregionais.com.br\/?p=1431","title":{"rendered":"Novembro bate recorde de calor para o m\u00eas, e 2023 ser\u00e1 ano mais quente da hist\u00f3ria"},"content":{"rendered":"\n<p class=\"has-text-align-center\"><strong>Segundo o Copernicus, a temperatura m\u00e9dia da superf\u00edcie em novembro foi de 14,22\u00b0C, cerca de 0,85\u00b0C acima da m\u00e9dia do per\u00edodo de 1991 a 2020<\/strong><\/p>\n\n\n\n<p>Come\u00e7ou este ano com junho. Depois vieram julho, agosto, setembro e outubro. Agora \u00e9 a vez de novembro. O m\u00eas passado foi o novembro mais quente j\u00e1 registrado na Terra, segundo o sistema Copernicus Climate Change. O planeta caminha, em meio \u00e0 crise clim\u00e1tica, para ter 2023 como o ano mais quente da hist\u00f3ria, aponta o observat\u00f3rio europeu.<\/p>\n\n\n\n<p>Os outros meses de 2023 tamb\u00e9m se encontram, no m\u00ednimo, entre os dez mais quentes &#8211; sempre em rela\u00e7\u00e3o ao mesmo per\u00edodo em outros anos.<\/p>\n\n\n\n<p>Segundo o Copernicus, a temperatura m\u00e9dia da superf\u00edcie em novembro foi de 14,22\u00b0C, cerca de 0,85\u00b0C acima da m\u00e9dia do per\u00edodo de 1991 a 2020. O valor \u00e9 0,32\u00b0C acima do recorde anterior para o m\u00eas, em 2020.<\/p>\n\n\n\n<p>&#8220;As temperaturas extraordin\u00e1rias de novembro em todo o mundo, incluindo dois dias mais quentes do que 2\u00baC acima [da m\u00e9dia de temperatura] do per\u00edodo pr\u00e9-industrial, significam que 2023 \u00e9 o ano mais quente da hist\u00f3ria&#8221;, diz Samantha Burgess, diretora-adjunta do Copernicus Climate Change Service.<\/p>\n\n\n\n<p>Em rela\u00e7\u00e3o \u00e0 temperatura m\u00e9dia dos meses de novembro do per\u00edodo pr\u00e9-industrial (1850-1900), a medi\u00e7\u00e3o fora do comum em novembro de 2023 \u00e9 ainda mais pronunciada: o m\u00eas foi cerca de 1,75\u00b0C mais quente.<\/p>\n\n\n\n<p>De janeiro at\u00e9 novembro, a temperatura m\u00e9dia registrada no planeta foi a maior j\u00e1 vista, com 1,46\u00b0C acima da temperatura m\u00e9dia do per\u00edodo pr\u00e9-industrial. O valor tamb\u00e9m j\u00e1 supera o que tivemos na m\u00e9dia dos onze primeiros meses de 2016, o ano mais quente j\u00e1 registrado at\u00e9 aqui.<\/p>\n\n\n\n<p>O Acordo de Paris, concretizado em 2015, estipula que a humanidade deve fazer esfor\u00e7os para n\u00e3o ultrapassar os 2\u00b0C de aumento de temperatura m\u00e9dia da Terra, mas preferencialmente ficar abaixo de 1,5\u00b0C.<\/p>\n\n\n\n<p>Apesar dos dados para o ano atual, isso n\u00e3o necessariamente significa que as metas do Acordo de Paris n\u00e3o tenham sido atingidas, considerando que o acordo trata de per\u00edodos mais longos de tempo. Mesmo assim, a situa\u00e7\u00e3o que se apresenta somada aos compromissos clim\u00e1ticos atuais dos pa\u00edses tornam distante a meta de manter o aquecimento planet\u00e1rio abaixo do 1,5\u00b0C.<\/p>\n\n\n\n<p>Tamb\u00e9m levado em conta pelo Copernicus, o El Ni\u00f1o \u00e9 um evento que impacta as temperaturas da superf\u00edcie do oceano Pac\u00edfico Equatorial ?provocando diversos efeitos clim\u00e1ticos em outras regi\u00f5es?, mas, segundo o observat\u00f3rio europeu, as anomalias vistas, para as mesmas \u00e9pocas do ano, s\u00e3o menores do que as registradas no forte evento de 2015.<\/p>\n\n\n\n<p>Os dados do Copernicus saem em meio \u00e0s negocia\u00e7\u00f5es clim\u00e1ticas na COP28, a confer\u00eancia da ONU sobre mudan\u00e7as clim\u00e1ticas, em Dubai, na qual se discute os poss\u00edveis destinos para os combust\u00edveis f\u00f3sseis ?como &#8220;reduzir&#8221; ou &#8220;eliminar&#8221;?, em meio a um recorde de presen\u00e7a de lobistas dos f\u00f3sseis.<\/p>\n\n\n\n<p>A atual COP tamb\u00e9m j\u00e1 ficou marcada pelo seu presidente, o Sultan al-Jaber, presidente da Adnoc, petroleira estatal dos Emirados \u00c1rabes Unidos, que demonstrou negacionismo em rela\u00e7\u00e3o \u00e0 ci\u00eancia que guia a quest\u00e3o clim\u00e1tica. O jornal brit\u00e2nico The Guardian revelou uma videoconfer\u00eancia em que al-Jaber diz n\u00e3o haver ci\u00eancia por tr\u00e1s da meta de elimina\u00e7\u00e3o dos combust\u00edveis f\u00f3sseis ?o que \u00e9 falso.<\/p>\n\n\n\n<p>Ap\u00f3s a revela\u00e7\u00e3o, o presidente da COP28 convocou uma entrevista coletiva junto ao presidente do IPCC (Painel Intergovernamental sobre Mudan\u00e7as Clim\u00e1ticas), Jim Skea. Nessa, al-Jaber afirmou respeito \u00e0 ci\u00eancia e disse que focaria nas negocia\u00e7\u00f5es. Skea, por sua vez, destacou os dados sobre o abandono gradual dos combust\u00edveis f\u00f3sseis.<\/p>\n\n\n\n<p>N\u00e3o \u00e9 somente o Copernicus que aponta que 2023 ser\u00e1 o ano mais quente da hist\u00f3ria. Durante a COP28, foi divulgada uma an\u00e1lise da OMM (Organiza\u00e7\u00e3o Meteorol\u00f3gica Mundial), ligada \u00e0 ONU, que chega \u00e0 mesma conclus\u00e3o.<\/p>\n\n\n\n<p>Segundo a an\u00e1lise da OMM, o ano atual deve registrar uma m\u00e9dia de temperatura 1,4\u00b0C acima dos n\u00edveis pr\u00e9-industriais, o que se soma a &#8220;uma cacofonia ensurdecedora&#8221; de recordes clim\u00e1ticos quebrados, como citado mais acima.<\/p>\n\n\n\n<p>&#8220;Enquanto as concentra\u00e7\u00f5es de gases de efeito estufa continuarem aumentando, n\u00e3o podemos esperar resultados diferentes dos observados este ano. A temperatura continuar\u00e1 subindo e os impactos de ondas de calor e secas tamb\u00e9m aumentar\u00e3o&#8221;, diz Carlo Buontempo, diretor do Copernicus Climate Change Service.<\/p>\n\n\n\n<p>Um relat\u00f3rio divulgado esta semana projeta que 2023 ter\u00e1 o recorde de emiss\u00f5es globais por combust\u00edveis f\u00f3sseis.<\/p>\n\n\n\n<p>De modo geral, o Copernicus tem dados dispon\u00edveis a partir de 1940. Por\u00e9m, Burgess, diretora-adjunta do Copernicus Climate Change Service, apontou, recentemente, que o potencial de an\u00e1lise hist\u00f3rica das temperaturas vai bem al\u00e9m disso.<\/p>\n\n\n\n<p>&#8220;Quando combinamos nossos dados com o IPCC, podemos dizer que este \u00e9 o ano mais quente dos \u00faltimos 125 mil anos&#8221;, afirmou Burgess.<\/p>\n<input type=\"hidden\" id=\"baseurl\" value=\"https:\/\/noticiasregionais.com.br\"><input type=\"hidden\" id=\"audio_nonce\" value=\"533fbb67b1\">","protected":false},"excerpt":{"rendered":"<p>Segundo o Copernicus, a temperatura m\u00e9dia da superf\u00edcie em novembro foi de 14,22\u00b0C, cerca de 0,85\u00b0C acima da m\u00e9dia do&hellip;<\/p>\n","protected":false},"author":1,"featured_media":1432,"comment_status":"closed","ping_status":"open","sticky":false,"template":"","format":"standard","meta":{"sfsi_plus_gutenberg_text_before_share":"","sfsi_plus_gutenberg_show_text_before_share":"","sfsi_plus_gutenberg_icon_type":"","sfsi_plus_gutenberg_icon_alignemt":"","sfsi_plus_gutenburg_max_per_row":"","footnotes":""},"categories":[8,12,1],"tags":[],"class_list":["post-1431","post","type-post","status-publish","format-standard","has-post-thumbnail","hentry","category-brasil","category-capa","category-noticias"],"_links":{"self":[{"href":"https:\/\/noticiasregionais.com.br\/index.php?rest_route=\/wp\/v2\/posts\/1431","targetHints":{"allow":["GET"]}}],"collection":[{"href":"https:\/\/noticiasregionais.com.br\/index.php?rest_route=\/wp\/v2\/posts"}],"about":[{"href":"https:\/\/noticiasregionais.com.br\/index.php?rest_route=\/wp\/v2\/types\/post"}],"author":[{"embeddable":true,"href":"https:\/\/noticiasregionais.com.br\/index.php?rest_route=\/wp\/v2\/users\/1"}],"replies":[{"embeddable":true,"href":"https:\/\/noticiasregionais.com.br\/index.php?rest_route=%2Fwp%2Fv2%2Fcomments&post=1431"}],"version-history":[{"count":1,"href":"https:\/\/noticiasregionais.com.br\/index.php?rest_route=\/wp\/v2\/posts\/1431\/revisions"}],"predecessor-version":[{"id":1433,"href":"https:\/\/noticiasregionais.com.br\/index.php?rest_route=\/wp\/v2\/posts\/1431\/revisions\/1433"}],"wp:featuredmedia":[{"embeddable":true,"href":"https:\/\/noticiasregionais.com.br\/index.php?rest_route=\/wp\/v2\/media\/1432"}],"wp:attachment":[{"href":"https:\/\/noticiasregionais.com.br\/index.php?rest_route=%2Fwp%2Fv2%2Fmedia&parent=1431"}],"wp:term":[{"taxonomy":"category","embeddable":true,"href":"https:\/\/noticiasregionais.com.br\/index.php?rest_route=%2Fwp%2Fv2%2Fcategories&post=1431"},{"taxonomy":"post_tag","embeddable":true,"href":"https:\/\/noticiasregionais.com.br\/index.php?rest_route=%2Fwp%2Fv2%2Ftags&post=1431"}],"curies":[{"name":"wp","href":"https:\/\/api.w.org\/{rel}","templated":true}]}}