{"id":1437,"date":"2023-12-07T07:06:27","date_gmt":"2023-12-07T10:06:27","guid":{"rendered":"https:\/\/noticiasregionais.com.br\/?p=1437"},"modified":"2023-12-07T07:06:30","modified_gmt":"2023-12-07T10:06:30","slug":"policia-fecha-fabrica-clandestina-com-mais-de-200-garrafas-de-bebidas-falsas","status":"publish","type":"post","link":"https:\/\/noticiasregionais.com.br\/?p=1437","title":{"rendered":"Pol\u00edcia fecha f\u00e1brica clandestina com mais de 200 garrafas de bebidas falsas"},"content":{"rendered":"\n<p>Na a\u00e7\u00e3o, mais de 2 milh\u00f5es de adesivos, tampas e 766 vasilhas foram apreendidas; um homem foi preso<br>Um homem, de 21 anos, foi preso durante a tarde desta ter\u00e7a-feira (05) por manter uma f\u00e1brica clandestina usada para produzir bebidas falsificadas, no bairro Fazendinha, em Santana do Parna\u00edba. A pris\u00e3o do suspeito aconteceu no local, onde 219 garrafas e 766 vasilhas foram apreendidas.<\/p>\n\n\n\n<p>Policiais civis foram informados sobre um com\u00e9rcio da regi\u00e3o usado para a fabrica\u00e7\u00e3o e venda de bebida falsa. Ap\u00f3s trabalhos de intelig\u00eancia, a equipe foi ao local, e o suspeito autorizou a entrada.<\/p>\n\n\n\n<p>No local, os agentes encontraram a f\u00e1brica na garagem do im\u00f3vel. Foram apreendidas 219 garrafas com bebida falsificada, j\u00e1 embalada para a venda, mais de 2 milh\u00f5es de adesivos e tampas, al\u00e9m de 25 gal\u00f5es vazios e 766 vasilhas, carimbos e uma m\u00e1quina usada para lacrar as garrafas.<\/p>\n\n\n\n<p>O caso foi registrado na Delegacia de Santana de Parna\u00edba como falsifica\u00e7\u00e3o, corrup\u00e7\u00e3o, adultera\u00e7\u00e3o ou altera\u00e7\u00e3o de produto destinado a fins terap\u00eauticos ou medicinais e localiza\u00e7\u00e3o e apreens\u00e3o de objeto e ve\u00edculo.<\/p>\n\n\n\n<p><strong><sub>fonte: Secretaria de Seguran\u00e7a P\u00fablica de S\u00e3o Paulo<\/sub><\/strong><\/p>\n\n\n\n<figure class=\"wp-block-image size-large\"><img decoding=\"async\" width=\"1024\" height=\"468\" src=\"https:\/\/noticiasregionais.com.br\/wp-content\/uploads\/2023\/12\/Lacres-e-rotulos-1024x468.jpg\" alt=\"\" class=\"wp-image-1438\" srcset=\"https:\/\/noticiasregionais.com.br\/wp-content\/uploads\/2023\/12\/Lacres-e-rotulos-1024x468.jpg 1024w, https:\/\/noticiasregionais.com.br\/wp-content\/uploads\/2023\/12\/Lacres-e-rotulos-300x137.jpg 300w, https:\/\/noticiasregionais.com.br\/wp-content\/uploads\/2023\/12\/Lacres-e-rotulos-768x351.jpg 768w, https:\/\/noticiasregionais.com.br\/wp-content\/uploads\/2023\/12\/Lacres-e-rotulos-1536x702.jpg 1536w, https:\/\/noticiasregionais.com.br\/wp-content\/uploads\/2023\/12\/Lacres-e-rotulos.jpg 1591w\" sizes=\"(max-width: 1024px) 100vw, 1024px\" \/><\/figure>\n<input type=\"hidden\" id=\"baseurl\" value=\"https:\/\/noticiasregionais.com.br\"><input type=\"hidden\" id=\"audio_nonce\" value=\"533fbb67b1\">","protected":false},"excerpt":{"rendered":"<p>Na a\u00e7\u00e3o, mais de 2 milh\u00f5es de adesivos, tampas e 766 vasilhas foram apreendidas; um homem foi presoUm homem, de&hellip;<\/p>\n","protected":false},"author":1,"featured_media":1439,"comment_status":"closed","ping_status":"open","sticky":false,"template":"","format":"standard","meta":{"sfsi_plus_gutenberg_text_before_share":"","sfsi_plus_gutenberg_show_text_before_share":"","sfsi_plus_gutenberg_icon_type":"","sfsi_plus_gutenberg_icon_alignemt":"","sfsi_plus_gutenburg_max_per_row":"","footnotes":""},"categories":[6,10,1],"tags":[],"class_list":["post-1437","post","type-post","status-publish","format-standard","has-post-thumbnail","hentry","category-sao_paulo","category-destaques","category-noticias"],"_links":{"self":[{"href":"https:\/\/noticiasregionais.com.br\/index.php?rest_route=\/wp\/v2\/posts\/1437","targetHints":{"allow":["GET"]}}],"collection":[{"href":"https:\/\/noticiasregionais.com.br\/index.php?rest_route=\/wp\/v2\/posts"}],"about":[{"href":"https:\/\/noticiasregionais.com.br\/index.php?rest_route=\/wp\/v2\/types\/post"}],"author":[{"embeddable":true,"href":"https:\/\/noticiasregionais.com.br\/index.php?rest_route=\/wp\/v2\/users\/1"}],"replies":[{"embeddable":true,"href":"https:\/\/noticiasregionais.com.br\/index.php?rest_route=%2Fwp%2Fv2%2Fcomments&post=1437"}],"version-history":[{"count":1,"href":"https:\/\/noticiasregionais.com.br\/index.php?rest_route=\/wp\/v2\/posts\/1437\/revisions"}],"predecessor-version":[{"id":1440,"href":"https:\/\/noticiasregionais.com.br\/index.php?rest_route=\/wp\/v2\/posts\/1437\/revisions\/1440"}],"wp:featuredmedia":[{"embeddable":true,"href":"https:\/\/noticiasregionais.com.br\/index.php?rest_route=\/wp\/v2\/media\/1439"}],"wp:attachment":[{"href":"https:\/\/noticiasregionais.com.br\/index.php?rest_route=%2Fwp%2Fv2%2Fmedia&parent=1437"}],"wp:term":[{"taxonomy":"category","embeddable":true,"href":"https:\/\/noticiasregionais.com.br\/index.php?rest_route=%2Fwp%2Fv2%2Fcategories&post=1437"},{"taxonomy":"post_tag","embeddable":true,"href":"https:\/\/noticiasregionais.com.br\/index.php?rest_route=%2Fwp%2Fv2%2Ftags&post=1437"}],"curies":[{"name":"wp","href":"https:\/\/api.w.org\/{rel}","templated":true}]}}