{"id":144,"date":"2023-09-01T23:08:41","date_gmt":"2023-09-02T02:08:41","guid":{"rendered":"https:\/\/noticiasregionais.com.br\/?p=144"},"modified":"2023-09-01T23:35:11","modified_gmt":"2023-09-02T02:35:11","slug":"homem-e-preso-em-flagrante-por-furto-qualificado-em-estabelecimento-comercial","status":"publish","type":"post","link":"https:\/\/noticiasregionais.com.br\/?p=144","title":{"rendered":"Homem \u00e9 preso em flagrante por furto qualificado em estabelecimento comercial"},"content":{"rendered":"\n<p><strong>Pacheco Chaves, 1\u00ba de setembro de 2023<\/strong> &#8211; Um homem foi preso em flagrante por furto qualificado em um estabelecimento comercial na Rua Radialista Paulo Rufino dos Santos, em Pacheco Chaves, na manh\u00e3 de ontem (31). A pris\u00e3o ocorreu por volta das 6h59min.<\/p>\n\n\n\n<p>Segundo informa\u00e7\u00f5es da Pol\u00edcia Militar, o homem teria arrombado a porta do estabelecimento e furtado uma quantia de R$ 62,50. Ele foi preso em flagrante pela equipe da PM que foi acionada para atender a ocorr\u00eancia.<\/p>\n\n\n\n<p>O homem foi conduzido \u00e0 Delegacia de Pol\u00edcia Civil de S\u00e3o Gon\u00e7alo, onde foi autuado por furto qualificado. Ele foi preso preventivamente e ser\u00e1 encaminhado ao sistema prisional.<\/p>\n\n\n\n<p>A quantia furtada foi devolvida \u00e0 v\u00edtima.<\/p>\n\n\n\n<p><strong>Sobre o crime de furto qualificado<\/strong><\/p>\n\n\n\n<p>O crime de furto qualificado \u00e9 aquele que ocorre com alguma das seguintes circunst\u00e2ncias:<\/p>\n\n\n\n<ul class=\"wp-block-list\">\n<li>Mediante destrui\u00e7\u00e3o ou rompimento de obst\u00e1culo;<\/li>\n\n\n\n<li>Com abuso de confian\u00e7a;<\/li>\n\n\n\n<li>Mediante concurso de duas ou mais pessoas;<\/li>\n\n\n\n<li>Com o emprego de chave falsa;<\/li>\n\n\n\n<li>No interior de estabelecimento comercial, durante o repouso noturno.<\/li>\n<\/ul>\n\n\n\n<p>A pena para o crime de furto qualificado \u00e9 de reclus\u00e3o de dois a oito anos, e multa.<br><br>fonte: Setor de Comunica\u00e7\u00e3o Social da PM 31\u00ba BPM-I<\/p>\n<input type=\"hidden\" id=\"baseurl\" value=\"https:\/\/noticiasregionais.com.br\"><input type=\"hidden\" id=\"audio_nonce\" value=\"533fbb67b1\">","protected":false},"excerpt":{"rendered":"<p>Pacheco Chaves, 1\u00ba de setembro de 2023 &#8211; Um homem foi preso em flagrante por furto qualificado em um estabelecimento&hellip;<\/p>\n","protected":false},"author":1,"featured_media":145,"comment_status":"closed","ping_status":"open","sticky":false,"template":"","format":"standard","meta":{"sfsi_plus_gutenberg_text_before_share":"","sfsi_plus_gutenberg_show_text_before_share":"","sfsi_plus_gutenberg_icon_type":"","sfsi_plus_gutenberg_icon_alignemt":"","sfsi_plus_gutenburg_max_per_row":"","footnotes":""},"categories":[12,1,5],"tags":[],"class_list":["post-144","post","type-post","status-publish","format-standard","has-post-thumbnail","hentry","category-capa","category-noticias","category-ourinhos"],"_links":{"self":[{"href":"https:\/\/noticiasregionais.com.br\/index.php?rest_route=\/wp\/v2\/posts\/144","targetHints":{"allow":["GET"]}}],"collection":[{"href":"https:\/\/noticiasregionais.com.br\/index.php?rest_route=\/wp\/v2\/posts"}],"about":[{"href":"https:\/\/noticiasregionais.com.br\/index.php?rest_route=\/wp\/v2\/types\/post"}],"author":[{"embeddable":true,"href":"https:\/\/noticiasregionais.com.br\/index.php?rest_route=\/wp\/v2\/users\/1"}],"replies":[{"embeddable":true,"href":"https:\/\/noticiasregionais.com.br\/index.php?rest_route=%2Fwp%2Fv2%2Fcomments&post=144"}],"version-history":[{"count":1,"href":"https:\/\/noticiasregionais.com.br\/index.php?rest_route=\/wp\/v2\/posts\/144\/revisions"}],"predecessor-version":[{"id":146,"href":"https:\/\/noticiasregionais.com.br\/index.php?rest_route=\/wp\/v2\/posts\/144\/revisions\/146"}],"wp:featuredmedia":[{"embeddable":true,"href":"https:\/\/noticiasregionais.com.br\/index.php?rest_route=\/wp\/v2\/media\/145"}],"wp:attachment":[{"href":"https:\/\/noticiasregionais.com.br\/index.php?rest_route=%2Fwp%2Fv2%2Fmedia&parent=144"}],"wp:term":[{"taxonomy":"category","embeddable":true,"href":"https:\/\/noticiasregionais.com.br\/index.php?rest_route=%2Fwp%2Fv2%2Fcategories&post=144"},{"taxonomy":"post_tag","embeddable":true,"href":"https:\/\/noticiasregionais.com.br\/index.php?rest_route=%2Fwp%2Fv2%2Ftags&post=144"}],"curies":[{"name":"wp","href":"https:\/\/api.w.org\/{rel}","templated":true}]}}