{"id":1441,"date":"2023-12-07T20:54:13","date_gmt":"2023-12-07T23:54:13","guid":{"rendered":"https:\/\/noticiasregionais.com.br\/?p=1441"},"modified":"2023-12-07T20:54:17","modified_gmt":"2023-12-07T23:54:17","slug":"pcc-pesquisou-enderecos-de-lira-e-pacheco-para-missao-aponta-investigacao-da-pf","status":"publish","type":"post","link":"https:\/\/noticiasregionais.com.br\/?p=1441","title":{"rendered":"PCC pesquisou endere\u00e7os de Lira e Pacheco para &#8216;miss\u00e3o&#8217;, aponta investiga\u00e7\u00e3o da PF"},"content":{"rendered":"\n<p class=\"has-text-align-center\"><strong>Al\u00e9m de levantar a localiza\u00e7\u00e3o das resid\u00eancias oficiais dos chefes do Congresso, o PCC enviou integrantes da fac\u00e7\u00e3o para Bras\u00edlia com o objetivo de por em pr\u00e1tica a miss\u00e3o.<\/strong><\/p>\n\n\n\n<p>Integrantes da fac\u00e7\u00e3o criminosa PCC fizeram pesquisas sobre os endere\u00e7os em Bras\u00edlia dos presidentes da C\u00e2mara, Arthur Lira (PP-AL), e do Senado, Rodrigo Pacheco (PSD-MG), com o objetivo de realizar uma miss\u00e3o, afirmam relat\u00f3rios de intelig\u00eancia do Minist\u00e9rio P\u00fablico de S\u00e3o Paulo e da Pol\u00edcia Federal.<\/p>\n\n\n\n<p>A descoberta sobre o levantamento dos endere\u00e7os foi feita pela PF durante a investiga\u00e7\u00e3o sobre o plano da maior fac\u00e7\u00e3o criminosa do Brasil para sequestrar o senador Sergio Moro (Uni\u00e3o Brasil-PR).<\/p>\n\n\n\n<p>Al\u00e9m de levantar a localiza\u00e7\u00e3o das resid\u00eancias oficiais dos chefes do Congresso, o PCC tamb\u00e9m enviou um seleto grupo de integrantes da fac\u00e7\u00e3o para Bras\u00edlia com o objetivo de por em pr\u00e1tica a miss\u00e3o, afirma o Minist\u00e9rio P\u00fablico.<\/p>\n\n\n\n<p>Ao analisar o celular apreendido com um dos alvos da investiga\u00e7\u00e3o, os analistas da PF encontraram fotos a\u00e9reas das resid\u00eancias oficiais de Lira e Pacheco, com coment\u00e1rios sobre os im\u00f3veis. Nos relat\u00f3rios de investiga\u00e7\u00e3o n\u00e3o \u00e9 mencionado qual seria exatamente a miss\u00e3o a ser executada.<\/p>\n\n\n\n<p>As imagens, diz o relat\u00f3rio do MP-SP, foram capturadas na internet no dia 29 de novembro de 2022. Elas integram material da Folha de S.Paulo sobre as resid\u00eancias oficiais das presid\u00eancias da C\u00e2mara e do Senado, publicado por ocasi\u00e3o das elei\u00e7\u00f5es para o comando do Congresso.<\/p>\n\n\n\n<p>Em mar\u00e7o de 2023, a PF deflagrou a opera\u00e7\u00e3o Sequaz, que desarticulou o plano contra o ex-juiz da Lava Jato.<\/p>\n\n\n\n<p>&#8220;Ap\u00f3s a quebra de sigilo de celulares apreendidos, encontrou imagens, com coment\u00e1rios, capturadas na internet no dia 29\/11\/2022 pelos criminosos que compunham a c\u00e9lula Restrita [esp\u00e9cie de grupo de elite criado para &#8220;situa\u00e7\u00f5es diferenciadas&#8221;] do PCC, das resid\u00eancias oficiais dos Presidentes do Senado e da C\u00e2mara dos Deputados&#8221;, diz o documento.<\/p>\n\n\n\n<p>Tamb\u00e9m foram encontrados registros no celular de pesquisa do site Trovit sobre im\u00f3veis para compra na Pen\u00ednsula dos Ministros, no Lago Sul &#8211;regi\u00e3o de Bras\u00edlia onde ficam as resid\u00eancias dos chefes do Legislativo.<\/p>\n\n\n\n<p>Para os investigadores do MP-SP, esses indicativos &#8220;demonstram que houve determina\u00e7\u00e3o da c\u00fapula para que esse setor do PCC, a c\u00e9lula Restrita, realizasse esses levantamentos das referidas autoridades da Rep\u00fablica&#8221;.<\/p>\n\n\n\n<p>O relat\u00f3rio do MP-SP tamb\u00e9m afirma que em 9 de maio deste ano, dois meses ap\u00f3s a opera\u00e7\u00e3o que mirou Moro, Janeferson Gomes, o Nefo, apontado como chefe da c\u00e9lula Restrita at\u00e9 ent\u00e3o, acionou outros integrantes do PCC para a a\u00e7\u00e3o.<\/p>\n\n\n\n<p>Ap\u00f3s ser preso pela suposta organiza\u00e7\u00e3o do atentado contra Moro, Nefo passou a destacar ao menos quatro faccionados para a miss\u00e3o em Bras\u00edlia: Sandro Olimpio, conhecido como Ciz\u00e3o, Matheus, Felipe e Neymar, cujos nomes completos os investigadores n\u00e3o conseguiram identificar at\u00e9 a produ\u00e7\u00e3o dos relat\u00f3rios.<\/p>\n\n\n\n<p>Anota\u00e7\u00f5es sobre a presta\u00e7\u00e3o de contas do grupo levantadas pelo MP-SP em Presidente Prudente mostram que em maio, junho e julho de 2023 a c\u00e9lula criada para a &#8220;miss\u00e3o em Bras\u00edlia&#8221; gastou R$ 2,5 mil por m\u00eas com o aluguel na capital federal.<\/p>\n\n\n\n<p>O im\u00f3vel &#8211;os relat\u00f3rios n\u00e3o apontam a localiza\u00e7\u00e3o&#8211; seria utilizado como base de apoio para os integrantes do PCC.<\/p>\n\n\n\n<p>Os registros tamb\u00e9m indicam o gasto do grupo com Uber utilizado por 15 dias para &#8220;correr atr\u00e1s de terreno para compra&#8221;.<\/p>\n\n\n\n<p>Com base nas anota\u00e7\u00f5es, o MP-SP afirma que em dois meses a c\u00e9lula gastou cerca de R$ 44 mil para a compra de &#8220;aparelhos celulares, aluguel de im\u00f3vel, transporte, seguro, IPTU, alimenta\u00e7\u00e3o, hospedagem, mob\u00edlia do im\u00f3vel, compra de eletroeletr\u00f4nicos, etc.&#8221;<\/p>\n\n\n\n<p>&#8220;\u00c9 poss\u00edvel verificar ainda que o dinheiro gasto com a miss\u00e3o estava sendo fornecido pela FM Baixada, c\u00e9lula que gerencia os pontos de venda de droga da organiza\u00e7\u00e3o no litoral paulista e Vale do Para\u00edba&#8221;, diz trecho do documento.<\/p>\n\n\n\n<p>O relat\u00f3rio do MP-SP tamb\u00e9m atrela a Nefo, respons\u00e1vel pelo plano contra Sergio Moro, o acesso a informa\u00e7\u00f5es sobre o funcionamento da c\u00e9lula Restrita.<\/p>\n\n\n\n<p>Segundo o MP-SP, o grupo foi criado &#8220;para atuar em situa\u00e7\u00f5es diferenciadas, de alto grau de sigilo e risco, normalmente a partir de ordens emanadas de l\u00edderes da fac\u00e7\u00e3o paulista que est\u00e3o isolados nas penitenci\u00e1rias federais&#8221;.<\/p>\n\n\n\n<p>O documento afirma ainda que as a\u00e7\u00f5es desenvolvidas por essa c\u00e9lula costumam ser &#8220;extremamente graves e de grande repercuss\u00e3o nacional, normalmente ligadas \u00e0 atentados contra autoridades e servidores graduados, n\u00e3o s\u00f3 das for\u00e7as de seguran\u00e7a, mas tamb\u00e9m do Minist\u00e9rio P\u00fablico e dos Poderes Executivo, Legislativo e Judici\u00e1rio do pa\u00eds.&#8221;<\/p>\n\n\n\n<p>No in\u00edcio de novembro, a Senappen (Secretaria Nacional de Pol\u00edticas Penais), \u00f3rg\u00e3o do Minist\u00e9rio da Justi\u00e7a e Seguran\u00e7a P\u00fablica, mudou protocolo de transfer\u00eancia de presos ap\u00f3s a descoberta de um poss\u00edvel plano para libertar Marcos Willians Herbas Camacho, o Marcola, l\u00edder do PCC, que est\u00e1 na Penitenci\u00e1ria Federal de Seguran\u00e7a M\u00e1xima de Bras\u00edlia.<\/p>\n\n\n\n<p>O grupo seleto de integrantes do PCC teria surgido em 2014, ap\u00f3s a fac\u00e7\u00e3o estabelecer uma alian\u00e7a com a guerrilha paraguaia denominada EPP (Ex\u00e9rcito do Povo Paraguaio).<\/p>\n\n\n\n<p>&#8220;Um dos pontos estabelecidos nessa alian\u00e7a, estava o treinamento de integrantes do PCC pelo grupo guerrilheiro paraguaio, na qual inclu\u00eda-se a pr\u00e1tica de tiro, conhecimento e emprego de explosivos, t\u00e1ticas e posturas adequadas para a guerra, objetivando qualificar alguns de seus homens para integrar grupos de elite, que seriam empregados em miss\u00f5es espec\u00edficas, pontuais e que necessitavam de resposta de morte&#8221;.<\/p>\n\n\n\n<p>O planejamento de atentados pelo PCC, diz o MP-SP, tem como pano de fundo a proibi\u00e7\u00e3o de visitas \u00edntimas nos pres\u00eddios federais, onde est\u00e3o detidos a maioria de suas lideran\u00e7as.<\/p>\n\n\n\n<p>Como a proibi\u00e7\u00e3o tem sido mantida h\u00e1 anos, afirmam os promotores, a fac\u00e7\u00e3o tem optado por planos para tentativas de resgate dos l\u00edderes e por atentados.<\/p>\n\n\n\n<p>&#8220;A lideran\u00e7a do PCC, durante esses 30 anos de sua exist\u00eancia, sempre optou por a\u00e7\u00f5es violentas preconizando o terror contra o Estado, quando se procurou impor limites aos seus objetivos criminosos, como ocorreu por exemplo nos atentados de maio de 2006 em S\u00e3o Paulo&#8221;, afirma o relat\u00f3rio do MP-SP.<\/p>\n\n\n\n<p><strong><sub>fonte: Sampi \/ Folhapress<\/sub><\/strong><\/p>\n<input type=\"hidden\" id=\"baseurl\" value=\"https:\/\/noticiasregionais.com.br\"><input type=\"hidden\" id=\"audio_nonce\" value=\"533fbb67b1\">","protected":false},"excerpt":{"rendered":"<p>Al\u00e9m de levantar a localiza\u00e7\u00e3o das resid\u00eancias oficiais dos chefes do Congresso, o PCC enviou integrantes da fac\u00e7\u00e3o para Bras\u00edlia&hellip;<\/p>\n","protected":false},"author":1,"featured_media":1442,"comment_status":"closed","ping_status":"open","sticky":false,"template":"","format":"standard","meta":{"sfsi_plus_gutenberg_text_before_share":"","sfsi_plus_gutenberg_show_text_before_share":"","sfsi_plus_gutenberg_icon_type":"","sfsi_plus_gutenberg_icon_alignemt":"","sfsi_plus_gutenburg_max_per_row":"","footnotes":""},"categories":[8,10,1],"tags":[],"class_list":["post-1441","post","type-post","status-publish","format-standard","has-post-thumbnail","hentry","category-brasil","category-destaques","category-noticias"],"_links":{"self":[{"href":"https:\/\/noticiasregionais.com.br\/index.php?rest_route=\/wp\/v2\/posts\/1441","targetHints":{"allow":["GET"]}}],"collection":[{"href":"https:\/\/noticiasregionais.com.br\/index.php?rest_route=\/wp\/v2\/posts"}],"about":[{"href":"https:\/\/noticiasregionais.com.br\/index.php?rest_route=\/wp\/v2\/types\/post"}],"author":[{"embeddable":true,"href":"https:\/\/noticiasregionais.com.br\/index.php?rest_route=\/wp\/v2\/users\/1"}],"replies":[{"embeddable":true,"href":"https:\/\/noticiasregionais.com.br\/index.php?rest_route=%2Fwp%2Fv2%2Fcomments&post=1441"}],"version-history":[{"count":1,"href":"https:\/\/noticiasregionais.com.br\/index.php?rest_route=\/wp\/v2\/posts\/1441\/revisions"}],"predecessor-version":[{"id":1443,"href":"https:\/\/noticiasregionais.com.br\/index.php?rest_route=\/wp\/v2\/posts\/1441\/revisions\/1443"}],"wp:featuredmedia":[{"embeddable":true,"href":"https:\/\/noticiasregionais.com.br\/index.php?rest_route=\/wp\/v2\/media\/1442"}],"wp:attachment":[{"href":"https:\/\/noticiasregionais.com.br\/index.php?rest_route=%2Fwp%2Fv2%2Fmedia&parent=1441"}],"wp:term":[{"taxonomy":"category","embeddable":true,"href":"https:\/\/noticiasregionais.com.br\/index.php?rest_route=%2Fwp%2Fv2%2Fcategories&post=1441"},{"taxonomy":"post_tag","embeddable":true,"href":"https:\/\/noticiasregionais.com.br\/index.php?rest_route=%2Fwp%2Fv2%2Ftags&post=1441"}],"curies":[{"name":"wp","href":"https:\/\/api.w.org\/{rel}","templated":true}]}}